{"id":290553,"date":"2025-08-02T04:30:22","date_gmt":"2025-08-02T04:30:22","guid":{"rendered":"https:\/\/www.europesays.com\/fr\/290553\/"},"modified":"2025-08-02T04:30:22","modified_gmt":"2025-08-02T04:30:22","slug":"jai-ca-dans-le-sang","status":"publish","type":"post","link":"https:\/\/www.europesays.com\/fr\/290553\/","title":{"rendered":"\u00ab\u00a0J\u2019ai \u00e7a dans le sang\u00a0!\u00a0\u00bb"},"content":{"rendered":"<p>\u00ab\u00a0Il y a du monde \u00e0 la maison\u00a0!\u00a0\u00bb, ironise Fred Mazuir en ouvrant les portes de son antre au Progr\u00e8s , \u00e0 Longchaumois. C\u2019est le moins qu\u2019on puisse dire lorsque l\u2019on p\u00e9n\u00e8tre dans cet atelier d\u2019artiste et que l\u2019on d\u00e9couvre l\u2019impressionnant amoncellement de toiles et \u0153uvres en tous genres qui se dresse dans la pi\u00e8ce.<\/p>\n<p>Et quel personnage\u00a0! Gavroche viss\u00e9 sur la t\u00eate, la m\u00eame pipe au bec depuis des d\u00e9cennies, l\u2019artiste \u00e2g\u00e9 de 81 ans a peint plusieurs milliers de toiles au cours de sa longue carri\u00e8re. Pinceau entre les doigts chaque jour sans faute, le&#8230;<\/p>\n","protected":false},"excerpt":{"rendered":"\u00ab\u00a0Il y a du monde \u00e0 la maison\u00a0!\u00a0\u00bb, ironise Fred Mazuir en ouvrant les portes de son antre&hellip;\n","protected":false},"author":2,"featured_media":290554,"comment_status":"","ping_status":"","sticky":false,"template":"","format":"standard","meta":{"footnotes":""},"categories":[1358],"tags":[1348,1384,1385,1687,1386,58,2274,59,2271,1011,27,1826,42967,8023,2661,4604,273],"class_list":{"0":"post-290553","1":"post","2":"type-post","3":"status-publish","4":"format-standard","5":"has-post-thumbnail","7":"category-arts-et-design","8":"tag-arts","9":"tag-arts-and-design","10":"tag-arts-et-design","11":"tag-culture-loisirs","12":"tag-design","13":"tag-divertissement","14":"tag-edition-jura-sud","15":"tag-entertainment","16":"tag-exposition-arts-plastiques","17":"tag-fr","18":"tag-france","19":"tag-jura","20":"tag-longchaumois","21":"tag-morez-bassin","22":"tag-patrimoine-culturel","23":"tag-selection-abonne","24":"tag-selection-de-la-redaction"},"share_on_mastodon":{"url":"https:\/\/pubeurope.com\/@fr\/114957295515280700","error":""},"_links":{"self":[{"href":"https:\/\/www.europesays.com\/fr\/wp-json\/wp\/v2\/posts\/290553","targetHints":{"allow":["GET"]}}],"collection":[{"href":"https:\/\/www.europesays.com\/fr\/wp-json\/wp\/v2\/posts"}],"about":[{"href":"https:\/\/www.europesays.com\/fr\/wp-json\/wp\/v2\/types\/post"}],"author":[{"embeddable":true,"href":"https:\/\/www.europesays.com\/fr\/wp-json\/wp\/v2\/users\/2"}],"replies":[{"embeddable":true,"href":"https:\/\/www.europesays.com\/fr\/wp-json\/wp\/v2\/comments?post=290553"}],"version-history":[{"count":0,"href":"https:\/\/www.europesays.com\/fr\/wp-json\/wp\/v2\/posts\/290553\/revisions"}],"wp:featuredmedia":[{"embeddable":true,"href":"https:\/\/www.europesays.com\/fr\/wp-json\/wp\/v2\/media\/290554"}],"wp:attachment":[{"href":"https:\/\/www.europesays.com\/fr\/wp-json\/wp\/v2\/media?parent=290553"}],"wp:term":[{"taxonomy":"category","embeddable":true,"href":"https:\/\/www.europesays.com\/fr\/wp-json\/wp\/v2\/categories?post=290553"},{"taxonomy":"post_tag","embeddable":true,"href":"https:\/\/www.europesays.com\/fr\/wp-json\/wp\/v2\/tags?post=290553"}],"curies":[{"name":"wp","href":"https:\/\/api.w.org\/{rel}","templated":true}]}}