{"id":290555,"date":"2025-08-02T04:31:11","date_gmt":"2025-08-02T04:31:11","guid":{"rendered":"https:\/\/www.europesays.com\/fr\/290555\/"},"modified":"2025-08-02T04:31:11","modified_gmt":"2025-08-02T04:31:11","slug":"mirepoix-martine-rouche-en-dedicace-a-la-librairie-des-couverts","status":"publish","type":"post","link":"https:\/\/www.europesays.com\/fr\/290555\/","title":{"rendered":"Mirepoix. Martine Rouche en d\u00e9dicace \u00e0 la librairie des Couverts"},"content":{"rendered":"<p>Martine Rouche sera en d\u00e9dicace le lundi 4 ao\u00fbt de 9 h 30 \u00e0 12 h 30 \u00e0 la librairie des Couverts de Coralie Lourde pour son ouvrage Mirepoix en archives, une passion, v\u00e9ritable mine d\u2019informations et de r\u00e9cits sur Mirepoix.<\/p>\n<p>\u00ab\u00a0Cet ouvrage est le fruit de plus de vingt ans de recherches et d\u2019\u00e9tude des archives, d\u2019abord municipales, \u00e0 l\u2019\u00e9poque o\u00f9 elles \u00e9taient \u00e0 la mairie, puis d\u00e9partementales \u00e0 Foix, et ensuite itin\u00e9rantes en Occitanie, au gr\u00e9 de mes coups de c\u0153ur pour un sujet ou un personnage. Je suis membre du club cartophile, non en tant que collectionneuse mais en tant que collectrice des informations v\u00e9hicul\u00e9es par les cartes postales, parce que je consid\u00e8re les cartes anciennes comme des t\u00e9moignages pr\u00e9cieux du pass\u00e9. Dans ce cadre, j\u2019ai aussi \u00e9t\u00e9 amen\u00e9e \u00e0 faire des conf\u00e9rences, en particulier sur les monuments aux morts, dans le cadre de la comm\u00e9moration de la Grande Guerre.<\/p>\n<p>Le pr\u00e9sident du club cartophile, Alain Laurent, et la tr\u00e9sori\u00e8re, Huguette P\u00e9rilhou, m\u2019ont propos\u00e9 de faire une compilation de mes conf\u00e9rences et de tous les articles que j\u2019avais \u00e9crits dans le bulletin municipal, ajoutant qu\u2019ils se chargeraient de l\u2019\u00e9dition. Cela aurait pu \u00eatre simple, mais mes connaissances \u00e9voluent et j\u2019avais besoin de tout revoir, de tout restructurer. J\u2019avais des articles plus longs que je n\u2019avais pas eu l\u2019occasion de publier, des \u00e9tudes d\u2019histoire de l\u2019art\u2026 J\u2019ai travaill\u00e9 pendant plus d\u2019un an sur ce projet avec beaucoup de plaisir. J\u2019ai trouv\u00e9 exaltant d\u2019avoir cette opportunit\u00e9 de publier toutes mes recherches. Pour la couverture, j\u2019ai eu le grand plaisir de pouvoir utiliser un tableau inconnu de Fran\u00e7ois Brustier (1884-1914), peintre mirapicien de talent.<\/p>\n<p>Dans la table des mati\u00e8res, on d\u00e9couvre : histoire et architecture du patrimoine, des femmes inspirantes et des personnalit\u00e9s historiques, musique \u00e0 Mirepoix, le parcours singulier de Rodolphe Arriv\u00e9, quelques \u00e9v\u00e9nements de la vraie vie au fil du temps (trois \u00e9pid\u00e9mies, un guet-apens, le pain de l\u2019h\u00f4pital redistribu\u00e9 aux indigents, des cahiers de comptes de la vie quotidienne d\u2019une religieuse\u2026) et, pour finir, tout un chapitre d\u00e9di\u00e9 \u00e0 l\u2019art. Chaque article que j\u2019ai \u00e9crit correspond \u00e0 un coup de c\u0153ur pour un sujet, un besoin d\u2019en savoir plus sur les traces du pass\u00e9 \u00e0 Mirepoix.<\/p>\n<p>Cet ouvrage fait quatre cent cinquante pages, mais il ne doit pas intimider ou d\u00e9courager les lecteurs. On peut le lire du d\u00e9but \u00e0 la fin, bien s\u00fbr, mais on peut aussi y entrer par th\u00e8me, par sujet, par \u00e9poque\u2026 C\u2019est un guide descriptif de la cit\u00e9 !<\/p>\n<p>Mon souhait serait d\u2019inciter les personnes qui liront ce livre \u00e0 s\u2019approprier le patrimoine local apr\u00e8s en avoir lu la description, \u00e0 faire na\u00eetre la curiosit\u00e9 de ce patrimoine devant lequel on passe chaque jour sans s\u2019arr\u00eater.<\/p>\n","protected":false},"excerpt":{"rendered":"Martine Rouche sera en d\u00e9dicace le lundi 4 ao\u00fbt de 9 h 30 \u00e0 12 h 30 \u00e0&hellip;\n","protected":false},"author":2,"featured_media":290556,"comment_status":"","ping_status":"","sticky":false,"template":"","format":"standard","meta":{"footnotes":""},"categories":[1357],"tags":[1379,58,59,1011,27,1380],"class_list":{"0":"post-290555","1":"post","2":"type-post","3":"status-publish","4":"format-standard","5":"has-post-thumbnail","7":"category-livres","8":"tag-books","9":"tag-divertissement","10":"tag-entertainment","11":"tag-fr","12":"tag-france","13":"tag-livres"},"share_on_mastodon":{"url":"https:\/\/pubeurope.com\/@fr\/114957299497090648","error":""},"_links":{"self":[{"href":"https:\/\/www.europesays.com\/fr\/wp-json\/wp\/v2\/posts\/290555","targetHints":{"allow":["GET"]}}],"collection":[{"href":"https:\/\/www.europesays.com\/fr\/wp-json\/wp\/v2\/posts"}],"about":[{"href":"https:\/\/www.europesays.com\/fr\/wp-json\/wp\/v2\/types\/post"}],"author":[{"embeddable":true,"href":"https:\/\/www.europesays.com\/fr\/wp-json\/wp\/v2\/users\/2"}],"replies":[{"embeddable":true,"href":"https:\/\/www.europesays.com\/fr\/wp-json\/wp\/v2\/comments?post=290555"}],"version-history":[{"count":0,"href":"https:\/\/www.europesays.com\/fr\/wp-json\/wp\/v2\/posts\/290555\/revisions"}],"wp:featuredmedia":[{"embeddable":true,"href":"https:\/\/www.europesays.com\/fr\/wp-json\/wp\/v2\/media\/290556"}],"wp:attachment":[{"href":"https:\/\/www.europesays.com\/fr\/wp-json\/wp\/v2\/media?parent=290555"}],"wp:term":[{"taxonomy":"category","embeddable":true,"href":"https:\/\/www.europesays.com\/fr\/wp-json\/wp\/v2\/categories?post=290555"},{"taxonomy":"post_tag","embeddable":true,"href":"https:\/\/www.europesays.com\/fr\/wp-json\/wp\/v2\/tags?post=290555"}],"curies":[{"name":"wp","href":"https:\/\/api.w.org\/{rel}","templated":true}]}}