{"id":29056,"date":"2025-04-16T10:49:21","date_gmt":"2025-04-16T10:49:21","guid":{"rendered":"https:\/\/www.europesays.com\/fr\/29056\/"},"modified":"2025-04-16T10:49:21","modified_gmt":"2025-04-16T10:49:21","slug":"reportez-ou-adaptez-vos-deplacements-des-perturbations-attendues-sur-le-peripherique","status":"publish","type":"post","link":"https:\/\/www.europesays.com\/fr\/29056\/","title":{"rendered":"\u00ab\u00a0Reportez ou adaptez vos d\u00e9placements\u00a0\u00bb\u00a0: des perturbations attendues sur le p\u00e9riph\u00e9rique"},"content":{"rendered":"<p>Quelle p\u00e9riode\u00a0?<\/p>\n<p>\u00a0Des perturbations importantes sont attendues sur la RN165 et le p\u00e9riph\u00e9rique nantais\u00a0, pr\u00e9vient<a href=\"https:\/\/www.dir.ouest.developpement-durable.gouv.fr\/rn-165-sautron-un-chantier-de-renovation-de-a1832.html\" target=\"_blank\" rel=\"nofollow noopener\"> la Direction interd\u00e9partementale des routes Ouest (DirOuest) dans un communiqu\u00e9.<\/a> D\u2019importants travaux de r\u00e9novation de la chauss\u00e9e sur la RN165, \u00e0 hauteur de Sautron, seront men\u00e9s du lundi 12\u00a0mai au vendredi 27\u00a0juin 2025. \u00a0Ce chantier n\u00e9cessaire pour am\u00e9liorer la s\u00e9curit\u00e9 et le confort de conduite des usagers, n\u00e9cessitera des fermetures de la RN165, dans chaque sens de circulation\u00a0.<\/p>\n<p>Afin de s\u00e9curiser l\u2019intervention et de limiter la g\u00eane pour les usagers, les travaux se d\u00e9rouleront en deux phases distinctes, \u00a0avec des fermetures continues (24 h\/24, week-ends compris) et la mise en place de d\u00e9viations sp\u00e9cifiques \u00e0 chaque sens de circulation\u00a0.<\/p>\n<p>Quels travaux\u00a0?<\/p>\n<p>Les travaux consistent \u00e0 \u00a0renouveler l\u2019ensemble de la chauss\u00e9e (rabotage, nouvelle couche de roulement), \u00e0 renforcer les dispositifs de retenue, \u00e0 mettre en place une glissi\u00e8re b\u00e9ton sur l\u2019ouvrage de la route de Brimberne, \u00e0 poser des enrob\u00e9s \u00e0 haute performance acoustique pour limiter les nuisances sonores pour les riverains, et \u00e0 refaire le marquage au sol\u00a0, d\u00e9taille la DirOuest.<\/p>\n<p><a href=\"https:\/\/saint-nazaire.maville.com\/actu\/actudet_-des-travaux-vont-entrainer-la-fermeture-d-un-giratoire-au-nord-de-la-loire-atlantique-_8-6764464_actu.Htm\" target=\"_blank\" rel=\"nofollow noopener\"> <strong>?LIRE AUSSI. Des travaux vont entra\u00eener la fermeture d\u2019un giratoire au nord de la Loire-Atlantique<\/strong> <\/a><\/p>\n<p>Quelles incidences pour les usagers\u00a0?<\/p>\n<p>Afin de r\u00e9aliser ces travaux en toute s\u00e9curit\u00e9, le chantier se d\u00e9roulera en deux p\u00e9riodes, avec des fermetures 24 h\/24 et week-ends compris.<\/p>\n<p><strong>-Du 12 au 28\u00a0mai<\/strong>\u00a0: fermeture de la RN165\u00a0dans le sens Vannes-Nantes\u00a0; fermeture de la bretelle de sortie \u00e0 l\u2019\u00e9changeur de l\u2019Esp\u00e9rance.<\/p>\n<p>\u00a0Des ralentissements sont attendus sur la RN165\u00a0pendant cette p\u00e9riode et des d\u00e9viations seront mises en place. Lev\u00e9e des mesures pendant le week-end de l\u2019Ascension\u00a0: du jeudi 29\u00a0mai au dimanche 1er\u00a0juin inclus\u00a0.<\/p>\n<p><strong>-Du 2 au 27\u00a0juin<\/strong>\u00a0: fermeture de la RN165\u00a0dans le sens Nantes-Vannes\u00a0; fermeture de la bretelle d\u2019entr\u00e9e \u00e0 l\u2019\u00e9changeur de l\u2019Esp\u00e9rance.<\/p>\n<p>\u00a0Cette seconde p\u00e9riode sera particuli\u00e8rement contraignante, avec des remont\u00e9es de bouchons tr\u00e8s importantes le p\u00e9riph\u00e9rique ouest de Nantes, en particulier aux heures de pointe. Des d\u00e9viations seront mises en place\u00a0.<\/p>\n<p>Les restrictions resteront en place pendant le week-end de la Pentec\u00f4te. La DirOuest recommande vivement aux automobilistes \u00a0de reporter ou d\u2019adapter leurs d\u00e9placements durant cette p\u00e9riode si cela est possible\u00a0.<\/p>\n<p><a href=\"https:\/\/nantes.maville.com\/actu\/actudet_-urbanisme-nantes-metropole-dit-bye-bye-a-l-autopont-de-reze-et-au-tout-voiture...-sans-regrets-_8-6756602_actu.Htm\" target=\"_blank\" rel=\"nofollow noopener\"> <strong>?LIRE AUSSI. Urbanisme\u00a0: Nantes M\u00e9tropole dit \u00ab\u00a0bye-bye\u00a0\u00bb \u00e0 l\u2019autopont de Rez\u00e9 et au tout-voiture\u2026 sans regrets<\/strong> <\/a><\/p>\n<p>Appel \u00e0 la prudence<\/p>\n<p>\u00a0Les travaux sont toujours organis\u00e9s de fa\u00e7on \u00e0 pr\u00e9server la s\u00e9curit\u00e9 de nos agents comme des usagers et de limiter la g\u00eane occasionn\u00e9e. Merci de respecter la signalisation ainsi que les distances et vitesses de s\u00e9curit\u00e9. La plus grande prudence est recommand\u00e9e\u00a0!\u00a0, rappelle la DirOuest.<\/p>\n<p>\u00a0<\/p>\n","protected":false},"excerpt":{"rendered":"Quelle p\u00e9riode\u00a0? \u00a0Des perturbations importantes sont attendues sur la RN165 et le p\u00e9riph\u00e9rique nantais\u00a0, pr\u00e9vient la Direction interd\u00e9partementale&hellip;\n","protected":false},"author":2,"featured_media":29057,"comment_status":"","ping_status":"","sticky":false,"template":"","format":"standard","meta":{"footnotes":""},"categories":[2818],"tags":[1111,11,10178,10180,10179,1777,674,1011,27,4715,766,12,2636,4013,7854,10177,25],"class_list":{"0":"post-29056","1":"post","2":"type-post","3":"status-publish","4":"format-standard","5":"has-post-thumbnail","7":"category-nantes","8":"tag-actu","9":"tag-actualites","10":"tag-adaptez","11":"tag-attendues","12":"tag-deplacements","13":"tag-eu","14":"tag-europe","15":"tag-fr","16":"tag-france","17":"tag-nantais","18":"tag-nantes","19":"tag-news","20":"tag-pays-de-la-loire","21":"tag-peripherique","22":"tag-perturbations","23":"tag-reportez","24":"tag-republique-francaise"},"share_on_mastodon":{"url":"https:\/\/pubeurope.com\/@fr\/114347256358224816","error":""},"_links":{"self":[{"href":"https:\/\/www.europesays.com\/fr\/wp-json\/wp\/v2\/posts\/29056","targetHints":{"allow":["GET"]}}],"collection":[{"href":"https:\/\/www.europesays.com\/fr\/wp-json\/wp\/v2\/posts"}],"about":[{"href":"https:\/\/www.europesays.com\/fr\/wp-json\/wp\/v2\/types\/post"}],"author":[{"embeddable":true,"href":"https:\/\/www.europesays.com\/fr\/wp-json\/wp\/v2\/users\/2"}],"replies":[{"embeddable":true,"href":"https:\/\/www.europesays.com\/fr\/wp-json\/wp\/v2\/comments?post=29056"}],"version-history":[{"count":0,"href":"https:\/\/www.europesays.com\/fr\/wp-json\/wp\/v2\/posts\/29056\/revisions"}],"wp:featuredmedia":[{"embeddable":true,"href":"https:\/\/www.europesays.com\/fr\/wp-json\/wp\/v2\/media\/29057"}],"wp:attachment":[{"href":"https:\/\/www.europesays.com\/fr\/wp-json\/wp\/v2\/media?parent=29056"}],"wp:term":[{"taxonomy":"category","embeddable":true,"href":"https:\/\/www.europesays.com\/fr\/wp-json\/wp\/v2\/categories?post=29056"},{"taxonomy":"post_tag","embeddable":true,"href":"https:\/\/www.europesays.com\/fr\/wp-json\/wp\/v2\/tags?post=29056"}],"curies":[{"name":"wp","href":"https:\/\/api.w.org\/{rel}","templated":true}]}}