{"id":290563,"date":"2025-08-02T04:35:12","date_gmt":"2025-08-02T04:35:12","guid":{"rendered":"https:\/\/www.europesays.com\/fr\/290563\/"},"modified":"2025-08-02T04:35:12","modified_gmt":"2025-08-02T04:35:12","slug":"un-premier-cas-a-ete-identifie-dans-le-var-quest-ce-que-le-virus-west-nile","status":"publish","type":"post","link":"https:\/\/www.europesays.com\/fr\/290563\/","title":{"rendered":"Un premier cas a \u00e9t\u00e9 identifi\u00e9 dans le Var, qu&rsquo;est-ce que le virus \u00ab\u00a0West Nile\u00a0\u00bb?"},"content":{"rendered":"<p>Le premier cas\u00a0autochtone du virus \u00ab\u00a0West Nile\u00a0\u00bb, virus du Nil occidental, a \u00e9t\u00e9 identifi\u00e9 <a href=\"https:\/\/www.nicematin.com\/sante\/un-cas-du-virus-west-nile-a-ete-identifie-dans-le-var-il-s-agit-du-premier-cas-autochtone-en-2025-996272\" rel=\"nofollow noopener\" target=\"_blank\">\u00e0 Hy\u00e8res dans le Var<\/a> \u00e0 la mi-juillet.<\/p>\n<p>D&rsquo;apr\u00e8s l&rsquo;institut Pasteur, le virus est d\u00e9sormais end\u00e9mique dans le pourtour m\u00e9diterran\u00e9en.\u00a0<\/p>\n<p>Ce\u00a0virus\u00a0est <strong>transport\u00e9 par les oiseaux migrateurs et transmis aux humains par les moustiques<\/strong> du genre \u00ab\u00a0Culex\u00a0\u00bb, une esp\u00e8ce distincte du moustique tigre.<\/p>\n<p>La maladie peut \u00eatre transmise \u00e0 l\u2019homme et aux herbivores domestiques comme le cheval.<\/p>\n<p>80% des cas\u00a0asymptomatiques<\/p>\n<p>Plus rarement, le virus peut \u00eatre transmis par les produits d\u2019origine humaine, lors de transfusion sanguine ou transplantation d\u2019organe, de tissus ou de cellules. Des cas de transmission de la m\u00e8re \u00e0 l\u2019enfant durant la grossesse, l\u2019accouchement et l\u2019allaitement ont \u00e9galement \u00e9t\u00e9 d\u00e9crits.<\/p>\n<p>Si <strong>la majorit\u00e9 des cas sont asymptomatiques<\/strong>, 20% des personnes infect\u00e9es pr\u00e9sentent un syndrome pseudo-grippal.<\/p>\n<p>Des complications neurologiques surviennent dans moins de 1% des cas, notamment chez des personnes immunod\u00e9prim\u00e9es ou \u00e2g\u00e9es, et peuvent m\u00eame conduire au d\u00e9c\u00e8s.<\/p>\n<p>D\u00e9tect\u00e9 d\u00e8s les ann\u00e9es 1962-1963<\/p>\n<p>En France m\u00e9tropolitaine, d\u00e9tect\u00e9 d\u00e8s les ann\u00e9es 1962-1963 en Camargue, le virus a \u00e9t\u00e9 retrouv\u00e9 de nouveau en 2000 chez des chevaux.<\/p>\n<p>En 2003, 7 cas humains ont \u00e9t\u00e9 diagnostiqu\u00e9s dans le d\u00e9partement du Var et en 2006, 5 cas \u00e9quins ont \u00e9t\u00e9 d\u00e9tect\u00e9s dans les Pyr\u00e9n\u00e9es Orientales.<\/p>\n<p>L\u2019analyse de ces cas group\u00e9s humains et \u00e9quins ainsi que les donn\u00e9es internationales ont conduit \u00e0 proposer en 2004 une adaptation des mesures de surveillance et de protection jusqu\u2019alors en place.<\/p>\n<p>En 2018, 25 cas d\u2019infection humaine autochtone au virus ont \u00e9t\u00e9 identifi\u00e9s.<\/p>\n","protected":false},"excerpt":{"rendered":"Le premier cas\u00a0autochtone du virus \u00ab\u00a0West Nile\u00a0\u00bb, virus du Nil occidental, a \u00e9t\u00e9 identifi\u00e9 \u00e0 Hy\u00e8res dans le&hellip;\n","protected":false},"author":2,"featured_media":290564,"comment_status":"","ping_status":"","sticky":false,"template":"","format":"standard","meta":{"footnotes":""},"categories":[10],"tags":[1011,27,72,71],"class_list":{"0":"post-290563","1":"post","2":"type-post","3":"status-publish","4":"format-standard","5":"has-post-thumbnail","7":"category-sante","8":"tag-fr","9":"tag-france","10":"tag-health","11":"tag-sante"},"share_on_mastodon":{"url":"https:\/\/pubeurope.com\/@fr\/114957315212816837","error":""},"_links":{"self":[{"href":"https:\/\/www.europesays.com\/fr\/wp-json\/wp\/v2\/posts\/290563","targetHints":{"allow":["GET"]}}],"collection":[{"href":"https:\/\/www.europesays.com\/fr\/wp-json\/wp\/v2\/posts"}],"about":[{"href":"https:\/\/www.europesays.com\/fr\/wp-json\/wp\/v2\/types\/post"}],"author":[{"embeddable":true,"href":"https:\/\/www.europesays.com\/fr\/wp-json\/wp\/v2\/users\/2"}],"replies":[{"embeddable":true,"href":"https:\/\/www.europesays.com\/fr\/wp-json\/wp\/v2\/comments?post=290563"}],"version-history":[{"count":0,"href":"https:\/\/www.europesays.com\/fr\/wp-json\/wp\/v2\/posts\/290563\/revisions"}],"wp:featuredmedia":[{"embeddable":true,"href":"https:\/\/www.europesays.com\/fr\/wp-json\/wp\/v2\/media\/290564"}],"wp:attachment":[{"href":"https:\/\/www.europesays.com\/fr\/wp-json\/wp\/v2\/media?parent=290563"}],"wp:term":[{"taxonomy":"category","embeddable":true,"href":"https:\/\/www.europesays.com\/fr\/wp-json\/wp\/v2\/categories?post=290563"},{"taxonomy":"post_tag","embeddable":true,"href":"https:\/\/www.europesays.com\/fr\/wp-json\/wp\/v2\/tags?post=290563"}],"curies":[{"name":"wp","href":"https:\/\/api.w.org\/{rel}","templated":true}]}}