{"id":290565,"date":"2025-08-02T04:36:21","date_gmt":"2025-08-02T04:36:21","guid":{"rendered":"https:\/\/www.europesays.com\/fr\/290565\/"},"modified":"2025-08-02T04:36:21","modified_gmt":"2025-08-02T04:36:21","slug":"leon-marchand-ce-champion-que-la-curiosite-pousse-sans-cesse-a-progresser","status":"publish","type":"post","link":"https:\/\/www.europesays.com\/fr\/290565\/","title":{"rendered":"L\u00e9on Marchand, ce champion que la curiosit\u00e9 pousse sans cesse \u00e0 progresser"},"content":{"rendered":"<p><strong>D\u00c9CRYPTAGE<\/strong> &#8211; Apr\u00e8s son quadrupl\u00e9 en or des Jeux de Paris, le Fran\u00e7ais aurait pu sereinement se reposer ses acquis. Mais ce n\u2019est pas le genre de la maison pour un nageur qui repousse sans cesse ses limites.<\/p>\n<p class=\"fig-paragraph\">Apr\u00e8s avoir \u00ab\u00a0massacr\u00e9\u00a0\u00bb, pour reprendre les termes du DTN de la F\u00e9d\u00e9ration fran\u00e7aise de natation (FFN) Denis Auguin, le record du monde du 200\u00a0m 4\u00a0nages,\u00a0<a href=\"http:\/\/www.lefigaro.fr\/sports\/autres-sports\/mondiaux-de-natation-je-n-ai-pas-ete-tres-intelligent-s-en-veut-leon-marchand-6e-avec-le-relais-4x200m-20250801\" target=\"_blank\" data-fig-type=\"NewsFlash\" rel=\"noopener\" data-gtm-custom-categorie=\"navigation\" data-gtm-custom-action=\"crossclick\" data-gtm-custom-label=\"Contextuel\" data-gtm-event=\"customEventSPE\" data-fig-domain=\"LEFIGARO\">L\u00e9on Marchand<\/a>\u00a0en fera-t-il de m\u00eame dimanche avec celui du 400\u00a0m 4\u00a0nages\u00a0? \u00c0 ce d\u00e9tail pr\u00e8s que ce n\u2019est pas l\u2019Am\u00e9ricain Ryan Lochte qu\u2019il effacerait des tablettes mais\u2026 lui-m\u00eame, depuis son fabuleux exploit en ouverture des Championnats du monde de Fukuoka o\u00f9 il avait coll\u00e9 plus d\u2019une seconde et trois dixi\u00e8mes au chrono de r\u00e9f\u00e9rence alors r\u00e9alis\u00e9 par\u00a0<a href=\"http:\/\/madame.lefigaro.fr\/celebrites\/actu-people\/une-famille-tres-americaine-michael-phelps-sa-femme-et-leur-bebe-nico-en-tribunes-des-jo-20240808\" target=\"_blank\" data-fig-type=\"Article\" rel=\"noopener\" data-gtm-custom-categorie=\"navigation\" data-gtm-custom-action=\"crossclick\" data-gtm-custom-label=\"Contextuel\" data-gtm-event=\"customEventSPE\" data-fig-domain=\"MADAME\">Michael Phelps<\/a>\u00a0(4\u20192\u2019\u201950, contre 4\u20193\u2019\u201984 \u00e0 la l\u00e9gende am\u00e9ricaine). Un sc\u00e9nario furieusement identique \u00e0 celui de Singapour. D\u2019o\u00f9 cette question, \u00e9nonc\u00e9e en pr\u00e9ambule, que tout le monde se pose depuis mercredi dernier et l\u2019exploit du Fran\u00e7ais de 23\u00a0ans\u2026<\/p>\n<p class=\"fig-paragraph\">Une r\u00e9ponse par la n\u00e9gative semble devoir s\u2019imposer pour plusieurs raisons. D\u2019abord, contrairement au 200\u00a0m 4\u00a0nages o\u00f9 il avait clairement annonc\u00e9 la couleur lors de la conf\u00e9rence de presse qui avait pr\u00e9c\u00e9d\u00e9 l\u2019ouverture de ces\u00a0<a href=\"http:\/\/www.lefigaro.fr\/flash-actu\/mondiaux-de-natation-revivez-la-remise-de-medaille-de-yohann-ndoye-brouard-comme-si-vous-y-etiez-20250801\" target=\"_blank\" data-fig-type=\"NewsFlash\" rel=\"noopener\" data-gtm-custom-categorie=\"navigation\" data-gtm-custom-action=\"crossclick\" data-gtm-custom-label=\"Contextuel\" data-gtm-event=\"customEventSPE\" data-fig-domain=\"LEFIGARO\">Mondiaux<\/a>\u2026<\/p>\n<p class=\"fig-premium-paywall__infos\">\n        Cet article est r\u00e9serv\u00e9 aux abonn\u00e9s.        Il vous reste 82% \u00e0 d\u00e9couvrir.\n    <\/p>\n<p>                <img  data- alt=\"Le Figaro\" class=\"fig-img--complete fig-img\"\/><\/p>\n<p class=\"fig-premium-paywall__title\">Vous avez envie de lire la suite ?<\/p>\n<p class=\"fig-premium-paywall__subtitle\">D\u00e9bloquez tous les articles imm\u00e9diatement.<\/p>\n<p class=\"fig-premium-paywall__connect\">\n                D\u00e9j\u00e0 abonn\u00e9\u00a0?                <a class=\"fig-premium-paywall__connect-link\" href=\"https:\/\/connect.lefigaro.fr\/login?client=horizon_web&amp;type=main&amp;redirect_uri=https%3A%2F%2Fwww.lefigaro.fr%2Fsports%2Fautres-sports%2Fmondiaux-de-natation-leon-marchand-ce-champion-que-la-curiosite-pousse-a-progresser-20250801\" data-js-gtm=\"{&quot;customCategorie&quot;: &quot;conversion&quot;, &quot;customAction&quot;: &quot;before_Landing_Connexion_paywall_auto&quot;, &quot;customLabel&quot;: &quot;bGVmaWdhcm8uZnJfXzFmMDZlZjNmLWMxNGQtNjcxOC1iZTYwLWRiZTBmNDM0NjRjZF9fQXJ0aWNsZQ==_Mondiaux de natation\u00a0: L\u00e9on Marchand, ce champion que la curiosit\u00e9 pousse sans cesse \u00e0 progresser_236&quot;, &quot;customIDSPE&quot;: &quot;bGVmaWdhcm8uZnJfXzFmMDZlZjNmLWMxNGQtNjcxOC1iZTYwLWRiZTBmNDM0NjRjZF9fQXJ0aWNsZQ==&quot;, &quot;event&quot;: &quot;customEventSPE&quot;}\" target=\"_blank\" rel=\"noopener\"><br \/>\n                    Connectez-vous<br \/>\n                <\/a>\n            <\/p>\n","protected":false},"excerpt":{"rendered":"D\u00c9CRYPTAGE &#8211; Apr\u00e8s son quadrupl\u00e9 en or des Jeux de Paris, le Fran\u00e7ais aurait pu sereinement se reposer&hellip;\n","protected":false},"author":2,"featured_media":290566,"comment_status":"","ping_status":"","sticky":false,"template":"","format":"standard","meta":{"footnotes":""},"categories":[9],"tags":[1011,27,13283,5216,3512,60],"class_list":{"0":"post-290565","1":"post","2":"type-post","3":"status-publish","4":"format-standard","5":"has-post-thumbnail","7":"category-sports","8":"tag-fr","9":"tag-france","10":"tag-leon-marchand","11":"tag-natation","12":"tag-singapour","13":"tag-sports"},"share_on_mastodon":{"url":"https:\/\/pubeurope.com\/@fr\/114957319412348057","error":""},"_links":{"self":[{"href":"https:\/\/www.europesays.com\/fr\/wp-json\/wp\/v2\/posts\/290565","targetHints":{"allow":["GET"]}}],"collection":[{"href":"https:\/\/www.europesays.com\/fr\/wp-json\/wp\/v2\/posts"}],"about":[{"href":"https:\/\/www.europesays.com\/fr\/wp-json\/wp\/v2\/types\/post"}],"author":[{"embeddable":true,"href":"https:\/\/www.europesays.com\/fr\/wp-json\/wp\/v2\/users\/2"}],"replies":[{"embeddable":true,"href":"https:\/\/www.europesays.com\/fr\/wp-json\/wp\/v2\/comments?post=290565"}],"version-history":[{"count":0,"href":"https:\/\/www.europesays.com\/fr\/wp-json\/wp\/v2\/posts\/290565\/revisions"}],"wp:featuredmedia":[{"embeddable":true,"href":"https:\/\/www.europesays.com\/fr\/wp-json\/wp\/v2\/media\/290566"}],"wp:attachment":[{"href":"https:\/\/www.europesays.com\/fr\/wp-json\/wp\/v2\/media?parent=290565"}],"wp:term":[{"taxonomy":"category","embeddable":true,"href":"https:\/\/www.europesays.com\/fr\/wp-json\/wp\/v2\/categories?post=290565"},{"taxonomy":"post_tag","embeddable":true,"href":"https:\/\/www.europesays.com\/fr\/wp-json\/wp\/v2\/tags?post=290565"}],"curies":[{"name":"wp","href":"https:\/\/api.w.org\/{rel}","templated":true}]}}