{"id":290567,"date":"2025-08-02T04:37:16","date_gmt":"2025-08-02T04:37:16","guid":{"rendered":"https:\/\/www.europesays.com\/fr\/290567\/"},"modified":"2025-08-02T04:37:16","modified_gmt":"2025-08-02T04:37:16","slug":"letizia-despagne-en-balade-avec-ses-filles-leonor-et-sofia-cest-chacune-son-look-et-ca-fait-mouche-photos","status":"publish","type":"post","link":"https:\/\/www.europesays.com\/fr\/290567\/","title":{"rendered":"Letizia d&rsquo;Espagne : en balade avec ses filles Leonor et Sofia, c&rsquo;est chacune son look et \u00e7a fait mouche (Photos)"},"content":{"rendered":"<p>Alors que Kate et William ont profit\u00e9 de vacances en Gr\u00e8ce,<br \/>\nc\u2019est maintenant au tour de la reine Letizia d\u2019Espagne, <a class=\"qbe-widget\" href=\"https:\/\/www.closermag.fr\/royautes\/leonor-et-sofia-despagne-les-deux-soeurs-ont-perdu-leur-bataille-contre-la-princesse-charlotte-3567288\" target=\"_blank\" rel=\"noopener noreferrer nofollow\">de la princesse Leonor et<br \/>\nde l&rsquo;infante Sofia<\/a> de s\u2019accorder quelques jours de repos. Une<br \/>\npause estivale bien m\u00e9rit\u00e9e, d\u2019autant plus que l\u2019actualit\u00e9 a \u00e9t\u00e9<br \/>\ncharg\u00e9e pour la reine et son \u00e9poux, le roi Felipe VI.<\/p>\n<p>M\u00e8re et filles ont ainsi \u00e9t\u00e9 vues se baladant sur l\u2019\u00eele de<br \/>\nMajorque, dans les Bal\u00e9ares. Et comme toujours, elles ont affich\u00e9<br \/>\n<a class=\"qbe-widget\" href=\"https:\/\/www.closermag.fr\/royautes\/letizia-despagne-ressort-sa-robe-taille-de-guepe-on-ne-lavait-vue-quune-seule-fois-avec-3563238\" target=\"_blank\" rel=\"noopener noreferrer nofollow\">un look tr\u00e8s<br \/>\nsoign\u00e9.<\/a><\/p>\n<p>Letizia d&rsquo;Espagne chic m\u00eame en vacances<\/p>\n<p>La famille royale d\u2019Espagne a l\u2019habitude de se rendre dans les<br \/>\nBal\u00e9ares, lorsque les beaux jours arrivent. En effet, les<br \/>\nsouverains espagnols poss\u00e8dent une demeure sur l\u2019\u00eele, le palais de<br \/>\nMarivent. Le 31 juillet, elles se sont c\u00f4toy\u00e9es lors d&rsquo;une sortie<br \/>\nau cin\u00e9ma Rivoli, pour aller voir le documentaire En un lugar de la<br \/>\nmente, r\u00e9alis\u00e9 par Pep Bonet. Et pas question de faire l\u2019impasse<br \/>\nsur leur look. M\u00eame en vacances, elles ont fait attention \u00e0 leur<br \/>\napparence et surtout, elles affichaient un grand sourire.<\/p>\n<p>Ce jour-l\u00e0, Letizia d\u2019Espagne portait une\u00a0<strong>robe<br \/>\nblanche \u00e0 pois noirs<\/strong> au style graphique et original. La<br \/>\ncoupe \u00e9tait l\u00e9g\u00e8rement \u00e9vas\u00e9e avec un volant en bas, ce qui donnait<br \/>\ndu mouvement \u00e0 la tenue. Elle l\u2019a accessoiris\u00e9e avec un <strong>sac<br \/>\ncabas noir<\/strong> et des <strong>sandales plates<br \/>\nnoires<\/strong>,\u00a0 cr\u00e9ant un look estival chic et confortable.<br \/>\nSes cheveux liss\u00e9s et naturels compl\u00e8tent parfaitement cette allure<br \/>\nd\u00e9contract\u00e9e mais sophistiqu\u00e9e.<\/p>\n<p>Sofia et L\u00e9onor en robe estivale<\/p>\n<p>De leur c\u00f4t\u00e9, les filles \u00e9taient tout aussi \u00e9l\u00e9gantes que leur<br \/>\nm\u00e8re. <a class=\"qbe-widget\" href=\"https:\/\/www.closermag.fr\/royautes\/sofia-despagne-a-18-ans-ce-que-ses-parents-ont-voulu-pour-sa-soeur-leonor-mais-quils-ne-lui-souhaitent-pas-3540758\" target=\"_blank\" rel=\"noopener noreferrer nofollow\">Sofia, qui vient d\u2019avoir<br \/>\n18 ans,<\/a>avait une <strong>robe longue noire sans<br \/>\nmanches<\/strong>, fluide, avec des d\u00e9coupes ajour\u00e9es en bas,<br \/>\napportant ainsi une touche de l\u00e9g\u00e8ret\u00e9. La <a class=\"qbe-widget\" href=\"https:\/\/www.closermag.fr\/royautes\/letizia-despagne-sa-fille-sofia-sexpatrie-a-paris-pour-ses-etudes-et-elle-a-opte-pour-une-ecole-tres-speciale-3565638\" target=\"_blank\" rel=\"noopener noreferrer nofollow\">future \u00e9tudiante<br \/>\nparisienne<\/a> a choisi des <strong>sandales noires fines<\/strong>,<br \/>\nqui allongeaient sa silhouette. C\u00f4t\u00e9 coiffure, elle a laiss\u00e9 ses<br \/>\ncheveux l\u00e2ch\u00e9s. C\u2019\u00e9tait donc un look simple et \u00e9l\u00e9gant, id\u00e9al pour<br \/>\nune soir\u00e9e d\u2019\u00e9t\u00e9.<\/p>\n<p>Enfin, <a class=\"qbe-widget\" href=\"https:\/\/www.closermag.fr\/royautes\/letizia-despagne-sa-fille-leonor-decoree-pour-loccasion-elle-choisit-une-robe-sevillane-deja-en-rupture-de-stock-3567192\" target=\"_blank\" rel=\"noopener noreferrer nofollow\">sa s\u0153ur Leonor<\/a> a opt\u00e9<br \/>\npour un style plut\u00f4t boh\u00e8me. Pour cette sortie en famille, elle a<br \/>\nmis un <strong>top blanc crochet\u00e9 sans manches<\/strong>, associ\u00e9 \u00e0<br \/>\nun <strong>pantalon large vert kaki fluide<\/strong>. En<br \/>\naccessoires, la fille de Felipe VI a opt\u00e9 pour un <strong>sac<br \/>\nbandouli\u00e8re rond en paille et cuir marron<\/strong>, parfait pour<br \/>\nl\u2019\u00e9t\u00e9, ainsi que des <strong>sandales plates beiges<\/strong>. Elle<br \/>\na \u00e9galement laiss\u00e9 ses cheveux longs et ondul\u00e9s tomber sur ses<br \/>\n\u00e9paules.<\/p>\n<p>Diaporama<br \/>\n<img decoding=\"async\" class=\"diapo_img img-responsive lazy-load\" loading=\"lazy\" src=\"https:\/\/www.europesays.com\/fr\/wp-content\/uploads\/2025\/08\/bestimage_00717404_000001.jpg\"\/><\/p>\n<p>Bestimage<\/p>\n<p>1\/6 La reine Letizia d&rsquo;Espagne et ses filles<br \/>\nla princesse Leonor et l&rsquo;infante Sofia sont all\u00e9es au cin\u00e9ma \u00e0<br \/>\nPalma de Majorque<\/p>\n<p>Letizia d&rsquo;Espagne et ses filles dans les<br \/>\nrues de Majorque<\/p>\n<p><img decoding=\"async\" class=\"diapo_img img-responsive lazy-load\" loading=\"lazy\" src=\"https:\/\/www.europesays.com\/fr\/wp-content\/uploads\/2025\/08\/bestimage_00717404_000002.jpg\"\/><\/p>\n<p>Bestimage Ra\u00fal Terrel \/ Europa<br \/>\nPress<\/p>\n<p>2\/6 La reine Letizia d&rsquo;Espagne et ses filles<br \/>\nla princesse Leonor et l&rsquo;infante Sofia sont all\u00e9es au cin\u00e9ma \u00e0<br \/>\nPalma de Majorque<\/p>\n<p>Elled avaient des tenues parfaites pour l&rsquo;\u00e9t\u00e9<\/p>\n<p><img decoding=\"async\" class=\"diapo_img img-responsive lazy-load\" loading=\"lazy\" src=\"https:\/\/www.europesays.com\/fr\/wp-content\/uploads\/2025\/08\/bestimage_00717404_000026.jpg\"\/><\/p>\n<p>Bestimage Ra\u00fal Terrel \/ Europa<br \/>\nPress<\/p>\n<p>3\/6 La reine Letizia d&rsquo;Espagne et ses filles<br \/>\nla princesse Leonor et l&rsquo;infante Sofia sont all\u00e9es au cin\u00e9ma \u00e0<br \/>\nPalma de Majorque<\/p>\n<p>Sofia avait une robe noire fluide<\/p>\n<p><img decoding=\"async\" class=\"diapo_img img-responsive lazy-load\" loading=\"lazy\" src=\"https:\/\/www.europesays.com\/fr\/wp-content\/uploads\/2025\/08\/bestimage_00717405_000001.jpg\"\/><\/p>\n<p>Bestimage Ra\u00fal Terrel \/ Europa<br \/>\nPress<\/p>\n<p>4\/6 La reine Letizia d&rsquo;Espagne et ses filles<br \/>\nla princesse Leonor et l&rsquo;infante Sofia sont all\u00e9es au cin\u00e9ma \u00e0<br \/>\nPalma de Majorque<\/p>\n<p>L\u00e9onor portait une tenue plus boh\u00e8me<\/p>\n<p><img decoding=\"async\" class=\"diapo_img img-responsive lazy-load\" loading=\"lazy\" src=\"https:\/\/www.europesays.com\/fr\/wp-content\/uploads\/2025\/08\/bestimage_00717405_000015.jpg\"\/><\/p>\n<p>Bestimage<\/p>\n<p>5\/6 La reine Letizia d&rsquo;Espagne et ses filles<br \/>\nla princesse Leonor et l&rsquo;infante Sofia sont all\u00e9es au cin\u00e9ma \u00e0<br \/>\nPalma de Majorque<\/p>\n<p>Letizia d&rsquo;Epsagne avait une robe \u00e0 pois<\/p>\n<p><img decoding=\"async\" class=\"diapo_img img-responsive lazy-load\" loading=\"lazy\" src=\"https:\/\/www.europesays.com\/fr\/wp-content\/uploads\/2025\/08\/bestimage_00717405_000029.jpg\"\/><\/p>\n<p>Bestimage<\/p>\n<p>6\/6 La reine Letizia d&rsquo;Espagne et ses filles<br \/>\nla princesse Leonor et l&rsquo;infante Sofia sont all\u00e9es au cin\u00e9ma \u00e0<br \/>\nPalma de Majorque<\/p>\n<p>Letizia d&rsquo;Espagne et ses filles \u00e9taient tr\u00e8s souriante<\/p>\n","protected":false},"excerpt":{"rendered":"Alors que Kate et William ont profit\u00e9 de vacances en Gr\u00e8ce, c\u2019est maintenant au tour de la reine&hellip;\n","protected":false},"author":2,"featured_media":290568,"comment_status":"","ping_status":"","sticky":false,"template":"","format":"standard","meta":{"footnotes":""},"categories":[8],"tags":[58,59,1011,27,1638],"class_list":{"0":"post-290567","1":"post","2":"type-post","3":"status-publish","4":"format-standard","5":"has-post-thumbnail","7":"category-divertissement","8":"tag-divertissement","9":"tag-entertainment","10":"tag-fr","11":"tag-france","12":"tag-has_diapo"},"share_on_mastodon":{"url":"https:\/\/pubeurope.com\/@fr\/114957323117403418","error":""},"_links":{"self":[{"href":"https:\/\/www.europesays.com\/fr\/wp-json\/wp\/v2\/posts\/290567","targetHints":{"allow":["GET"]}}],"collection":[{"href":"https:\/\/www.europesays.com\/fr\/wp-json\/wp\/v2\/posts"}],"about":[{"href":"https:\/\/www.europesays.com\/fr\/wp-json\/wp\/v2\/types\/post"}],"author":[{"embeddable":true,"href":"https:\/\/www.europesays.com\/fr\/wp-json\/wp\/v2\/users\/2"}],"replies":[{"embeddable":true,"href":"https:\/\/www.europesays.com\/fr\/wp-json\/wp\/v2\/comments?post=290567"}],"version-history":[{"count":0,"href":"https:\/\/www.europesays.com\/fr\/wp-json\/wp\/v2\/posts\/290567\/revisions"}],"wp:featuredmedia":[{"embeddable":true,"href":"https:\/\/www.europesays.com\/fr\/wp-json\/wp\/v2\/media\/290568"}],"wp:attachment":[{"href":"https:\/\/www.europesays.com\/fr\/wp-json\/wp\/v2\/media?parent=290567"}],"wp:term":[{"taxonomy":"category","embeddable":true,"href":"https:\/\/www.europesays.com\/fr\/wp-json\/wp\/v2\/categories?post=290567"},{"taxonomy":"post_tag","embeddable":true,"href":"https:\/\/www.europesays.com\/fr\/wp-json\/wp\/v2\/tags?post=290567"}],"curies":[{"name":"wp","href":"https:\/\/api.w.org\/{rel}","templated":true}]}}