{"id":290569,"date":"2025-08-02T04:39:35","date_gmt":"2025-08-02T04:39:35","guid":{"rendered":"https:\/\/www.europesays.com\/fr\/290569\/"},"modified":"2025-08-02T04:39:35","modified_gmt":"2025-08-02T04:39:35","slug":"alerte-bon-plan-amazon-brade-ses-stocks-diphone-16-et-16-pro-avant-la-sortie-de-liphone-17-mac4ever","status":"publish","type":"post","link":"https:\/\/www.europesays.com\/fr\/290569\/","title":{"rendered":"Alerte bon plan : Amazon brade ses stocks d&#039;iPhone 16 et 16 Pro avant la sortie de l&#039;iPhone 17 &#8211; Mac4Ever"},"content":{"rendered":"<ol>\n<li><a href=\"https:\/\/news.google.com\/rss\/articles\/CBMiywFBVV95cUxOMHFYWWtHUWoxYzZBU1R1Y2tDRTQ5S3pnaS1aMXNMRi04QjVQNzkzalpHb0x4NWtwMVdiOTJJRFhKUUFCNFJ0VlpMRVlHWUNDVVpQUE45cTlkOUpDRWRwYzFiSDgyQXFrMXF2bXNrV2x1S1JYdUFyRUZzVnhIOUtDNEVoN2ltNTViNUdmZnNlYmF2US1lSW5CVWJHdFRidHpKb0tOelpoVkppSmVieDRMYXJkSVBRaGhta0JDeDlxYUZRMXFNUnRVOUl2MA?oc=5\" target=\"_blank\" rel=\"nofollow noopener\">Alerte bon plan : Amazon brade ses stocks d&rsquo;iPhone 16 et 16 Pro avant la sortie de l&rsquo;iPhone 17<\/a>&nbsp;&nbsp;Mac4Ever<\/li>\n<li><a href=\"https:\/\/news.google.com\/rss\/articles\/CBMi4gFBVV95cUxPNVVfdDFsSTFHMWxWamxBUjBoUFpUbDJSTnRxc2Q2QkZ2Rmx5ZjdFYkVCVnY1MGFFODFwcjdLNURINmhITnNQRmZ5cVdIVndLbzhXcUUzR0FTcTlQTWJsOEV4cEFQVmZMNThSdk9BNTN6X3FhT3dfU2RjTVhsUDdUaU9FOHhSREtCcHpGSGxhQXhFRXc1czlDMzVfVVl5YXAwSTRCZThJUUEtODNKQTcwbmY2dUdsM2F3M3E4SU9tdVJFVFNjdXdqS2szR0lZeVNwRi13SVJ6MDNtNGE1NHRhcXZB?oc=5\" target=\"_blank\" rel=\"nofollow noopener\">On vous a d\u00e9nich\u00e9 une offre XXL sur le tr\u00e8s c\u00e9l\u00e8bre iPhone 16 Ultramarine chez Cdiscount<\/a>&nbsp;&nbsp;BFMTV<\/li>\n<li><a href=\"https:\/\/news.google.com\/rss\/articles\/CBMi2gFBVV95cUxPWE4yYUxyTXExMk1LRFhBMVhHZktKNHdaeThOVnNfNXdXNFRPUGJoNnN2SGRNaTFzSEprQV9mSHI3YlVXY2Y1VU1QVkFuVzlwS1I4ajlKSV9uNDVBTHlqOHpabHZLS3NYTkkxcHEyZlZvNzBSS0M3WGozbkwtU0NEdnZaQlhGaEhDZ2J4UVhLYlJfNXRyMklkQW9nWGNBaTllWE9sZHJOaGh4aGIxNXZkS0poanY1UXYxVjR0bVFjWW95Tk96YnNTSlZFUnVybWJlMnhTeks3RkYtUQ?oc=5\" target=\"_blank\" rel=\"nofollow noopener\">Ce site n&rsquo;en fait qu&rsquo;\u00e0 sa t\u00eate et propose l&rsquo;iPhone 13 \u00e0 prix d\u00e9lirant en ce moment<\/a>&nbsp;&nbsp;BFMTV<\/li>\n<li><a href=\"https:\/\/news.google.com\/rss\/articles\/CBMi4AFBVV95cUxPTUFuN2pUbzdUZlo5TTFlRlR5ckJfaEk4dE5FVDdZR1o5dzVTN0E4UmlaOHo1dU5hWXhZRExOQ3p3M01qT3lGV1hXem1uUzRXYXhWcFc3SWhVTEotYTI0Z3Q4YzVvSTRaazhaeXM5eTdfVE9qdXVSTF9FZWF4YXUyclRqUk90ZHVkRVBubVp3NHhKalV6ZHgwQlpRdXZDWlIwQ21TQTFZMG9tNkZLMjlEaEZsZzBvakNRUlNRMGZxSUoySXlzUVFyd0JrZUdzRmpYd2dRVExEcVlhYjlWYnBFeg?oc=5\" target=\"_blank\" rel=\"nofollow noopener\">L\u2019iPhone 15 \u00e0 un prix in\u00e9dit sur Cdiscount<\/a>&nbsp;&nbsp;20 Minutes<\/li>\n<li><a href=\"https:\/\/news.google.com\/rss\/articles\/CBMingFBVV95cUxOZzBnbnJldi1jaWI4OHJUMGZWcmZkYkxORFNvZ3k1SC11cm9KMXdhTmZMWGxSYnlFMUNBd3ZsUEpWa2V0MHlBcEJSdFhpdVNoV0k3aHlNOUIxOWJMQ2JnUFRMaklvT1poUHUyMjc5SlBxSGVKQ25HaDViNkRlZ2FpbXFjY0N4VDNwMThFbXVFTUVxZU5LNHRiS3FaVUpwQQ?oc=5\" target=\"_blank\" rel=\"nofollow noopener\">iPhone 16e : Amazon casse le prix de ce smartphone ce dimanche<\/a>&nbsp;&nbsp;Capital.fr<\/li>\n<\/ol>\n","protected":false},"excerpt":{"rendered":"Alerte bon plan : Amazon brade ses stocks d&rsquo;iPhone 16 et 16 Pro avant la sortie de l&rsquo;iPhone&hellip;\n","protected":false},"author":2,"featured_media":1445,"comment_status":"","ping_status":"","sticky":false,"template":"","format":"standard","meta":{"footnotes":""},"categories":[7],"tags":[1011,27,43,40,41,39,42,44],"class_list":{"0":"post-290569","1":"post","2":"type-post","3":"status-publish","4":"format-standard","5":"has-post-thumbnail","7":"category-sciences-et-technologies","8":"tag-fr","9":"tag-france","10":"tag-science","11":"tag-science-and-technology","12":"tag-sciences","13":"tag-sciences-et-technologies","14":"tag-technologies","15":"tag-technology"},"share_on_mastodon":{"url":"https:\/\/pubeurope.com\/@fr\/114957331087825400","error":""},"_links":{"self":[{"href":"https:\/\/www.europesays.com\/fr\/wp-json\/wp\/v2\/posts\/290569","targetHints":{"allow":["GET"]}}],"collection":[{"href":"https:\/\/www.europesays.com\/fr\/wp-json\/wp\/v2\/posts"}],"about":[{"href":"https:\/\/www.europesays.com\/fr\/wp-json\/wp\/v2\/types\/post"}],"author":[{"embeddable":true,"href":"https:\/\/www.europesays.com\/fr\/wp-json\/wp\/v2\/users\/2"}],"replies":[{"embeddable":true,"href":"https:\/\/www.europesays.com\/fr\/wp-json\/wp\/v2\/comments?post=290569"}],"version-history":[{"count":0,"href":"https:\/\/www.europesays.com\/fr\/wp-json\/wp\/v2\/posts\/290569\/revisions"}],"wp:featuredmedia":[{"embeddable":true,"href":"https:\/\/www.europesays.com\/fr\/wp-json\/wp\/v2\/media\/1445"}],"wp:attachment":[{"href":"https:\/\/www.europesays.com\/fr\/wp-json\/wp\/v2\/media?parent=290569"}],"wp:term":[{"taxonomy":"category","embeddable":true,"href":"https:\/\/www.europesays.com\/fr\/wp-json\/wp\/v2\/categories?post=290569"},{"taxonomy":"post_tag","embeddable":true,"href":"https:\/\/www.europesays.com\/fr\/wp-json\/wp\/v2\/tags?post=290569"}],"curies":[{"name":"wp","href":"https:\/\/api.w.org\/{rel}","templated":true}]}}