{"id":290570,"date":"2025-08-02T04:40:19","date_gmt":"2025-08-02T04:40:19","guid":{"rendered":"https:\/\/www.europesays.com\/fr\/290570\/"},"modified":"2025-08-02T04:40:19","modified_gmt":"2025-08-02T04:40:19","slug":"le-canada-paie-sa-resistance-a-donald-trump-dune-taxe-de-35","status":"publish","type":"post","link":"https:\/\/www.europesays.com\/fr\/290570\/","title":{"rendered":"le Canada paie sa r\u00e9sistance \u00e0 Donald Trump d\u2019une taxe de 35%"},"content":{"rendered":"<p><strong>D\u00c9CRYPTAGE <\/strong>&#8211; Le ma\u00eetre de la Maison-Blanche avait donn\u00e9 jusqu\u2019au 1er\u00a0ao\u00fbt au premier ministre, Mark Carney, pour parvenir \u00e0 un accord sur les droits de douane. Sans succ\u00e8s.<\/p>\n<p class=\"fig-paragraph\">Le Canada ne plie pas. Les n\u00e9gociateurs canadiens ont refus\u00e9 de c\u00e9der \u00e0 Donald Trump. Le ma\u00eetre de la Maison-Blanche avait donn\u00e9 jusqu\u2019au 1er\u00a0ao\u00fbt au premier ministre,\u00a0<a href=\"http:\/\/www.lefigaro.fr\/international\/au-canada-la-courte-victoire-du-candidat-liberal-et-ancien-banquier-mark-carney-20250429\" data-fig-type=\"Article\" data-gtm-custom-categorie=\"navigation\" data-gtm-custom-action=\"crossclick\" data-gtm-custom-label=\"Contextuel\" data-gtm-event=\"customEventSPE\" data-fig-domain=\"LEFIGARO\" target=\"_blank\" rel=\"noopener\">Mark Carney,<\/a>\u00a0pour parvenir \u00e0 un accord sur les\u00a0<a href=\"http:\/\/www.lefigaro.fr\/conjoncture\/droits-de-douane-les-bourses-europeennes-accelerent-leurs-pertes-20250801\" data-fig-type=\"NewsFlash\" data-gtm-custom-categorie=\"navigation\" data-gtm-custom-action=\"crossclick\" data-gtm-custom-label=\"Contextuel\" data-gtm-event=\"customEventSPE\" data-fig-domain=\"LEFIGARO\" target=\"_blank\" rel=\"noopener\">droits de douane<\/a>. Sans succ\u00e8s. Ces derniers passent donc de 25\u00a0% \u00e0 35\u00a0% ce vendredi quand l\u2019Union europ\u00e9enne s\u2019est vue infliger \u00ab\u00a0seulement\u00a0\u00bb 15\u00a0%. Dans son d\u00e9cret d\u00e9di\u00e9 au Canada, Donald Trump invoque toujours l\u2019insuffisante coop\u00e9ration d\u2019Ottawa pour lutter contre le trafic de fentanyl, pour justifier de ses taxes punitives. L\u2019entr\u00e9e en vigueur de la mesure n\u2019aura lieu que le 7\u00a0ao\u00fbt, comme pour l\u2019ensemble des pays vis\u00e9s par Washington dans le d\u00e9cret pr\u00e9sidentiel sign\u00e9 le 31\u00a0juillet.<\/p>\n<p class=\"fig-paragraph\">Les \u00c9tats-Unis absorbent environ les trois quarts des exportations du Canada, tr\u00e8s d\u00e9pendant, donc, de son grand voisin. \u00ab\u00a0Notre objectif n\u2019est pas de conclure une entente \u00e0 tout prix\u00a0\u00bb, avait pr\u00e9venu le chef du gouvernement canadien. Et ce pour plusieurs raisons. Selon la Royal Bank of\u2026<\/p>\n<p class=\"fig-premium-paywall__infos\">\n        Cet article est r\u00e9serv\u00e9 aux abonn\u00e9s.        Il vous reste 82% \u00e0 d\u00e9couvrir.\n    <\/p>\n<p>                <img  data- alt=\"Le Figaro\" class=\"fig-img--complete fig-img\"\/><\/p>\n<p class=\"fig-premium-paywall__title\">Vous avez envie de lire la suite ?<\/p>\n<p class=\"fig-premium-paywall__subtitle\">D\u00e9bloquez tous les articles imm\u00e9diatement.<\/p>\n<p class=\"fig-premium-paywall__connect\">\n                D\u00e9j\u00e0 abonn\u00e9\u00a0?                <a class=\"fig-premium-paywall__connect-link\" href=\"https:\/\/connect.lefigaro.fr\/login?client=horizon_web&amp;type=main&amp;redirect_uri=https%3A%2F%2Fwww.lefigaro.fr%2Fconjoncture%2Fguerre-commerciale-le-canada-paie-sa-resistance-a-donald-trump-d-une-taxe-de-35-20250801\" data-js-gtm=\"{&quot;customCategorie&quot;: &quot;conversion&quot;, &quot;customAction&quot;: &quot;before_Landing_Connexion_paywall_auto&quot;, &quot;customLabel&quot;: &quot;bGVmaWdhcm8uZnJfXzFmMDZlZTNiLTcxMWEtNjY5Yy04YjkxLTUxODI0YTZkZjVkZF9fQXJ0aWNsZQ==_Guerre commerciale\u00a0: le Canada paie sa r\u00e9sistance \u00e0 Donald Trump d\u2019une taxe de 35%_292&quot;, &quot;customIDSPE&quot;: &quot;bGVmaWdhcm8uZnJfXzFmMDZlZTNiLTcxMWEtNjY5Yy04YjkxLTUxODI0YTZkZjVkZF9fQXJ0aWNsZQ==&quot;, &quot;event&quot;: &quot;customEventSPE&quot;}\" target=\"_blank\" rel=\"noopener\"><br \/>\n                    Connectez-vous<br \/>\n                <\/a>\n            <\/p>\n","protected":false},"excerpt":{"rendered":"D\u00c9CRYPTAGE &#8211; Le ma\u00eetre de la Maison-Blanche avait donn\u00e9 jusqu\u2019au 1er\u00a0ao\u00fbt au premier ministre, Mark Carney, pour parvenir&hellip;\n","protected":false},"author":2,"featured_media":290571,"comment_status":"","ping_status":"","sticky":false,"template":"","format":"standard","meta":{"footnotes":""},"categories":[6],"tags":[35,574,75,33,34,1011,27,1074],"class_list":{"0":"post-290570","1":"post","2":"type-post","3":"status-publish","4":"format-standard","5":"has-post-thumbnail","7":"category-economie","8":"tag-business","9":"tag-canada","10":"tag-donald-trump","11":"tag-economie","12":"tag-economy","13":"tag-fr","14":"tag-france","15":"tag-guerre-commerciale"},"share_on_mastodon":{"url":"https:\/\/pubeurope.com\/@fr\/114957335103495121","error":""},"_links":{"self":[{"href":"https:\/\/www.europesays.com\/fr\/wp-json\/wp\/v2\/posts\/290570","targetHints":{"allow":["GET"]}}],"collection":[{"href":"https:\/\/www.europesays.com\/fr\/wp-json\/wp\/v2\/posts"}],"about":[{"href":"https:\/\/www.europesays.com\/fr\/wp-json\/wp\/v2\/types\/post"}],"author":[{"embeddable":true,"href":"https:\/\/www.europesays.com\/fr\/wp-json\/wp\/v2\/users\/2"}],"replies":[{"embeddable":true,"href":"https:\/\/www.europesays.com\/fr\/wp-json\/wp\/v2\/comments?post=290570"}],"version-history":[{"count":0,"href":"https:\/\/www.europesays.com\/fr\/wp-json\/wp\/v2\/posts\/290570\/revisions"}],"wp:featuredmedia":[{"embeddable":true,"href":"https:\/\/www.europesays.com\/fr\/wp-json\/wp\/v2\/media\/290571"}],"wp:attachment":[{"href":"https:\/\/www.europesays.com\/fr\/wp-json\/wp\/v2\/media?parent=290570"}],"wp:term":[{"taxonomy":"category","embeddable":true,"href":"https:\/\/www.europesays.com\/fr\/wp-json\/wp\/v2\/categories?post=290570"},{"taxonomy":"post_tag","embeddable":true,"href":"https:\/\/www.europesays.com\/fr\/wp-json\/wp\/v2\/tags?post=290570"}],"curies":[{"name":"wp","href":"https:\/\/api.w.org\/{rel}","templated":true}]}}