{"id":290574,"date":"2025-08-02T04:42:14","date_gmt":"2025-08-02T04:42:14","guid":{"rendered":"https:\/\/www.europesays.com\/fr\/290574\/"},"modified":"2025-08-02T04:42:14","modified_gmt":"2025-08-02T04:42:14","slug":"les-animations-gratuites-a-ne-pas-manquer-tout-au-long-de-la-journee","status":"publish","type":"post","link":"https:\/\/www.europesays.com\/fr\/290574\/","title":{"rendered":"les animations gratuites \u00e0 ne pas manquer tout au long de la journ\u00e9e !"},"content":{"rendered":"<p>Apr\u00e8s une ann\u00e9e blanche, la <a href=\"https:\/\/www.annecy-ville.fr\/2025\/02\/fete-du-lac-annecy-2025\/\" target=\"_blank\" rel=\"noopener\">F\u00eate du Lac<\/a> fait enfin son grand retour \u00e0 <a href=\"https:\/\/www.annecy-ville.fr\/ville-annecy\/\" target=\"_blank\" rel=\"noopener\">Annecy<\/a>. Attendue avec impatience par les habitants comme par les visiteurs, elle promet une journ\u00e9e riche en \u00e9motions. En plus du spectaculaire feu d\u2019artifice, de nombreuses animations rythmeront la journ\u00e9e. Voici le programme complet.<\/p>\n<p>L\u2019\u00e9dition 2025 de la F\u00eate du lac d\u2019Annecy<\/p>\n<p><img fetchpriority=\"high\" decoding=\"async\" class=\" wp-image-62601 alignleft\" src=\"data:image\/svg+xml,%3Csvg%20xmlns=\" http:=\"\" alt=\"F\u00eate du lac d'Annecy 2025\" width=\"288\" height=\"427\" data-lazy- data-lazy- data-lazy-src=\"https:\/\/www.europesays.com\/fr\/wp-content\/uploads\/2025\/08\/Affiche-Fete-du-lac-dAnnecy-2025.jpg\"\/>Consid\u00e9r\u00e9e comme l\u2019un des plus grands spectacles pyrotechniques d\u2019Europe, la F\u00eate du Lac revient le<strong> samedi 2 ao\u00fbt 2025<\/strong> avec une cr\u00e9ation sign\u00e9e par la soci\u00e9t\u00e9 fran\u00e7aise Arteventia, d\u00e9j\u00e0 \u00e0 l\u2019origine des feux du 14 juillet \u00e0 Annecy. Intitul\u00e9 Ode \u00e0 la Lune, ce nouveau projet artistique se d\u00e9clinera en six actes pour offrir un spectacle de 70 minutes, aussi puissant que po\u00e9tique.<\/p>\n<p>Feux d\u2019artifice, jets d\u2019eau, jeux de lumi\u00e8re, lasers, objets lumineux et batucadas rythmeront la soir\u00e9e. Un r\u00e9pertoire musical riche, compos\u00e9 de 30 morceaux, et la voix profonde de Beno\u00eet Allemane accompagneront le tout. Imagin\u00e9 par le ma\u00eetre-artificier \u00c9douard Gr\u00e9goire, ce spectacle rendra hommage aux \u00e9l\u00e9ments de la nature et aux liens humains.<\/p>\n<p>Horaires et infos de la F\u00eate du lac d\u2019Annecy 2025<\/p>\n<ul>\n<li style=\"text-align: justify;\"><strong>\u00c0 partir de 19h<\/strong> : ouverture des portes avec accueil musical et buvettes sur place.<\/li>\n<li style=\"text-align: justify;\"><strong>21h45<\/strong> : d\u00e9but du spectacle pyrotechnique (sans entracte).<\/li>\n<li style=\"text-align: justify;\"><strong>23h00<\/strong> : fin du spectacle.<\/li>\n<\/ul>\n<p>Les animations de la F\u00eate du lac d\u2019Annecy 2025<\/p>\n<p>En 2025, la F\u00eate du Lac ne se concentre plus uniquement sur le <a href=\"https:\/\/www.annecy-ville.fr\/paquier-annecy\/\" target=\"_blank\" rel=\"noopener\">P\u00e2quier<\/a>. Elle s\u2019ouvre \u00e0 la ville, investit de nouveaux lieux et propose de nombreuses animations gratuites et accessibles \u00e0 tous. Po\u00e9sie, arts urbains, musique, danse ou expositions\u2026 Voici ce qui vous attend tout au long de la journ\u00e9e :<\/p>\n<p>Plage des Marquisats &amp; Quai Napol\u00e9on III \u2013\u00a0Espace po\u00e9tique<\/p>\n<ul>\n<li style=\"text-align: justify;\"><strong>11h\/15h<\/strong> : podcasts \u00e0 \u00e9couter\u2026 dans l\u2019eau ! Plongez dans les r\u00e9cits autour de l\u2019eau et des l\u00e9gendes du <a href=\"https:\/\/www.annecy-ville.fr\/le-lac-dannecy\/\" target=\"_blank\" rel=\"noopener\">lac d\u2019Annecy<\/a> et du <a href=\"https:\/\/www.annecy-ville.fr\/le-lac-dannecy\/lac-leman\/\" target=\"_blank\" rel=\"noopener\">L\u00e9man<\/a>. Pr\u00e9voyez votre maillot de bain.<\/li>\n<li style=\"text-align: justify;\"><strong>15h45\/16h45<\/strong> : concert de harpe sur l\u2019<a href=\"https:\/\/www.annecy-ville.fr\/2023\/06\/esperance-3-voilier-lac-annecy\/\" target=\"_blank\" rel=\"noopener\">Esp\u00e9rance III<\/a>, avec une jeune artiste ann\u00e9cienne, pour une parenth\u00e8se musicale au bord de l\u2019eau.<\/li>\n<\/ul>\n<p>Place des Cordeliers \u2013 Espace urbain<\/p>\n<ul>\n<li style=\"text-align: justify;\"><strong>14h30\/18h30<\/strong> : fresque collaborative sur le th\u00e8me de la F\u00eate du Lac, avec l\u2019artiste local Kasur Graff.<\/li>\n<li style=\"text-align: justify;\"><strong>14h30\/15h \u2013 16h30\/17h<\/strong> : spectacle de danse urbaine Th\u00e9tys, propos\u00e9 par la compagnie Soul Magnet, librement inspir\u00e9 du mythe marin.<\/li>\n<li style=\"text-align: justify;\"><strong>15h30\/16h \u2013 17h30\/18h<\/strong> : performance hip-hop Genesis par le collectif Floor Fighterz, accompagn\u00e9e de shows et d\u2019initiations pour le public.<\/li>\n<\/ul>\n<p>Square Bernard Bosson \u2013 Espace famille<\/p>\n<ul>\n<li style=\"text-align: justify;\"><strong>14h30\/18h30<\/strong> : jeu de l\u2019oie g\u00e9ant sur le th\u00e8me de l\u2019\u00e9cologie, anim\u00e9 par l\u2019association AREMACS.<\/li>\n<li style=\"text-align: justify;\"><strong>14h30\/18h30<\/strong> : animations familiales propos\u00e9es par la compagnie Activ\u2019Is\u00e8re : clowns, jonglage, contes et surprises tout au long de l\u2019apr\u00e8s-midi.<\/li>\n<\/ul>\n<p>Centre-ville \u2013 D\u00e9ambulations musicales<\/p>\n<ul>\n<li style=\"text-align: justify;\"><strong>13h45\/15h45<\/strong> : d\u00e9ambulations musicales dans le centre-ville avec La Ripaille \u00e0 Sons, fanfare de rue ann\u00e9cienne. Deux parcours diff\u00e9rents sont propos\u00e9s : le premier de 13h45 \u00e0 14h30, le second de 15h00 \u00e0 15h45.<\/li>\n<li style=\"text-align: justify;\"><strong>17h00\/17h30<\/strong> : temps musical fixe au Square Bernard Bosson.<\/li>\n<\/ul>\n<p>Bonlieu &amp; Centre-ville \u2013 Espace histoire<\/p>\n<ul>\n<li style=\"text-align: justify;\"><strong>Jusqu\u2019au dimanche 3 ao\u00fbt<\/strong> : exposition Une passion ann\u00e9cienne \u00e0 <a href=\"https:\/\/www.annecy-ville.fr\/theatre-opera-bonlieu-scene-nationale-annecy\/\" target=\"_blank\" rel=\"noopener\">Bonlieu<\/a>. L\u2019histoire de la F\u00eate du Lac racont\u00e9e en images et en textes, en fran\u00e7ais et en anglais.<\/li>\n<li style=\"text-align: justify;\"><strong>22h\/2h en semaine \u2013 toute la nuit les samedis et dimanches<\/strong> : projection des affiches des 20 derni\u00e8res \u00e9ditions sur les fa\u00e7ades de 20 lieux embl\u00e9matiques du centre-ville comme la rue du Lac, l\u2019Esplanade de l\u2019<a href=\"https:\/\/www.annecy-ville.fr\/hotel-de-ville\/\" target=\"_blank\" rel=\"noopener\">H\u00f4tel de ville<\/a>, le Passage de l\u2019\u00cele ou encore le Mus\u00e9e-ch\u00e2teau et la Tour de l\u2019Horloge.<\/li>\n<\/ul>\n<p>Cr\u00e9dit photo \u00a9 <a href=\"https:\/\/www.facebook.com\/AnnecyFeteduLac\/photos\/pb.100064423102437.-2207520000\/5646735612058601\/?type=3\" target=\"_blank\" rel=\"noopener\">F\u00eate du lac d\u2019Annecy<\/a><\/p>\n","protected":false},"excerpt":{"rendered":"Apr\u00e8s une ann\u00e9e blanche, la F\u00eate du Lac fait enfin son grand retour \u00e0 Annecy. Attendue avec impatience&hellip;\n","protected":false},"author":2,"featured_media":290575,"comment_status":"","ping_status":"","sticky":false,"template":"","format":"standard","meta":{"footnotes":""},"categories":[4],"tags":[11,3853,1011,27,42968,42969,12,25,4062],"class_list":{"0":"post-290574","1":"post","2":"type-post","3":"status-publish","4":"format-standard","5":"has-post-thumbnail","7":"category-france","8":"tag-actualites","9":"tag-annecy","10":"tag-fr","11":"tag-france","12":"tag-fu00eate-du-lac","13":"tag-fu00eates","14":"tag-news","15":"tag-republique-francaise","16":"tag-u00c9vu00e9nements"},"share_on_mastodon":{"url":"https:\/\/pubeurope.com\/@fr\/114957342839342508","error":""},"_links":{"self":[{"href":"https:\/\/www.europesays.com\/fr\/wp-json\/wp\/v2\/posts\/290574","targetHints":{"allow":["GET"]}}],"collection":[{"href":"https:\/\/www.europesays.com\/fr\/wp-json\/wp\/v2\/posts"}],"about":[{"href":"https:\/\/www.europesays.com\/fr\/wp-json\/wp\/v2\/types\/post"}],"author":[{"embeddable":true,"href":"https:\/\/www.europesays.com\/fr\/wp-json\/wp\/v2\/users\/2"}],"replies":[{"embeddable":true,"href":"https:\/\/www.europesays.com\/fr\/wp-json\/wp\/v2\/comments?post=290574"}],"version-history":[{"count":0,"href":"https:\/\/www.europesays.com\/fr\/wp-json\/wp\/v2\/posts\/290574\/revisions"}],"wp:featuredmedia":[{"embeddable":true,"href":"https:\/\/www.europesays.com\/fr\/wp-json\/wp\/v2\/media\/290575"}],"wp:attachment":[{"href":"https:\/\/www.europesays.com\/fr\/wp-json\/wp\/v2\/media?parent=290574"}],"wp:term":[{"taxonomy":"category","embeddable":true,"href":"https:\/\/www.europesays.com\/fr\/wp-json\/wp\/v2\/categories?post=290574"},{"taxonomy":"post_tag","embeddable":true,"href":"https:\/\/www.europesays.com\/fr\/wp-json\/wp\/v2\/tags?post=290574"}],"curies":[{"name":"wp","href":"https:\/\/api.w.org\/{rel}","templated":true}]}}