{"id":290576,"date":"2025-08-02T04:43:32","date_gmt":"2025-08-02T04:43:32","guid":{"rendered":"https:\/\/www.europesays.com\/fr\/290576\/"},"modified":"2025-08-02T04:43:32","modified_gmt":"2025-08-02T04:43:32","slug":"sm-caen-maxime-dornano-se-dit-satisfait-apres-la-premiere-victoire-de-son-equipe-en-preparation","status":"publish","type":"post","link":"https:\/\/www.europesays.com\/fr\/290576\/","title":{"rendered":"SM Caen. Maxime d&rsquo;Ornano se dit satisfait apr\u00e8s la premi\u00e8re victoire de son \u00e9quipe en pr\u00e9paration"},"content":{"rendered":"<p>            Par<br \/>\n        <strong><br \/>\n            <a href=\"https:\/\/actu.fr\/auteur\/alexandre-gourlaouen\" title=\"Consulter tous les articles de Alexandre Gourlaouen\" target=\"_blank\" rel=\"noopener\">Alexandre Gourlaouen<\/a><br \/>\n        <\/strong><\/p>\n<p>        Publi\u00e9 le<\/p>\n<p>            1 ao\u00fbt 2025 \u00e0 15h52        <\/p>\n<p>L\u2019opposition \u00e9tait <b>inf\u00e9rieure de deux divisions<\/b> certes, mais l\u2019essentiel dans la victoire du <a href=\"https:\/\/actu.fr\/tag\/stade-malherbe-de-caen\" target=\"_blank\" rel=\"noopener\">Stade Malherbe Caen<\/a> face \u00e0 l\u2019AS Trouville-Deauville-Villers (<a href=\"https:\/\/actu.fr\/normandie\/caen_14118\/en-images-le-sm-caen-signe-sa-premiere-victoire-en-preparation-grace-a-ses-jeunes_62988570.html\" target=\"_blank\" rel=\"noopener\">2-0<\/a>) vendredi 1 ao\u00fbt 2025 \u00e9tait surtout <b>dans la pr\u00e9paration athl\u00e9tique.<\/b> La majorit\u00e9 des joueurs <b>qui composeront le groupe cette saison<\/b> ont disput\u00e9 90 minutes ou atteindront ce total <b>lors du deuxi\u00e8me match de la journ\u00e9e<\/b> face au Mans (18h30).<\/p>\n<p>L\u2019importance du travail athl\u00e9tique<\/p>\n<p class=\" wall-content\">Malgr\u00e9 le fait que son \u00e9quipe \u00e9volue <b>dans une division sup\u00e9rieure<\/b> \u00e0 celle de son adversaire, Maxime d\u2019Ornano <b>attache de l\u2019importance \u00e0 cette victoire.<\/b> Sur le plan mental et physique, elle va selon lui <b>aider les joueurs<\/b> avant le d\u00e9but de la saison. \u00ab\u00a0Ce n\u2019est pas du tout anecdotique, explique le technicien caennais. On veut toujours gagner. On ne l\u2019avait pas fait depuis le d\u00e9but de la pr\u00e9pa. \u00c7a va g\u00e9n\u00e9rer de la confiance.\u00a0\u00bb<\/p>\n<p class=\" wall-content\">Sa priorit\u00e9 \u00e9tait depuis le d\u00e9but de <b>donner un maximum de temps de jeu \u00e0 tous ses joueurs<\/b> \u00e0 une semaine du d\u00e9but du championnat. Ainsi, <b>la quasi-totalit\u00e9 de la ligne d\u00e9fensive<\/b> (Diab\u00e9 Bolumbu apr\u00e8s un coup re\u00e7u \u00e0 la cheville), ainsi que les jeunes <b>Zoumana Bagbema, L\u00e9o Miliner et Gabin Tom\u00e9<\/b> ont tous jou\u00e9 90 minutes.<\/p>\n<blockquote class=\"ac-article-quote wall-content\">\n<p>Sur le plan athl\u00e9tique, \u00e7a s\u2019est bien pass\u00e9 sur ce premier match, en plus on gagne. Quand on met beaucoup de jeunes ensemble, on sait tr\u00e8s bien que \u00e7a peut \u00eatre tout bon ou tout moyen. L\u00e0 c\u2019\u00e9tait bien, il y a eu de l\u2019investissement, beaucoup d\u2019efforts, des buts. Je suis satisfait, m\u00eame s\u2019il y a encore pas mal de choses \u00e0 travailler.<\/p>\n<p>Maxime d\u2019Ornano, entra\u00eeneur du SM Caen<\/p><\/blockquote>\n<p>Le onze type face au Mans ?<\/p>\n<p class=\" wall-content\">Forc\u00e9ment, l\u2019entra\u00eeneur caennais <b>cherche toujours \u00e0 faire encore mieux. <\/b>Sur cette opposition face \u00e0 Trouville-Deauville-Villers,<b> il a remarqu\u00e9 quelques axes d\u2019am\u00e9lioration.<\/b> \u00ab\u00a0On a eu beaucoup de pertes en zone haute, raconte-t-il. On peut encore mieux faire sur cet aspect-l\u00e0 pour devenir encore plus dangereux. Il y a eu quelques situations de centres o\u00f9 on doit \u00eatre un peu plus juste, couper un peu plus pour marquer.\u00a0\u00bb<\/p>\n<p class=\" wall-content\">Sera-t-il <b>aussi satisfait<\/b> \u00e0 l\u2019issue de la rencontre face au Mans FC ? Oppos\u00e9 \u00e0 une \u00e9quipe de Ligue 2, l\u2019entra\u00eeneur des Rouge et Bleu ne cache pas qu\u2019il devrait aligner une \u00e9quipe <b>qui ressemblera \u00e0 celle couch\u00e9e sur la feuille de match du 8 ao\u00fbt prochain<\/b> contre Aubagne.<\/p>\n<blockquote class=\"ac-article-quote wall-content\">\n<p>C\u2019est l\u2019id\u00e9e. Maintenant, il restera une semaine d\u2019entra\u00eenement, d\u2019affutage avant Aubagne. Il peut encore y avoir des changements, m\u00eame si \u00e7a se dessine et heureusement. Il faut se pr\u00e9parer.<\/p>\n<p>Maxime d\u2019Ornano, entra\u00eeneur du SM Caen<\/p><\/blockquote>\n<p class=\" wall-content\">La rencontre face au Mans \u00e9tant <b>r\u00e9serv\u00e9e aux supporters manceaux<\/b>, les fans du SM Caen doivent d\u00e9sormais attendre une semaine et<b> la reprise du championnat<\/b> pour revoir leur \u00e9quipe sur le terrain.<\/p>\n<p class=\" wall-content\">Suivez toute l\u2019actualit\u00e9 de vos villes et m\u00e9dias favoris en vous inscrivant \u00e0 <a href=\"https:\/\/moncompte.actu.fr\" title=\"D\u00e9couvez Mon Actu\" rel=\"nofollow noopener\" data-trk=\"{&quot;cta&quot;:{&quot;action&quot;:&quot;https:\\\/\\\/moncompte.actu.fr&quot;,&quot;category&quot;:&quot;mon compte&quot;,&quot;from&quot;:&quot;article footer&quot;,&quot;name&quot;:&quot;Mon actu&quot;,&quot;type&quot;:&quot;cta&quot;}}\" target=\"_blank\">Mon Actu<\/a>.<\/p>\n","protected":false},"excerpt":{"rendered":"Par Alexandre Gourlaouen Publi\u00e9 le 1 ao\u00fbt 2025 \u00e0 15h52 L\u2019opposition \u00e9tait inf\u00e9rieure de deux divisions certes, mais&hellip;\n","protected":false},"author":2,"featured_media":290577,"comment_status":"","ping_status":"","sticky":false,"template":"","format":"standard","meta":{"footnotes":""},"categories":[2],"tags":[11,63,1011,27,12,1745,60,266,1746],"class_list":{"0":"post-290576","1":"post","2":"type-post","3":"status-publish","4":"format-standard","5":"has-post-thumbnail","7":"category-actualites","8":"tag-actualites","9":"tag-football","10":"tag-fr","11":"tag-france","12":"tag-news","13":"tag-sport-caen","14":"tag-sports","15":"tag-stade-malherbe-de-caen","16":"tag-stade-michel-dornano"},"share_on_mastodon":{"url":"https:\/\/pubeurope.com\/@fr\/114957346859145983","error":""},"_links":{"self":[{"href":"https:\/\/www.europesays.com\/fr\/wp-json\/wp\/v2\/posts\/290576","targetHints":{"allow":["GET"]}}],"collection":[{"href":"https:\/\/www.europesays.com\/fr\/wp-json\/wp\/v2\/posts"}],"about":[{"href":"https:\/\/www.europesays.com\/fr\/wp-json\/wp\/v2\/types\/post"}],"author":[{"embeddable":true,"href":"https:\/\/www.europesays.com\/fr\/wp-json\/wp\/v2\/users\/2"}],"replies":[{"embeddable":true,"href":"https:\/\/www.europesays.com\/fr\/wp-json\/wp\/v2\/comments?post=290576"}],"version-history":[{"count":0,"href":"https:\/\/www.europesays.com\/fr\/wp-json\/wp\/v2\/posts\/290576\/revisions"}],"wp:featuredmedia":[{"embeddable":true,"href":"https:\/\/www.europesays.com\/fr\/wp-json\/wp\/v2\/media\/290577"}],"wp:attachment":[{"href":"https:\/\/www.europesays.com\/fr\/wp-json\/wp\/v2\/media?parent=290576"}],"wp:term":[{"taxonomy":"category","embeddable":true,"href":"https:\/\/www.europesays.com\/fr\/wp-json\/wp\/v2\/categories?post=290576"},{"taxonomy":"post_tag","embeddable":true,"href":"https:\/\/www.europesays.com\/fr\/wp-json\/wp\/v2\/tags?post=290576"}],"curies":[{"name":"wp","href":"https:\/\/api.w.org\/{rel}","templated":true}]}}