{"id":290578,"date":"2025-08-02T04:44:13","date_gmt":"2025-08-02T04:44:13","guid":{"rendered":"https:\/\/www.europesays.com\/fr\/290578\/"},"modified":"2025-08-02T04:44:13","modified_gmt":"2025-08-02T04:44:13","slug":"saint-etienne-avec-16-000-boites-dallumettes-dans-sa-collection-jean-luc-est-philumeniste","status":"publish","type":"post","link":"https:\/\/www.europesays.com\/fr\/290578\/","title":{"rendered":"Saint-\u00c9tienne. Avec 16 000 bo\u00eetes d\u2019allumettes dans sa collection, Jean-Luc est philum\u00e9niste"},"content":{"rendered":"<p>Tout a commenc\u00e9 quand il \u00e9tait adolescent. Dans le grenier de son oncle, Jean-Luc d\u00e9couvre un carton rempli de bo\u00eetes d\u2019allumettes coloniales. Une quinzaine d\u2019ann\u00e9es plus tard, lors d\u2019une visite au Carrefour des collectionneurs, il d\u00e9couvre des passionn\u00e9s de bo\u00eetes d\u2019allumettes ce qui r\u00e9veille en lui le souvenir de ce tr\u00e9sor familial qui dormait. La passion est n\u00e9e.<\/p>\n<p>  \u00ab\u00a0Ce que j\u2019aime, c\u2019est le contact\u00a0\u00bb<\/p>\n<p>Pour ce collectionneur, la recherche est avant tout une affaire de contact humain. Il sillonne les brocantes dans un rayon de 100 kilom\u00e8tres. L\u2019\u00e9change avec d\u2019autres collectionneurs, la d\u00e9couverte de l\u2019objet rare au d\u00e9tour d\u2019une all\u00e9e, voil\u00e0 ce qui motive Jean-Luc. \u00ab\u00a0Ce que j\u2019aime, c\u2019est le contact\u00a0\u00bb, explique le passionn\u00e9 qui refuse d\u2019acheter sur des sites internet afin de conserver des relations humaines. Si dans un premier temps, Jean-Luc achetait toutes les bo\u00eetes qu\u2019il trouvait, sa qu\u00eate s\u2019est maintenant restreinte.<\/p>\n<p>Propri\u00e9taire de bo\u00eetes de 110 pays diff\u00e9rents, il a d\u00e9cid\u00e9 dor\u00e9navant de se limiter aux bo\u00eetes d\u2019allumettes fran\u00e7aises d\u2019avant 1960, date \u00e0 laquelle la Seita (Soci\u00e9t\u00e9 d\u2019exploitation des tabacs et des allumettes) a cess\u00e9 sa production de bo\u00eetes. Aujourd\u2019hui, il n\u2019existe plus d\u2019allumettes fran\u00e7aises, elles sont principalement import\u00e9es d\u2019Inde ou d\u2019Afrique du Nord ce qui renforce l\u2019int\u00e9r\u00eat pour ces productions d\u2019antan.<\/p>\n<p>Au-del\u00e0 de l\u2019accumulation, le philum\u00e9niste est attir\u00e9 par le graphisme et les slogans d\u00e9suets tels que \u00ab\u00a0Pas de bon repas sans vin\u00a0\u00bb ou \u00ab\u00a0Le vin \u00e0 l\u2019\u00e9cole\u00a0\u00bb. Les bo\u00eetes de la fin du XIXe \u00a0si\u00e8cle, d\u2019une grande raret\u00e9 sont parmi ses pr\u00e9f\u00e9r\u00e9es.<\/p>\n<p>  Une collection de 16\u00a0000 bo\u00eetes d\u2019allumettes<\/p>\n<p>Outre les bo\u00eetes d\u2019allumettes proprement dites, Jean-Luc collectionne aussi les \u00e9tiquettes de bo\u00eetes d\u2019allumettes, il est cumyxaphile. Avant les ann\u00e9es 1960, les bo\u00eetes \u00e9taient orn\u00e9es d\u2019\u00e9tiquettes color\u00e9es coll\u00e9es avant que le graphisme ne soit directement imprim\u00e9 sur le carton.<\/p>\n<p>\u00ab\u00a0J\u2019affectionne particuli\u00e8rement une s\u00e9rie d\u2019\u00e9tiquettes s\u00e9rigraphi\u00e9es chinoises, donn\u00e9es \u00e0 l\u2019association France-Chine, il y a une vingtaine d\u2019ann\u00e9es, par un collectionneur chinois de passage \u00e0 Saint-Etienne. Ne sachant comment mettre ces documents en valeur, l\u2019association me les a gentiment offerts\u00a0\u00bb, explique le connaisseur. Cette s\u00e9rie magnifique est un exemple de rencontre inattendue et constitue un h\u00e9ritage pr\u00e9cieux \u00e0 pr\u00e9server.<\/p>\n<p>Cette collection impressionnante compos\u00e9e de 16\u00a0000 bo\u00eetes d\u2019allumettes et 7\u00a0000 \u00e9tiquettes de bo\u00eetes de tous pays confondus, est soigneusement rang\u00e9e dans des cartons, \u00e0 l\u2019abri de la lumi\u00e8re, pour la pr\u00e9server des affres du temps.<\/p>\n<p>        &#13;<br \/>\n          <a href=\"https:\/\/cdn-s-www.leprogres.fr\/images\/51d2c1d1-bded-47fd-b0f0-ce51e6f35c39\/NW_raw\/des-etiquettes-de-boites-d-allumettes-avec-un-graphisme-chinois-photo-fournie-par-jean-luc-maucors-1754067929.jpg\" title=\"Des \u00e9tiquettes de bo\u00eetes d\u2019allumettes avec un graphisme chinois.\u00a0 Photo fournie par Jean-Luc Maucors\" class=\"chocolat-image GA-tracking\" data-ga_type=\"click\" data-ga_category=\"D\u00e9tail\" data-ga_action=\"zoomer\" data-ga_label=\"agrandir image\" rel=\"nofollow noopener\" target=\"_blank\">&#13;<br \/>\n            <img loading=\"lazy\" decoding=\"async\" src=\"https:\/\/www.europesays.com\/fr\/wp-content\/uploads\/2025\/08\/des-etiquettes-de-boites-d-allumettes-avec-un-graphisme-chinois-photo-fournie-par-jean-luc-maucors-1.jpeg\" alt=\"Des \u00e9tiquettes de bo\u00eetes d\u2019allumettes avec un graphisme chinois.\u00a0 Photo fournie par Jean-Luc Maucors\"\/>&#13;<br \/>\n          <\/a>&#13;<br \/>\n          &#13;<\/p>\n<p class=\"insetTitle\">Les allumettes\u00a0: une histoire de progr\u00e8s et de s\u00e9curit\u00e9<\/p>\n<p>Les premi\u00e8res allumettes avec soufre et phosphore sont invent\u00e9es \u00e0 la fin du XVIIe \u00a0si\u00e8cle par l\u2019Anglais Robert Boyle. Il s\u2019agit alors de simples b\u00fbchettes de bois, tremp\u00e9es dans du soufre fondu qui s\u2019enflamment au contact d\u2019un corps br\u00fblant. \u00c0 partir de 1832, le Fran\u00e7ais Charles Sauria cr\u00e9e les allumettes au phosphore qui sont fabriqu\u00e9es industriellement en Allemagne. Con\u00e7ues avec du phosphore blanc, hautement toxique, elles provoquent des empoisonnements.<\/p>\n<p>En r\u00e9ponse \u00e0 cette probl\u00e9matique, un Su\u00e9dois remplace le phosphore blanc par du phosphore rouge, moins nocif, donnant naissance aux allumettes dites de s\u00fbret\u00e9 ou su\u00e9doises. Cette innovation est \u00e0 l\u2019origine du bout rouge que l\u2019on retrouve encore sur les allumettes modernes. La philum\u00e9nie offre une v\u00e9ritable plong\u00e9e dans l\u2019histoire, le design et l\u2019ing\u00e9niosit\u00e9 humaine.<\/p>\n","protected":false},"excerpt":{"rendered":"Tout a commenc\u00e9 quand il \u00e9tait adolescent. Dans le grenier de son oncle, Jean-Luc d\u00e9couvre un carton rempli&hellip;\n","protected":false},"author":2,"featured_media":290579,"comment_status":"","ping_status":"","sticky":false,"template":"","format":"standard","meta":{"footnotes":""},"categories":[9653],"tags":[1111,11,2430,1687,7539,1777,674,1011,27,3367,12,25,4001,7538],"class_list":{"0":"post-290578","1":"post","2":"type-post","3":"status-publish","4":"format-standard","5":"has-post-thumbnail","7":"category-saint-etienne","8":"tag-actu","9":"tag-actualites","10":"tag-auvergne-rhone-alpes","11":"tag-culture-loisirs","12":"tag-edition-loire-sud","13":"tag-eu","14":"tag-europe","15":"tag-fr","16":"tag-france","17":"tag-loire","18":"tag-news","19":"tag-republique-francaise","20":"tag-saint-etienne","21":"tag-saint-etienne-ville"},"share_on_mastodon":{"url":"https:\/\/pubeurope.com\/@fr\/114957350677931941","error":""},"_links":{"self":[{"href":"https:\/\/www.europesays.com\/fr\/wp-json\/wp\/v2\/posts\/290578","targetHints":{"allow":["GET"]}}],"collection":[{"href":"https:\/\/www.europesays.com\/fr\/wp-json\/wp\/v2\/posts"}],"about":[{"href":"https:\/\/www.europesays.com\/fr\/wp-json\/wp\/v2\/types\/post"}],"author":[{"embeddable":true,"href":"https:\/\/www.europesays.com\/fr\/wp-json\/wp\/v2\/users\/2"}],"replies":[{"embeddable":true,"href":"https:\/\/www.europesays.com\/fr\/wp-json\/wp\/v2\/comments?post=290578"}],"version-history":[{"count":0,"href":"https:\/\/www.europesays.com\/fr\/wp-json\/wp\/v2\/posts\/290578\/revisions"}],"wp:featuredmedia":[{"embeddable":true,"href":"https:\/\/www.europesays.com\/fr\/wp-json\/wp\/v2\/media\/290579"}],"wp:attachment":[{"href":"https:\/\/www.europesays.com\/fr\/wp-json\/wp\/v2\/media?parent=290578"}],"wp:term":[{"taxonomy":"category","embeddable":true,"href":"https:\/\/www.europesays.com\/fr\/wp-json\/wp\/v2\/categories?post=290578"},{"taxonomy":"post_tag","embeddable":true,"href":"https:\/\/www.europesays.com\/fr\/wp-json\/wp\/v2\/tags?post=290578"}],"curies":[{"name":"wp","href":"https:\/\/api.w.org\/{rel}","templated":true}]}}