{"id":290587,"date":"2025-08-02T04:58:15","date_gmt":"2025-08-02T04:58:15","guid":{"rendered":"https:\/\/www.europesays.com\/fr\/290587\/"},"modified":"2025-08-02T04:58:15","modified_gmt":"2025-08-02T04:58:15","slug":"quand-je-reviens-des-lices-je-suis-lessive-depuis-32-ans-rodrigue-chante-dans-les-rues-a-rennes","status":"publish","type":"post","link":"https:\/\/www.europesays.com\/fr\/290587\/","title":{"rendered":"\u00ab\u00a0Quand je reviens des Lices, je suis lessiv\u00e9\u00a0\u00bb\u00a0: depuis 32 ans, Rodrigue chante dans les rues \u00e0 Rennes"},"content":{"rendered":"<p>Sur le march\u00e9 des Lices, d\u00e8s 8h, un curieux personnage en marini\u00e8re bleu et aux cheveux en bataille se pose au milieu des commer\u00e7ants. Une chaise, une guitare, et voil\u00e0. Rodrigue Pailh\u00e8s, chanteur de rue, peut d\u00e9marrer sa journ\u00e9e. Avec sa guitare, il fredonne des paroles de Brassens pour accompagner les premiers clients venus faire leurs emplettes du matin.<\/p>\n<p>\u00c0 51 ans, il tra\u00eene avec lui une belle r\u00e9putation dans la capitale bretonne. \u00ab Les gens me connaissent bien car je suis chanteur de rue depuis 1993. J\u2019ai commenc\u00e9 quand j\u2019avais 19 ans ! \u00bb<\/p>\n<p>Form\u00e9 \u00e0 Rennes 2<\/p>\n<p>\u00c0 l\u2019\u00e9poque, Rodrigue, qui a pass\u00e9 toute son adolescence en Picardie, vient d\u2019arriver sur Rennes pour des \u00e9tudes de musicologie. \u00ab J\u2019ai rencontr\u00e9 des musiciens \u00e0 Rennes 2. Le soir on sortait boire des coups et en m\u00eame temps on faisait de la musique celtique, du rock, du blues et on chantait. \u00bb Il commence \u00e0 se produire dans la rue en groupe, puis, il y va seul. \u00ab La premi\u00e8re fois \u00e7a fait vachement peur \u00bb, se rem\u00e9more Rodrigue. \u00ab J\u2019\u00e9tais rue d\u2019Estr\u00e9es et cette journ\u00e9e-l\u00e0, j\u2019avais gagn\u00e9 300 francs alors qu\u2019\u00e0 l\u2019\u00e9poque, je vivais avec 1 000 francs par mois. Ce que je me souviens surtout, c\u2019est de mon simple plaisir de chanter. \u00bb<\/p>\n<p>32 ans plus tard, la passion ne l\u2019a pas quitt\u00e9. \u00ab J\u2019adore ce que je fais\u2026 J\u2019aime aussi simplement regarder les gens qui passent. Je peux observer une rue pendant 8h et je ne m\u2019ennuie pas. J\u2019essaie d\u2019imaginer \u00e0 quoi pense un enfant de 3 ans et demi ou une vieille dame qui ach\u00e8te ses poireaux. C\u2019est tr\u00e8s vivant en fait, c\u2019est sans doute pour \u00e7a que je ne m\u2019en lasse pas. \u00bb Pas besoin d\u2019un public fourni. Quelques passants et \u00e7a lui suffit.<\/p>\n<p><img decoding=\"async\" src=\"https:\/\/www.europesays.com\/fr\/wp-content\/uploads\/2025\/08\/6882539186f01136ff0f2103.1.jpeg\" width=\"480\" height=\"300\" class=\"web_golden_m\" loading=\"lazy\" alt=\"Rodrigue Pailhes est une figure bien connue des Rennais.\"\/>Rodrigue Pailhes est une figure bien connue des Rennais. (David Brunet)<\/p>\n<p>Parfois, certaines personnes osent s\u2019arr\u00eater et discuter avec lui. \u00ab \u00c7a en laisse beaucoup indiff\u00e9rent mais ce n\u2019est pas grave \u00bb rigole-t-il. \u00ab Il y a quand m\u00eame plein de gens qui viennent me voir. Tous ces petits moments, toutes ces petites discussions avec des personnes diff\u00e9rentes, c\u2019est \u00e7a qui me pla\u00eet. \u00bb<\/p>\n<p>Un habitu\u00e9 des Lices<\/p>\n<p>\u00c0 Rennes, Rodrigue tra\u00eene sa guitare de rue en rue, changeant toutes les heures car la r\u00e9glementation le lui impose. \u00ab Parfois je triche un peu, je fais une heure et quart au m\u00eame endroit \u00bb souffle-t-il. \u00ab Je me pose rue le Bastard, rue Vasselot, rue de Toulouse et tous les samedis au march\u00e9 des Lices. \u00bb Et justement, le march\u00e9, il le conna\u00eet par c\u0153ur apr\u00e8s toutes ces ann\u00e9es. \u00ab Les commer\u00e7ants, je les vois changer. Il y en a que je connais depuis 30 ans \u00bb raconte Rodrigue. \u00ab Je me souviens, il y avait le p\u00e8re, le grand-p\u00e8re et m\u00eame le petit-fils qui venait apprendre le m\u00e9tier. On voit les g\u00e9n\u00e9rations \u00e9voluer dans les commerces. \u00bb<\/p>\n<p>Et le samedi matin, l\u2019\u00e9v\u00e8nement s\u2019est vite impos\u00e9 comme incontournable dans son agenda. Car toutes les semaines, son public est au rendez-vous. <br \/>\u00ab Il y a toujours beaucoup de monde au march\u00e9, c\u2019est bien mais aussi tr\u00e8s \u00e9nergivore. Quand je reviens des Lices, je suis lessiv\u00e9 ! \u00bb s\u2019exclame-t-il. \u00ab Je rentre, je mange, je dors. J\u2019arrive au march\u00e9 \u00e0 8h du matin et je rentre chez moi \u00e0 14h, sans pauses ! \u00bb<\/p>\n<p>Des mauvais souvenirs<\/p>\n<p>Sur le march\u00e9 des Lices, les bons souvenirs c\u00f4toient aussi les mauvais. Rodrigue se souvient des quelques fois o\u00f9 des commer\u00e7ants, remont\u00e9s, s\u2019en sont pris \u00e0 lui. \u00ab Parfois, il y en a un qui gueule sous pr\u00e9texte que je l\u2019emb\u00eate, puis il commence \u00e0 monter ses voisins contre moi. Une fois, je m\u2019\u00e9tais fait virer d\u2019un stand car des gens sont all\u00e9s parler \u00e0 la police. C\u2019est moche. \u00bb<\/p>\n<p>Malgr\u00e9 tout, le chanteur ne baisse pas les bras et reste fid\u00e8le au poste. \u00ab Tous les jours faut y aller, faut gagner de l\u2019argent, m\u00eame s\u2019il y a des jours o\u00f9 je n\u2019ai pas envie d\u2019y aller. Quand on fait les choses avec passion et qu\u2019on sait pourquoi on les fait\u2026 on est content de les faire \u00bb. Et quand on lui parle d\u2019avenir, Rodrigue nous r\u00e9pond en rigolant : \u00ab Je n\u2019ai pas plus de plans maintenant que quand j\u2019avais 20 ans ! \u00bb. De cette phrase, comprenez que la musique n\u2019est pas pr\u00e8s de s\u2019arr\u00eater sur le march\u00e9 des Lices.<\/p>\n","protected":false},"excerpt":{"rendered":"Sur le march\u00e9 des Lices, d\u00e8s 8h, un curieux personnage en marini\u00e8re bleu et aux cheveux en bataille&hellip;\n","protected":false},"author":2,"featured_media":290588,"comment_status":"","ping_status":"","sticky":false,"template":"","format":"standard","meta":{"footnotes":""},"categories":[2821],"tags":[1111,11,829,1777,674,1011,27,848,12,584,25],"class_list":{"0":"post-290587","1":"post","2":"type-post","3":"status-publish","4":"format-standard","5":"has-post-thumbnail","7":"category-rennes","8":"tag-actu","9":"tag-actualites","10":"tag-bretagne","11":"tag-eu","12":"tag-europe","13":"tag-fr","14":"tag-france","15":"tag-ille-et-vilaine","16":"tag-news","17":"tag-rennes","18":"tag-republique-francaise"},"share_on_mastodon":{"url":"https:\/\/pubeurope.com\/@fr\/114957405689045092","error":""},"_links":{"self":[{"href":"https:\/\/www.europesays.com\/fr\/wp-json\/wp\/v2\/posts\/290587","targetHints":{"allow":["GET"]}}],"collection":[{"href":"https:\/\/www.europesays.com\/fr\/wp-json\/wp\/v2\/posts"}],"about":[{"href":"https:\/\/www.europesays.com\/fr\/wp-json\/wp\/v2\/types\/post"}],"author":[{"embeddable":true,"href":"https:\/\/www.europesays.com\/fr\/wp-json\/wp\/v2\/users\/2"}],"replies":[{"embeddable":true,"href":"https:\/\/www.europesays.com\/fr\/wp-json\/wp\/v2\/comments?post=290587"}],"version-history":[{"count":0,"href":"https:\/\/www.europesays.com\/fr\/wp-json\/wp\/v2\/posts\/290587\/revisions"}],"wp:featuredmedia":[{"embeddable":true,"href":"https:\/\/www.europesays.com\/fr\/wp-json\/wp\/v2\/media\/290588"}],"wp:attachment":[{"href":"https:\/\/www.europesays.com\/fr\/wp-json\/wp\/v2\/media?parent=290587"}],"wp:term":[{"taxonomy":"category","embeddable":true,"href":"https:\/\/www.europesays.com\/fr\/wp-json\/wp\/v2\/categories?post=290587"},{"taxonomy":"post_tag","embeddable":true,"href":"https:\/\/www.europesays.com\/fr\/wp-json\/wp\/v2\/tags?post=290587"}],"curies":[{"name":"wp","href":"https:\/\/api.w.org\/{rel}","templated":true}]}}