{"id":290589,"date":"2025-08-02T04:59:09","date_gmt":"2025-08-02T04:59:09","guid":{"rendered":"https:\/\/www.europesays.com\/fr\/290589\/"},"modified":"2025-08-02T04:59:09","modified_gmt":"2025-08-02T04:59:09","slug":"rennes-a-la-rentree-la-belle-dechette-vous-ouvre-les-portes-de-ses-coulisses-pour-une-vente-exceptionnelle","status":"publish","type":"post","link":"https:\/\/www.europesays.com\/fr\/290589\/","title":{"rendered":"Rennes. \u00c0 la rentr\u00e9e, la Belle D\u00e9chette vous ouvre les portes de ses coulisses pour une \u00ab\u00a0vente exceptionnelle\u00a0\u00bb"},"content":{"rendered":"<p>            Par<br \/>\n        <strong><br \/>\n            <a href=\"https:\/\/actu.fr\/auteur\/lou-batteux\" title=\"Consulter tous les articles de Lou Batteux\" target=\"_blank\" rel=\"noopener\">Lou Batteux<\/a><br \/>\n        <\/strong><\/p>\n<p>        Publi\u00e9 le<\/p>\n<p>            2 ao\u00fbt 2025 \u00e0 6h46        <\/p>\n<p>Apr\u00e8s des vacances bien m\u00e9rit\u00e9es, <a href=\"https:\/\/actu.fr\/bretagne\/rennes_35238\/rennes-la-belle-dechette-demenage-a-la-courrouze-et-voit-plus-grand_60622957.html\" target=\"_blank\" rel=\"noopener\">La Belle D\u00e9chette<\/a> reviendra en beaut\u00e9. <strong>Samedi 6\u00a0septembre<\/strong>, la ressourcerie \u00ab\u2009ouvrira exceptionnellement les portes de son <strong>espace de stockage<\/strong>\u2009\u00bb, annonce-t-elle sur <a href=\"https:\/\/www.instagram.com\/labelledechette?utm_source=ig_web_button_share_sheet&amp;igsh=ZDNlZDc0MzIxNw==\" target=\"_blank\" rel=\"noopener\">sa page Instagram<\/a>.<\/p>\n<p class=\" wall-content\">Elle donne rendez-vous aux Rennais <strong>de 10h \u00e0 18h<\/strong>, \u00e0 La R\u00e9serve, aux Halles en Commun (24, avenue Jules-Maniez \u00e0 Rennes) pour un <strong>grand d\u00e9stockage<\/strong>.<\/p>\n<p class=\" wall-content\"><a href=\"https:\/\/www.instagram.com\/p\/DMss39hSXrU\/embed\" title=\"Ouvrir le lien sur Instagram\" target=\"_blank\" rel=\"noopener\">Visualiser le contenu sur Instagram<\/a><\/p>\n<p>Au programme<\/p>\n<p class=\" wall-content\">La R\u00e9serve de la Belle D\u00e9chette, c\u2019est un lieu de <strong>tri, de valorisation et de r\u00e9emploi d\u2019objets usag\u00e9s<\/strong>. Lors de son ouverture exceptionnelle, vous pourrez donc d\u00e9couvrir ce grand espace de stockage gr\u00e2ce \u00e0 un <strong>parcours de visite<\/strong> sp\u00e9cialement pr\u00e9vu pour l\u2019occasion.<\/p>\n<p class=\" wall-content\">Textile, d\u00e9coration, livres, CDs, vinyles, vaisselle, meubles\u2026 De nombreux objets de seconde main seront disponibles \u00e0 l\u2019achat. La Belle D\u00e9chette indique qu\u2019il y aura \u00ab\u2009peut-\u00eatre m\u00eame quelques <strong>p\u00e9pites inattendues<\/strong>\u2009\u00bb.<\/p>\n<p class=\" wall-content\">L\u2019entr\u00e9e est <strong>libre et ouverte \u00e0 tous<\/strong> pour que chacun puisse \u00ab\u2009contribuer \u00e0 une consommation plus responsable et circulaire\u2009\u00bb, assure La Belle D\u00e9chette.<\/p>\n<p>Actuellement ferm\u00e9es depuis le samedi 26\u00a0juillet, les boutiques de La Belle D\u00e9chette rouvriront le\u00a0jeudi 21\u00a0ao\u00fbt (pour La R\u00e9serve) et\u00a0le vendredi 22\u00a0ao\u00fbt (pour la boutique du Centre).<\/p>\n<p class=\" wall-content\">Suivez toute l\u2019actualit\u00e9 de vos villes et m\u00e9dias favoris en vous inscrivant \u00e0 <a href=\"https:\/\/moncompte.actu.fr\" title=\"D\u00e9couvez Mon Actu\" rel=\"nofollow noopener\" data-trk=\"{&quot;cta&quot;:{&quot;action&quot;:&quot;https:\\\/\\\/moncompte.actu.fr&quot;,&quot;category&quot;:&quot;mon compte&quot;,&quot;from&quot;:&quot;article footer&quot;,&quot;name&quot;:&quot;Mon actu&quot;,&quot;type&quot;:&quot;cta&quot;}}\" target=\"_blank\">Mon Actu<\/a>.<\/p>\n<ul class=\"ac-article-tag wall-content\">\n<li><a href=\"https:\/\/actu.fr\/tag\/consommation\" data-trk=\"{&quot;cta&quot;:{&quot;action&quot;:&quot;Consommation&quot;,&quot;category&quot;:&quot;tag&quot;,&quot;from&quot;:&quot;article footer&quot;,&quot;name&quot;:&quot;Consommation&quot;,&quot;type&quot;:&quot;cta&quot;}}\" target=\"_blank\" rel=\"noopener\">#Consommation<\/a><\/li>\n<li><a href=\"https:\/\/actu.fr\/tag\/seconde-main\" data-trk=\"{&quot;cta&quot;:{&quot;action&quot;:&quot;Seconde main&quot;,&quot;category&quot;:&quot;tag&quot;,&quot;from&quot;:&quot;article footer&quot;,&quot;name&quot;:&quot;Seconde main&quot;,&quot;type&quot;:&quot;cta&quot;}}\" target=\"_blank\" rel=\"noopener\">#Seconde main<\/a><\/li>\n<\/ul>\n<p>                    <script async src=\"\/\/www.instagram.com\/embed.js\"><\/script><\/p>\n","protected":false},"excerpt":{"rendered":"Par Lou Batteux Publi\u00e9 le 2 ao\u00fbt 2025 \u00e0 6h46 Apr\u00e8s des vacances bien m\u00e9rit\u00e9es, La Belle D\u00e9chette&hellip;\n","protected":false},"author":2,"featured_media":290590,"comment_status":"","ping_status":"","sticky":false,"template":"","format":"standard","meta":{"footnotes":""},"categories":[2821],"tags":[1111,11,829,130,1777,674,1011,27,1652,12,584,25,7167],"class_list":{"0":"post-290589","1":"post","2":"type-post","3":"status-publish","4":"format-standard","5":"has-post-thumbnail","7":"category-rennes","8":"tag-actu","9":"tag-actualites","10":"tag-bretagne","11":"tag-consommation","12":"tag-eu","13":"tag-europe","14":"tag-fr","15":"tag-france","16":"tag-loisirs-culture","17":"tag-news","18":"tag-rennes","19":"tag-republique-francaise","20":"tag-seconde-main"},"share_on_mastodon":{"url":"https:\/\/pubeurope.com\/@fr\/114957409491300881","error":""},"_links":{"self":[{"href":"https:\/\/www.europesays.com\/fr\/wp-json\/wp\/v2\/posts\/290589","targetHints":{"allow":["GET"]}}],"collection":[{"href":"https:\/\/www.europesays.com\/fr\/wp-json\/wp\/v2\/posts"}],"about":[{"href":"https:\/\/www.europesays.com\/fr\/wp-json\/wp\/v2\/types\/post"}],"author":[{"embeddable":true,"href":"https:\/\/www.europesays.com\/fr\/wp-json\/wp\/v2\/users\/2"}],"replies":[{"embeddable":true,"href":"https:\/\/www.europesays.com\/fr\/wp-json\/wp\/v2\/comments?post=290589"}],"version-history":[{"count":0,"href":"https:\/\/www.europesays.com\/fr\/wp-json\/wp\/v2\/posts\/290589\/revisions"}],"wp:featuredmedia":[{"embeddable":true,"href":"https:\/\/www.europesays.com\/fr\/wp-json\/wp\/v2\/media\/290590"}],"wp:attachment":[{"href":"https:\/\/www.europesays.com\/fr\/wp-json\/wp\/v2\/media?parent=290589"}],"wp:term":[{"taxonomy":"category","embeddable":true,"href":"https:\/\/www.europesays.com\/fr\/wp-json\/wp\/v2\/categories?post=290589"},{"taxonomy":"post_tag","embeddable":true,"href":"https:\/\/www.europesays.com\/fr\/wp-json\/wp\/v2\/tags?post=290589"}],"curies":[{"name":"wp","href":"https:\/\/api.w.org\/{rel}","templated":true}]}}