{"id":290591,"date":"2025-08-02T05:00:13","date_gmt":"2025-08-02T05:00:13","guid":{"rendered":"https:\/\/www.europesays.com\/fr\/290591\/"},"modified":"2025-08-02T05:00:13","modified_gmt":"2025-08-02T05:00:13","slug":"strasbourg-le-conducteur-transportait-plus-dun-kilo-dherbe-de-cannabis-et-roulait-sans-ceinture","status":"publish","type":"post","link":"https:\/\/www.europesays.com\/fr\/290591\/","title":{"rendered":"Strasbourg. Le conducteur transportait plus d\u2019un kilo d\u2019herbe de cannabis et roulait sans ceinture"},"content":{"rendered":"<p>Le 25\u00a0juillet dernier, vers 17\u00a0h\u00a045, deux policiers contr\u00f4lent un automobiliste pour non-port de sa ceinture de s\u00e9curit\u00e9, avenue des Vosges \u00e0 Strasbourg. Alors qu\u2019ils s\u2019approchent du v\u00e9hicule dans lequel se trouvent trois hommes, ils constatent qu\u2019une forte odeur de cannabis s\u2019\u00e9chappe de l\u2019habitacle. Le conducteur est test\u00e9 positif au cannabis, tandis qu\u2019un couteau d\u00e9passe de sa poche.<\/p>\n<p>Une seconde patrouille, appel\u00e9e en renfort, r\u00e9cup\u00e8re un sac de sport au pied du passager et un sachet transparent \u00e0 l\u2019arri\u00e8re dans lequel ils quantifient plus de 1,3 kilo d\u2019herbe de cannabis et une quarantaine de grammes de coca\u00efne, d\u00e9j\u00e0 conditionn\u00e9s. Les traces papillaires des passagers avant et arri\u00e8re sont d\u2019ailleurs retrouv\u00e9es sur deux pochons.<\/p>\n<p>  \u00ab\u00a0Un dossier n\u00e9buleux\u00a0\u00bb<\/p>\n<p>Au terme de leur garde \u00e0 vue et de leur jugement ce jeudi 31\u00a0juillet devant le tribunal judiciaire, impossible de conna\u00eetre le r\u00f4le de chacun des mis en cause, tant leurs versions s\u2019opposent et fluctuent. \u00ab\u00a0Il y a beaucoup d\u2019interrogations dans ce dossier\u00a0\u00bb, confirme la repr\u00e9sentante du minist\u00e8re public, tandis que l\u2019une des avocates de la d\u00e9fense Me B\u00e9rang\u00e8re Quenot parle d\u2019un \u00ab\u00a0dossier n\u00e9buleux\u00a0\u00bb.<\/p>\n<p>Apr\u00e8s d\u00e9lib\u00e9ration, le conducteur \u00e2g\u00e9 de 22 ans a \u00e9t\u00e9 relax\u00e9 des faits de transport et de d\u00e9tention de stup\u00e9fiants. Il a \u00e9t\u00e9 condamn\u00e9 pour la conduite sous emprise de cannabis et le port d\u2019arme \u00e0 quatre mois de prison ferme, qu\u2019il effectuera sous bracelet \u00e9lectronique.<\/p>\n<p>C\u00e9dric Foze, 23 ans, et Chamil Moussaev, 28 ans, ont \u00e9cop\u00e9 de sept mois de prison ferme. Une d\u00e9tention qu\u2019ils purgeront \u00e0 domicile sous surveillance \u00e9lectronique.<\/p>\n","protected":false},"excerpt":{"rendered":"Le 25\u00a0juillet dernier, vers 17\u00a0h\u00a045, deux policiers contr\u00f4lent un automobiliste pour non-port de sa ceinture de s\u00e9curit\u00e9, avenue&hellip;\n","protected":false},"author":2,"featured_media":290592,"comment_status":"","ping_status":"","sticky":false,"template":"","format":"standard","meta":{"footnotes":""},"categories":[2820],"tags":[1111,11,271,272,2880,1777,674,274,107,1011,27,775,3035,12,25,640,2879],"class_list":{"0":"post-290591","1":"post","2":"type-post","3":"status-publish","4":"format-standard","5":"has-post-thumbnail","7":"category-strasbourg","8":"tag-actu","9":"tag-actualites","10":"tag-crime","11":"tag-delit-et-contravention","12":"tag-edition-strasbourg","13":"tag-eu","14":"tag-europe","15":"tag-faits-divers-justice","16":"tag-fil-info","17":"tag-fr","18":"tag-france","19":"tag-grand-est","20":"tag-la-matinale-strasbourg","21":"tag-news","22":"tag-republique-francaise","23":"tag-strasbourg","24":"tag-strasbourg-ville"},"share_on_mastodon":{"url":"https:\/\/pubeurope.com\/@fr\/114957413498590102","error":""},"_links":{"self":[{"href":"https:\/\/www.europesays.com\/fr\/wp-json\/wp\/v2\/posts\/290591","targetHints":{"allow":["GET"]}}],"collection":[{"href":"https:\/\/www.europesays.com\/fr\/wp-json\/wp\/v2\/posts"}],"about":[{"href":"https:\/\/www.europesays.com\/fr\/wp-json\/wp\/v2\/types\/post"}],"author":[{"embeddable":true,"href":"https:\/\/www.europesays.com\/fr\/wp-json\/wp\/v2\/users\/2"}],"replies":[{"embeddable":true,"href":"https:\/\/www.europesays.com\/fr\/wp-json\/wp\/v2\/comments?post=290591"}],"version-history":[{"count":0,"href":"https:\/\/www.europesays.com\/fr\/wp-json\/wp\/v2\/posts\/290591\/revisions"}],"wp:featuredmedia":[{"embeddable":true,"href":"https:\/\/www.europesays.com\/fr\/wp-json\/wp\/v2\/media\/290592"}],"wp:attachment":[{"href":"https:\/\/www.europesays.com\/fr\/wp-json\/wp\/v2\/media?parent=290591"}],"wp:term":[{"taxonomy":"category","embeddable":true,"href":"https:\/\/www.europesays.com\/fr\/wp-json\/wp\/v2\/categories?post=290591"},{"taxonomy":"post_tag","embeddable":true,"href":"https:\/\/www.europesays.com\/fr\/wp-json\/wp\/v2\/tags?post=290591"}],"curies":[{"name":"wp","href":"https:\/\/api.w.org\/{rel}","templated":true}]}}