{"id":290595,"date":"2025-08-02T05:02:10","date_gmt":"2025-08-02T05:02:10","guid":{"rendered":"https:\/\/www.europesays.com\/fr\/290595\/"},"modified":"2025-08-02T05:02:10","modified_gmt":"2025-08-02T05:02:10","slug":"apres-avoir-navigue-sur-le-danube-et-la-mer-noire-ce-couple-de-varois-met-le-cap-sur-nice-pour-la-derniere-etape-de-son-periple-en-voilier","status":"publish","type":"post","link":"https:\/\/www.europesays.com\/fr\/290595\/","title":{"rendered":"Apr\u00e8s avoir navigu\u00e9 sur le Danube et la mer Noire, ce couple de Varois met le cap sur Nice pour la derni\u00e8re \u00e9tape de son p\u00e9riple en voilier"},"content":{"rendered":"<p>Install\u00e9 \u00e0 Saint-Georges, dernier village avant l\u2019embouchure du Danube, le couple Saint-Maximinois prend un instant pour souffler.<\/p>\n<p>Pauline Labrot et Thomas Bousquet, partis fin mars pour une exp\u00e9dition sur le Danube, entament la derni\u00e8re phase de leur p\u00e9riple.<\/p>\n<p>\u00ab\u00a0On a vu la mer Noire pour la premi\u00e8re fois. C\u2019est effrayant et excitant \u00e0 la fois.\u00a0\u00bb Effrayant, car cette mer est instable et redout\u00e9e des marins: \u00ab\u00a0Cette semaine, il y a eu quatre morts. On nous demande souvent si c\u2019est raisonnable de la traverser avec notre bateau.\u00a0\u00bb<\/p>\n<p>Mais avant de hisser les voiles vers la M\u00e9diterran\u00e9e, c\u2019est le moment du bilan. L\u2019exp\u00e9dition fluviale est un succ\u00e8s: 2.080 kilom\u00e8tres parcourus depuis Linz, en Autriche, jusqu\u2019au delta.<\/p>\n<p>\u00ab\u00a0Je suis la premi\u00e8re femme du XXIe si\u00e8cle \u00e0 avoir descendu le Danube en voilier\u00a0\u00bb, souligne Pauline avec \u00e9motion.<\/p>\n<p>Naviguer dans les canaux \u00e9troits du delta, entre les bras du fleuve, les roseaux et les chevaux sauvages a marqu\u00e9 l\u2019\u00e9quipage. \u00ab\u00a0C\u2019\u00e9tait incroyable de bouger comme un escargot avec sa maison sur le dos.\u00a0\u00bb<\/p>\n<p>Les pr\u00e9l\u00e8vements de microplastiques \u2013 car c\u2019\u00e9tait bien l\u00e0 l\u2019objectif \u2013 se sont poursuivis jusqu\u2019\u00e0 la fin, m\u00eame si la r\u00e9alit\u00e9 du terrain a impos\u00e9 quelques ajustements. \u00ab\u00a0On est un peu utopistes avant de partir. Mais ce qu\u2019on a pu collecter est coh\u00e9rent avec nos attentes.\u00a0\u00bb<\/p>\n<p>Le traitement et l\u2019analyse de ces donn\u00e9es se feront au retour, tout comme le montage du documentaire.<\/p>\n<p>Une derni\u00e8re ligne droite\u2026 pleine de risques<\/p>\n<p>\u00ab\u00a0On est un peu en deuil de cette navigation fluviale.\u00a0\u00bb En quittant le Danube, c\u2019est une phase plus technique et sereine qui s\u2019ach\u00e8ve. Place maintenant \u00e0 l\u2019inconnu, sur une mer instable, immense et bleue \u00e0 perte de vue.<\/p>\n<p>\u00ab\u00a0Ce qui arrive n\u2019aura plus rien \u00e0 voir. On risque d\u00e9sormais notre vie, pas seulement celle du bateau.\u00a0\u00bb<\/p>\n<p>Cap sur Constan\u021ba, puis Istanbul pour les r\u00e9parations, avec des arr\u00eats envisag\u00e9s dans des zones humides en Gr\u00e8ce et en Italie.<\/p>\n<p>L\u2019objectif reste le m\u00eame: documenter, comprendre, sensibiliser.<\/p>\n<p>Le retour est pr\u00e9vu entre Nice et Marseille \u00e0 la mi-octobre. Mais l\u2019exp\u00e9dition ne s\u2019arr\u00eate pas l\u00e0. \u00ab\u00a0Je vais \u00e9crire deux livres, un sur la descente du Danube, l\u2019autre sur la travers\u00e9e maritime, toujours avec ce regard de naturaliste.\u00a0\u00bb<\/p>\n<p>Le documentaire, les conf\u00e9rences et les rencontres suivront. Et peut-\u00eatre, une nouvelle exp\u00e9dition autour des milieux humides europ\u00e9ens. \u00ab\u00a0J\u2019ai ador\u00e9 cette exploration. On peut explorer pr\u00e8s de chez soi. La preuve, on l\u2019a fait.\u00a0\u00bb<\/p>\n<p>Ce que Pauline retient? \u00ab\u00a0Il faut aujourd\u2019hui se cacher pour observer le vivant. Il est merveilleux, mais menac\u00e9.\u00a0\u00bb<\/p>\n","protected":false},"excerpt":{"rendered":"Install\u00e9 \u00e0 Saint-Georges, dernier village avant l\u2019embouchure du Danube, le couple Saint-Maximinois prend un instant pour souffler. Pauline&hellip;\n","protected":false},"author":2,"featured_media":290596,"comment_status":"","ping_status":"","sticky":false,"template":"","format":"standard","meta":{"footnotes":""},"categories":[2819],"tags":[1111,11,11130,1777,674,1011,27,12,2401,882,25,3366],"class_list":{"0":"post-290595","1":"post","2":"type-post","3":"status-publish","4":"format-standard","5":"has-post-thumbnail","7":"category-nice","8":"tag-actu","9":"tag-actualites","10":"tag-belle-histoire","11":"tag-eu","12":"tag-europe","13":"tag-fr","14":"tag-france","15":"tag-news","16":"tag-nice","17":"tag-provence-alpes-cote-dazur","18":"tag-republique-francaise","19":"tag-vie-locale"},"share_on_mastodon":{"url":"https:\/\/pubeurope.com\/@fr\/114957421394399513","error":""},"_links":{"self":[{"href":"https:\/\/www.europesays.com\/fr\/wp-json\/wp\/v2\/posts\/290595","targetHints":{"allow":["GET"]}}],"collection":[{"href":"https:\/\/www.europesays.com\/fr\/wp-json\/wp\/v2\/posts"}],"about":[{"href":"https:\/\/www.europesays.com\/fr\/wp-json\/wp\/v2\/types\/post"}],"author":[{"embeddable":true,"href":"https:\/\/www.europesays.com\/fr\/wp-json\/wp\/v2\/users\/2"}],"replies":[{"embeddable":true,"href":"https:\/\/www.europesays.com\/fr\/wp-json\/wp\/v2\/comments?post=290595"}],"version-history":[{"count":0,"href":"https:\/\/www.europesays.com\/fr\/wp-json\/wp\/v2\/posts\/290595\/revisions"}],"wp:featuredmedia":[{"embeddable":true,"href":"https:\/\/www.europesays.com\/fr\/wp-json\/wp\/v2\/media\/290596"}],"wp:attachment":[{"href":"https:\/\/www.europesays.com\/fr\/wp-json\/wp\/v2\/media?parent=290595"}],"wp:term":[{"taxonomy":"category","embeddable":true,"href":"https:\/\/www.europesays.com\/fr\/wp-json\/wp\/v2\/categories?post=290595"},{"taxonomy":"post_tag","embeddable":true,"href":"https:\/\/www.europesays.com\/fr\/wp-json\/wp\/v2\/tags?post=290595"}],"curies":[{"name":"wp","href":"https:\/\/api.w.org\/{rel}","templated":true}]}}