{"id":290600,"date":"2025-08-02T05:06:16","date_gmt":"2025-08-02T05:06:16","guid":{"rendered":"https:\/\/www.europesays.com\/fr\/290600\/"},"modified":"2025-08-02T05:06:16","modified_gmt":"2025-08-02T05:06:16","slug":"la-bernerie-en-retz-les-historiens-recueillent-les-souvenirs-des-aines","status":"publish","type":"post","link":"https:\/\/www.europesays.com\/fr\/290600\/","title":{"rendered":"La Bernerie-en-Retz. Les historiens recueillent les souvenirs des a\u00een\u00e9s"},"content":{"rendered":"<p>\u00c0 l\u2019initiative de M\u00e9lanie Gineau, animatrice \u00e0 la r\u00e9sidence du Soleil, l\u2019association Richesses patrimoniales, naturelles et d\u00e9fense de c\u00f4te (RPNDC) et la Nouvelle maison de l\u2019histoire (NMH) ont propos\u00e9 aux r\u00e9sidents une balade virtuelle de La Bernerie, jeudi. \u00a0Il s\u2019agissait d\u2019instaurer un lien interg\u00e9n\u00e9rationnel et de mobiliser quelques souvenirs. Compte tenu de leur \u00e2ge, ces personnes ont connu la Seconde Guerre mondiale et la commune d\u2019antan,indique Fran\u00e7ois Asin, m\u00e9diateur \u00e0 la NMH. Par la suite, les plus valides sont venus en minibus voir l\u2019exposition en cours \u00e0 la Maison de l\u2019histoire sur la Seconde Guerre mondiale dans le pays de Retz.\u00a0 M\u00eame si la majorit\u00e9 des r\u00e9sidents ne sont pas de la commune, ces derniers se sont montr\u00e9s \u00a0tr\u00e8s int\u00e9ress\u00e9s\u00a0\u00bb. Pour les Berneriens, cette animation leur a rappel\u00e9 des souvenirs \u00a0et certains \u00e9taient tr\u00e8s \u00e9mus\u00a0\u00bb. Quoi qu\u2019il en soit, \u00a0des r\u00e9sidents nous attendent d\u00e9j\u00e0 pour r\u00e9colter leurs t\u00e9moignages et il est convenu de se revoir autour de photos et anecdotes\u00a0, \u00e9voque Gilles Guingnier, pr\u00e9sident de RPNDC.<\/p>\n<p>\u00a0<\/p>\n","protected":false},"excerpt":{"rendered":"\u00c0 l\u2019initiative de M\u00e9lanie Gineau, animatrice \u00e0 la r\u00e9sidence du Soleil, l\u2019association Richesses patrimoniales, naturelles et d\u00e9fense de&hellip;\n","protected":false},"author":2,"featured_media":290601,"comment_status":"","ping_status":"","sticky":false,"template":"","format":"standard","meta":{"footnotes":""},"categories":[2818],"tags":[1111,11,18462,42970,1777,674,1011,27,27708,766,12,2636,42971,25,17074],"class_list":{"0":"post-290600","1":"post","2":"type-post","3":"status-publish","4":"format-standard","5":"has-post-thumbnail","7":"category-nantes","8":"tag-actu","9":"tag-actualites","10":"tag-aines","11":"tag-bernerie-en-retz","12":"tag-eu","13":"tag-europe","14":"tag-fr","15":"tag-france","16":"tag-historiens","17":"tag-nantes","18":"tag-news","19":"tag-pays-de-la-loire","20":"tag-recueillent","21":"tag-republique-francaise","22":"tag-souvenirs"},"share_on_mastodon":{"url":"https:\/\/pubeurope.com\/@fr\/114957437120360303","error":""},"_links":{"self":[{"href":"https:\/\/www.europesays.com\/fr\/wp-json\/wp\/v2\/posts\/290600","targetHints":{"allow":["GET"]}}],"collection":[{"href":"https:\/\/www.europesays.com\/fr\/wp-json\/wp\/v2\/posts"}],"about":[{"href":"https:\/\/www.europesays.com\/fr\/wp-json\/wp\/v2\/types\/post"}],"author":[{"embeddable":true,"href":"https:\/\/www.europesays.com\/fr\/wp-json\/wp\/v2\/users\/2"}],"replies":[{"embeddable":true,"href":"https:\/\/www.europesays.com\/fr\/wp-json\/wp\/v2\/comments?post=290600"}],"version-history":[{"count":0,"href":"https:\/\/www.europesays.com\/fr\/wp-json\/wp\/v2\/posts\/290600\/revisions"}],"wp:featuredmedia":[{"embeddable":true,"href":"https:\/\/www.europesays.com\/fr\/wp-json\/wp\/v2\/media\/290601"}],"wp:attachment":[{"href":"https:\/\/www.europesays.com\/fr\/wp-json\/wp\/v2\/media?parent=290600"}],"wp:term":[{"taxonomy":"category","embeddable":true,"href":"https:\/\/www.europesays.com\/fr\/wp-json\/wp\/v2\/categories?post=290600"},{"taxonomy":"post_tag","embeddable":true,"href":"https:\/\/www.europesays.com\/fr\/wp-json\/wp\/v2\/tags?post=290600"}],"curies":[{"name":"wp","href":"https:\/\/api.w.org\/{rel}","templated":true}]}}