{"id":290613,"date":"2025-08-02T05:14:11","date_gmt":"2025-08-02T05:14:11","guid":{"rendered":"https:\/\/www.europesays.com\/fr\/290613\/"},"modified":"2025-08-02T05:14:11","modified_gmt":"2025-08-02T05:14:11","slug":"une-salle-de-shoot-reclamee-durgence","status":"publish","type":"post","link":"https:\/\/www.europesays.com\/fr\/290613\/","title":{"rendered":"une \u00ab\u00a0salle de shoot\u00a0\u00bb r\u00e9clam\u00e9e d&rsquo;urgence"},"content":{"rendered":"<p>            Par<br \/>\n        <strong><br \/>\n            <a href=\"https:\/\/actu.fr\/auteur\/redaction-marseille\" title=\"Consulter tous les articles de R\u00e9daction Marseille\" target=\"_blank\" rel=\"noopener\">R\u00e9daction Marseille<\/a><br \/>\n        <\/strong><\/p>\n<p>        Publi\u00e9 le<\/p>\n<p>            2 ao\u00fbt 2025 \u00e0 6h40        <\/p>\n<p>La <strong>col\u00e8re<\/strong> des habitants du centre-ville de <a href=\"https:\/\/actu.fr\/marseille\/\" target=\"_blank\" rel=\"noopener\">Marseille<\/a> face aux \u00ab\u2009zombies\u2009\u00bb pr\u00e9sents dans les rues sous l\u2019effet de la <a href=\"https:\/\/actu.fr\/tag\/cocaine\" target=\"_blank\" rel=\"noopener\">coca\u00efne<\/a>, notamment, ne s\u2019apaise pas. Ils s\u2019organisent avec des associations pour qu\u2019une solution soit enfin propos\u00e9 aux consommateurs.<\/p>\n<p class=\" wall-content\">Plusieurs associations et collectifs de riverains du centre de la pr\u00e9fecture des <a href=\"https:\/\/actu.fr\/provence-alpes-cote-d-azur\/bouches-du-rhone_13\" target=\"_blank\" rel=\"noopener\">Bouches-du-Rh\u00f4ne<\/a> r\u00e9clament des moyens, et notamment l\u2019ouverture d\u2019une <strong>HSA (Halte soins addictions)<\/strong>, d\u00e9non\u00e7ant la d\u00e9gradation rapide de la situation des personnes en grande pr\u00e9carit\u00e9 et consommatrices de <a href=\"https:\/\/actu.fr\/tag\/drogue\" target=\"_blank\" rel=\"noopener\">drogues<\/a>.<\/p>\n<p>L\u2019implantation d\u2019un lieu de consommation s\u00e9curis\u00e9 r\u00e9clam\u00e9e<\/p>\n<p class=\" wall-content\">\u00ab\u2009Pour la premi\u00e8re fois, associations et collectifs de riverains ont d\u00e9cid\u00e9 de joindre leurs forces\u2009\u00bb, dans l\u2019espoir \u00ab\u2009d\u2019\u00eatre enfin entendus\u2009\u00bb, ont \u00e9crit jeudi dans un communiqu\u00e9 conjoint des riverains et plusieurs associations de pr\u00e9vention comme <strong>M\u00e9decins du monde<\/strong>.<\/p>\n<p class=\" wall-content\">Nous demandons la \u00ab\u2009reprise des discussions concernant l\u2019implantation d\u2019une HSA\u2009\u00bb, un projet suspendu en janvier\u00a02024, \u00e9crivent-ils.<\/p>\n<p class=\" wall-content\">Les signataires du communiqu\u00e9 affirment que les associations travaillant dans le centre-ville \u00ab\u2009constatent toutes depuis 2023 <strong>une hausse sans pr\u00e9c\u00e9dent<\/strong> du nombre de personnes qui ont besoin d\u2019<strong>accompagnement m\u00e9dico-psycho-social<\/strong> sur le long terme\u2009\u00bb.<\/p>\n<p>Le nombre de consommateur a doubl\u00e9 en deux ans<\/p>\n<p class=\" wall-content\">Ils expliquent \u00e9galement que le nombre de consommateurs de drogues \u00ab\u2009ultra-pr\u00e9caris\u00e9s\u2009\u00bb a <strong>doubl\u00e9 en centre-ville depuis 2023<\/strong>, faute notamment de \u00ab\u2009structures permettant une consommation supervis\u00e9e ouvrant une porte vers le soin\u2009\u00bb et en l\u2019absence \u00ab\u2009d\u2019une r\u00e9elle politique d\u2019acc\u00e8s au logement\u2009\u00bb.<\/p>\n<p class=\" wall-content\">Les habitants des quartiers concern\u00e9s deviennent des \u00ab\u2009<strong>victimes collat\u00e9rales<\/strong> d\u2019une politique des drogues aussi archa\u00efque qu\u2019inop\u00e9rante\u2009\u00bb et les \u00ab\u2009tensions\u2009\u00bb entre riverains et personnes \u00e0 la rue s\u2019accroissent, d\u00e9plorent \u00e9galement les signataires.<\/p>\n<p class=\" wall-content\">Indiquant avoir \u00e9t\u00e9 re\u00e7ues par la pr\u00e9fecture des Bouches-du-Rh\u00f4ne le 15\u00a0juillet, les associations d\u00e9plorent le fait qu\u2019\u00ab\u2009aucune annonce sp\u00e9cifique\u2009\u00bb n\u2019ait suivi et qu\u2019\u00ab\u2009aucun moyen concret n\u2019ait \u00e9t\u00e9 mis sur la table\u2009\u00bb, en dehors d\u2019un communiqu\u00e9 exclusivement ax\u00e9 sur \u00ab\u2009la lutte contre le narcotrafic et la d\u00e9linquance en centre-ville\u2009\u00bb.<\/p>\n<p>Plus de 100 lieux similaires en Europe<\/p>\n<p class=\" wall-content\">Le projet de HSA, qualifi\u00e9e de \u00ab\u2009<strong>salle de shoot<\/strong>\u2009\u00bb par ses d\u00e9tracteurs, avait \u00e9t\u00e9 suspendu en 2024 \u00ab\u2009sur pression du minist\u00e8re de l\u2019Int\u00e9rieur et d\u2019une poign\u00e9e d\u2019opposants\u2009\u00bb, regrettent les signataires du communiqu\u00e9, en demandant par ailleurs la \u00ab\u2009mise en place d\u2019une politique ambitieuse d\u2019acc\u00e8s au logement pour les publics les plus pr\u00e9caris\u00e9s\u2009\u00bb et la \u00ab\u2009r\u00e9ouverture de centres m\u00e9dico-psychologiques\u2009\u00bb.<\/p>\n<p class=\" wall-content\">Lanc\u00e9es il y a 40 ans en pleine \u00e9pid\u00e9mie de Sida, les HSA sont aujourd\u2019hui <strong>une centaine en Europe<\/strong>, mais seulement deux en France, \u00e0 Paris et Strasbourg, qui arrivent fin d\u00e9cembre au terme d\u2019une phase d\u2019exp\u00e9rimentation.<\/p>\n<p class=\" wall-content\">Dans les villes o\u00f9 elles ont \u00e9t\u00e9 install\u00e9es, les HSA ont permis de r\u00e9duire \u00ab\u2009de fa\u00e7on drastique les risques li\u00e9s \u00e0 l\u2019usage de drogue et les probl\u00e9matiques de <strong>tranquillit\u00e9 publique<\/strong> pour les habitants des quartiers concern\u00e9s\u2009\u00bb, font valoir les signataires du communiqu\u00e9.<\/p>\n<p class=\" wall-content\"><strong>Avec AFP<\/strong><\/p>\n<p class=\" wall-content\">Suivez toute l\u2019actualit\u00e9 de vos villes et m\u00e9dias favoris en vous inscrivant \u00e0 <a href=\"https:\/\/moncompte.actu.fr\" title=\"D\u00e9couvez Mon Actu\" rel=\"nofollow noopener\" data-trk=\"{&quot;cta&quot;:{&quot;action&quot;:&quot;https:\\\/\\\/moncompte.actu.fr&quot;,&quot;category&quot;:&quot;mon compte&quot;,&quot;from&quot;:&quot;article footer&quot;,&quot;name&quot;:&quot;Mon actu&quot;,&quot;type&quot;:&quot;cta&quot;}}\" target=\"_blank\">Mon Actu<\/a>.<\/p>\n","protected":false},"excerpt":{"rendered":"Par R\u00e9daction Marseille Publi\u00e9 le 2 ao\u00fbt 2025 \u00e0 6h40 La col\u00e8re des habitants du centre-ville de Marseille&hellip;\n","protected":false},"author":2,"featured_media":290614,"comment_status":"","ping_status":"","sticky":false,"template":"","format":"standard","meta":{"footnotes":""},"categories":[2814],"tags":[1111,11,3993,1052,1777,674,1011,27,884,12,882,25,104],"class_list":{"0":"post-290613","1":"post","2":"type-post","3":"status-publish","4":"format-standard","5":"has-post-thumbnail","7":"category-marseille","8":"tag-actu","9":"tag-actualites","10":"tag-cocaine","11":"tag-drogue","12":"tag-eu","13":"tag-europe","14":"tag-fr","15":"tag-france","16":"tag-marseille","17":"tag-news","18":"tag-provence-alpes-cote-dazur","19":"tag-republique-francaise","20":"tag-societe"},"share_on_mastodon":{"url":"https:\/\/pubeurope.com\/@fr\/114957468531089027","error":""},"_links":{"self":[{"href":"https:\/\/www.europesays.com\/fr\/wp-json\/wp\/v2\/posts\/290613","targetHints":{"allow":["GET"]}}],"collection":[{"href":"https:\/\/www.europesays.com\/fr\/wp-json\/wp\/v2\/posts"}],"about":[{"href":"https:\/\/www.europesays.com\/fr\/wp-json\/wp\/v2\/types\/post"}],"author":[{"embeddable":true,"href":"https:\/\/www.europesays.com\/fr\/wp-json\/wp\/v2\/users\/2"}],"replies":[{"embeddable":true,"href":"https:\/\/www.europesays.com\/fr\/wp-json\/wp\/v2\/comments?post=290613"}],"version-history":[{"count":0,"href":"https:\/\/www.europesays.com\/fr\/wp-json\/wp\/v2\/posts\/290613\/revisions"}],"wp:featuredmedia":[{"embeddable":true,"href":"https:\/\/www.europesays.com\/fr\/wp-json\/wp\/v2\/media\/290614"}],"wp:attachment":[{"href":"https:\/\/www.europesays.com\/fr\/wp-json\/wp\/v2\/media?parent=290613"}],"wp:term":[{"taxonomy":"category","embeddable":true,"href":"https:\/\/www.europesays.com\/fr\/wp-json\/wp\/v2\/categories?post=290613"},{"taxonomy":"post_tag","embeddable":true,"href":"https:\/\/www.europesays.com\/fr\/wp-json\/wp\/v2\/tags?post=290613"}],"curies":[{"name":"wp","href":"https:\/\/api.w.org\/{rel}","templated":true}]}}