{"id":290623,"date":"2025-08-02T05:20:42","date_gmt":"2025-08-02T05:20:42","guid":{"rendered":"https:\/\/www.europesays.com\/fr\/290623\/"},"modified":"2025-08-02T05:20:42","modified_gmt":"2025-08-02T05:20:42","slug":"le-lapsus-revelateur-du-parti-renaissance-liberation","status":"publish","type":"post","link":"https:\/\/www.europesays.com\/fr\/290623\/","title":{"rendered":"le lapsus r\u00e9v\u00e9lateur du parti Renaissance \u2013 Lib\u00e9ration"},"content":{"rendered":"<p class=\"sc-ksZaOG ehjQrN text-element\">C\u2019est une expression perdue dans un document de 82 pages, et un aveu (en or) massif. Le projet pr\u00e9sent\u00e9 par le parti pr\u00e9sidentiel Renaissance, intitul\u00e9 \u00abPour une nouvelle donne \u00e9conomique et climatique\u00bb, publi\u00e9 le 21 juillet, comprend une section d\u00e9di\u00e9e \u00e0 l\u2019enseignement sup\u00e9rieur et \u00e0 la recherche. On y lit : \u00abL\u2019universit\u00e9, cette grande \u00e9cole de la classe moyenne\u00bb (p. 38). Apparemment anodine, la formulation sonne pourtant \u00e9trangement \u00e0 la seconde lecture.<\/p>\n<p class=\"sc-ksZaOG ehjQrN text-element\">Plantons le d\u00e9cor. En France, il existe des universit\u00e9s et des grandes \u00e9coles, un syst\u00e8me illisible pour un \u00e9tranger, dans lequel les grandes institutions d\u2019enseignement et de recherche, lesdites universit\u00e9s, d\u00e9di\u00e9es \u00e0 l\u2019avancement et la transmission du savoir, cohabitent avec des Ecoles fond\u00e9es \u00e0 partir de Napol\u00e9on 1er pour produire les cadres directeurs de la nation : enseignants, comme dans les Ecoles normales, ing\u00e9nieurs, comme dans les \u00e9coles dites \u00abd\u2019ing\u00e9nieur\u00bb (Centrale, les Mines, Supelec, etc.), ou cadres administratifs (ENA). On sait que les secondes sont extr\u00eamement s\u00e9lectives, recrutant \u00e0 partir de concours d\u2019une duret\u00e9 maximale, dont les heureux rescap\u00e9s quelques d\u00e9cennies plus tard conteront \u00e0 leurs petits-enfants combien le succ\u00e8s leur aura co\u00fbt\u00e9. On sait aussi que sortir d\u2019une grande \u00e9cole assure ce qu\u2019on appelle platement \u00abun bon m\u00e9tier\u00bb, g\u00e9n\u00e9ralement int\u00e9ressant, au moins financi\u00e8rement (le salaire \u00e9tant inversement proportionnel \u00e0 la position sur la hi\u00e9rarchie descendante des \u00e9coles). On sait moins<\/p>\n","protected":false},"excerpt":{"rendered":"C\u2019est une expression perdue dans un document de 82 pages, et un aveu (en or) massif. Le projet&hellip;\n","protected":false},"author":2,"featured_media":290624,"comment_status":"","ping_status":"","sticky":false,"template":"","format":"standard","meta":{"footnotes":""},"categories":[1888],"tags":[1111,1928,11,1927,1777,674,1011,27,12,1926,626,1925,3370,25,5768],"class_list":{"0":"post-290623","1":"post","2":"type-post","3":"status-publish","4":"format-standard","5":"has-post-thumbnail","7":"category-paris","8":"tag-actu","9":"tag-actu-paris","10":"tag-actualites","11":"tag-actualites-paris","12":"tag-eu","13":"tag-europe","14":"tag-fr","15":"tag-france","16":"tag-news","17":"tag-news-paris","18":"tag-paris","19":"tag-paris-news","20":"tag-renaissance","21":"tag-republique-francaise","22":"tag-universite"},"share_on_mastodon":{"url":"https:\/\/pubeurope.com\/@fr\/114957492177797723","error":""},"_links":{"self":[{"href":"https:\/\/www.europesays.com\/fr\/wp-json\/wp\/v2\/posts\/290623","targetHints":{"allow":["GET"]}}],"collection":[{"href":"https:\/\/www.europesays.com\/fr\/wp-json\/wp\/v2\/posts"}],"about":[{"href":"https:\/\/www.europesays.com\/fr\/wp-json\/wp\/v2\/types\/post"}],"author":[{"embeddable":true,"href":"https:\/\/www.europesays.com\/fr\/wp-json\/wp\/v2\/users\/2"}],"replies":[{"embeddable":true,"href":"https:\/\/www.europesays.com\/fr\/wp-json\/wp\/v2\/comments?post=290623"}],"version-history":[{"count":0,"href":"https:\/\/www.europesays.com\/fr\/wp-json\/wp\/v2\/posts\/290623\/revisions"}],"wp:featuredmedia":[{"embeddable":true,"href":"https:\/\/www.europesays.com\/fr\/wp-json\/wp\/v2\/media\/290624"}],"wp:attachment":[{"href":"https:\/\/www.europesays.com\/fr\/wp-json\/wp\/v2\/media?parent=290623"}],"wp:term":[{"taxonomy":"category","embeddable":true,"href":"https:\/\/www.europesays.com\/fr\/wp-json\/wp\/v2\/categories?post=290623"},{"taxonomy":"post_tag","embeddable":true,"href":"https:\/\/www.europesays.com\/fr\/wp-json\/wp\/v2\/tags?post=290623"}],"curies":[{"name":"wp","href":"https:\/\/api.w.org\/{rel}","templated":true}]}}