{"id":290625,"date":"2025-08-02T05:21:17","date_gmt":"2025-08-02T05:21:17","guid":{"rendered":"https:\/\/www.europesays.com\/fr\/290625\/"},"modified":"2025-08-02T05:21:17","modified_gmt":"2025-08-02T05:21:17","slug":"lancien-producteur-du-rappeur-werenoi-sera-juge-pour-violences","status":"publish","type":"post","link":"https:\/\/www.europesays.com\/fr\/290625\/","title":{"rendered":"l&rsquo;ancien producteur du rappeur Werenoi sera jug\u00e9 pour violences"},"content":{"rendered":"<p>            Par<br \/>\n        <strong><br \/>\n            <a href=\"https:\/\/actu.fr\/auteur\/antoine-blanchet\" title=\"Consulter tous les articles de Antoine Blanchet\" target=\"_blank\" rel=\"noopener\">Antoine Blanchet<\/a><br \/>\n        <\/strong><\/p>\n<p>        Publi\u00e9 le<\/p>\n<p>            1 ao\u00fbt 2025 \u00e0 16h51        <\/p>\n<p>Une querelle d\u2019h\u00e9ritage qui aurait d\u00e9g\u00e9n\u00e9r\u00e9. Mercredi 30\u00a0juillet 2025, Babiry Sacko, ancien producteur de <a href=\"https:\/\/actu.fr\/ile-de-france\/montreuil_93048\/mort-du-rappeur-werenoi-le-plus-gros-vendeur-de-musique-de-france-aux-millions-d-albums_62650401.html\" target=\"_blank\" rel=\"noopener\">Werenoi<\/a>, a \u00e9t\u00e9 plac\u00e9 evn garde \u00e0 vue pour <strong>des faits de violences commises sur une ancienne relation du rappeur<\/strong>, nous indique le <a href=\"https:\/\/actu.fr\/tag\/tribunal-de-bobigny\" target=\"_blank\" rel=\"noopener\">parquet de Bobigny<\/a>, confirmant une information du <a href=\"https:\/\/www.leparisien.fr\/faits-divers\/guerre-autour-de-lheritage-de-werenoi-le-producteur-du-rappeur-place-en-garde-a-vue-et-renvoye-devant-le-tribunal-01-08-2025-G75QCTXGPRD4LLOCYYCNT3HYJY.php\" target=\"_blank\" rel=\"noopener\">Parisien<\/a>. Depuis la mort du musicien de 31\u00a0ans en mai dernier, des tensions auraient \u00e9clat\u00e9 au sujet de son h\u00e9ritage. L\u2019ancien producteur a \u00e9t\u00e9 renvoy\u00e9 devant le tribunal correctionnel et devrait \u00eatre jug\u00e9 en octobre prochain.<\/p>\n<p>Des coups de poing et des gifles<\/p>\n<p class=\" wall-content\">Les faits pour lesquels le producteur va \u00eatre jug\u00e9 se seraient produits <strong>dans la nuit du 21 au 22\u00a0mai dans un bar \u00e0 chicha<\/strong> \u00e0 <a href=\"https:\/\/actu.fr\/ile-de-france\/montreuil_93048\" target=\"_blank\" rel=\"noopener\">Montreuil<\/a> (<a href=\"https:\/\/actu.fr\/ile-de-france\/seine-saint-denis_93\" target=\"_blank\" rel=\"noopener\">Seine-Saint-Denis<\/a>). Le mis en cause, \u00e0 la t\u00eate du label PMR Music, aurait frapp\u00e9 avec des complices une jeune femme, qui serait une relation intime du chanteur d\u00e9c\u00e9d\u00e9. Le producteur lui aurait r\u00e9clam\u00e9 un million d\u2019euros qui \u00e9taient sur un compte de Werenoi aux \u00c9mirats-Arabes-Unis. Face au refus de la jeune femme, il lui aurait port\u00e9 des coups de poing et des gifles.<\/p>\n<p>Jug\u00e9 le 25\u00a0octobre<\/p>\n<p class=\" wall-content\">La victime pr\u00e9sum\u00e9e s\u2019est vue octroyer plusieurs jours d\u2019incapacit\u00e9 totale de travail (ITT), nous indique le parquet de Bobigny. D\u2019abord interpell\u00e9 pour extorsion, il sera finalement jug\u00e9 <strong>pour violences et incitation \u00e0 commettre un d\u00e9lit<\/strong> par moyen de communication. Babiry Sacko a \u00e9t\u00e9 plac\u00e9 sous contr\u00f4le judiciaire dans l\u2019attente de son proc\u00e8s, qui se tiendra le 25\u00a0octobre prochain.<\/p>\n<p class=\" wall-content\">Suivez toute l\u2019actualit\u00e9 de vos villes et m\u00e9dias favoris en vous inscrivant \u00e0 <a href=\"https:\/\/moncompte.actu.fr\" title=\"D\u00e9couvez Mon Actu\" rel=\"nofollow noopener\" data-trk=\"{&quot;cta&quot;:{&quot;action&quot;:&quot;https:\\\/\\\/moncompte.actu.fr&quot;,&quot;category&quot;:&quot;mon compte&quot;,&quot;from&quot;:&quot;article footer&quot;,&quot;name&quot;:&quot;Mon actu&quot;,&quot;type&quot;:&quot;cta&quot;}}\" target=\"_blank\">Mon Actu<\/a>.<\/p>\n","protected":false},"excerpt":{"rendered":"Par Antoine Blanchet Publi\u00e9 le 1 ao\u00fbt 2025 \u00e0 16h51 Une querelle d\u2019h\u00e9ritage qui aurait d\u00e9g\u00e9n\u00e9r\u00e9. Mercredi 30\u00a0juillet&hellip;\n","protected":false},"author":2,"featured_media":290626,"comment_status":"","ping_status":"","sticky":false,"template":"","format":"standard","meta":{"footnotes":""},"categories":[1888],"tags":[11,1777,674,118,1011,27,303,12,626,3616,25],"class_list":{"0":"post-290625","1":"post","2":"type-post","3":"status-publish","4":"format-standard","5":"has-post-thumbnail","7":"category-paris","8":"tag-actualites","9":"tag-eu","10":"tag-europe","11":"tag-faits-divers","12":"tag-fr","13":"tag-france","14":"tag-justice","15":"tag-news","16":"tag-paris","17":"tag-rap","18":"tag-republique-francaise"},"share_on_mastodon":{"url":"https:\/\/pubeurope.com\/@fr\/114957496033352613","error":""},"_links":{"self":[{"href":"https:\/\/www.europesays.com\/fr\/wp-json\/wp\/v2\/posts\/290625","targetHints":{"allow":["GET"]}}],"collection":[{"href":"https:\/\/www.europesays.com\/fr\/wp-json\/wp\/v2\/posts"}],"about":[{"href":"https:\/\/www.europesays.com\/fr\/wp-json\/wp\/v2\/types\/post"}],"author":[{"embeddable":true,"href":"https:\/\/www.europesays.com\/fr\/wp-json\/wp\/v2\/users\/2"}],"replies":[{"embeddable":true,"href":"https:\/\/www.europesays.com\/fr\/wp-json\/wp\/v2\/comments?post=290625"}],"version-history":[{"count":0,"href":"https:\/\/www.europesays.com\/fr\/wp-json\/wp\/v2\/posts\/290625\/revisions"}],"wp:featuredmedia":[{"embeddable":true,"href":"https:\/\/www.europesays.com\/fr\/wp-json\/wp\/v2\/media\/290626"}],"wp:attachment":[{"href":"https:\/\/www.europesays.com\/fr\/wp-json\/wp\/v2\/media?parent=290625"}],"wp:term":[{"taxonomy":"category","embeddable":true,"href":"https:\/\/www.europesays.com\/fr\/wp-json\/wp\/v2\/categories?post=290625"},{"taxonomy":"post_tag","embeddable":true,"href":"https:\/\/www.europesays.com\/fr\/wp-json\/wp\/v2\/tags?post=290625"}],"curies":[{"name":"wp","href":"https:\/\/api.w.org\/{rel}","templated":true}]}}