{"id":290627,"date":"2025-08-02T05:22:10","date_gmt":"2025-08-02T05:22:10","guid":{"rendered":"https:\/\/www.europesays.com\/fr\/290627\/"},"modified":"2025-08-02T05:22:10","modified_gmt":"2025-08-02T05:22:10","slug":"etudiants-jeunes-actifs-ou-trouver-son-premier-logement-quand-on-arrive-a-paris","status":"publish","type":"post","link":"https:\/\/www.europesays.com\/fr\/290627\/","title":{"rendered":"\u00c9tudiants, jeunes actifs&#8230; O\u00f9 trouver son premier logement quand on arrive \u00e0 Paris ?"},"content":{"rendered":"<p><strong>DOSSIER &#8211; <\/strong>S\u2019installer \u00e0 Paris quand on arrive de r\u00e9gion ou m\u00eame de l\u2019\u00e9tranger est un parcours du combattant pour les \u00e9tudiants ou les jeunes gens qui viennent de d\u00e9crocher un premier emploi. D\u00e9couvrez notre palmar\u00e8s des quartiers o\u00f9 r\u00e9ussir \u00e0 trouver un studio dans la capitale, et tous nos conseils.<\/p>\n<p class=\"fig-paragraph\">\u00abQuand on arrive en ville, on arrive de nulle part&#8230;\u00bb Si Daniel Balavoine \u00e9tait toujours en vie, il ne dirait pas autre chose. En posant ses cartons \u00e0 Paris, en tant qu\u2019\u00e9tudiant ou jeune actif, il faut r\u00e9ussir un premier \u00abexploit\u00bb\u00a0: trouver un logement. Quand on n\u2019a ni tuyau ni contact, c\u2019est un parcours du combattant. Ils sont des milliers, chaque ann\u00e9e, \u00e0 chercher \u00e0 se faire un nid dans la capitale\u00a0: 20% des emm\u00e9nagements sont le fait de personnes arrivant d\u2019autres r\u00e9gions de France, et 9% de l\u2019\u00e9tranger.<\/p>\n<p class=\"fig-paragraph\">Dans quel quartier orienter ses recherches, pour avoir \u00e0 la fois une chance de trouver un studio \u00e0 un prix correct, dans un endroit bien desservi et s\u00fbr\u00a0? Nous avons pass\u00e9 au crible les 80 quartiers de la capitale sur la base de 11 crit\u00e8res, pour aider nos lecteurs \u00e0 orienter leurs recherches ou celles de leurs enfants. Montant des loyers, disponibilit\u00e9 des logements de petite surface, mais aussi calme, s\u00e9curit\u00e9, desserte des transports&#8230; D\u00e9couvrez les quartiers o\u00f9 trouver\u2026<\/p>\n<p class=\"fig-premium-paywall__infos\">\n        Cet article est r\u00e9serv\u00e9 aux abonn\u00e9s.        Il vous reste 82% \u00e0 d\u00e9couvrir.\n    <\/p>\n<p>                <img  data- alt=\"Le Figaro\" class=\"fig-img--complete fig-img\"\/><\/p>\n<p class=\"fig-premium-paywall__title\">Vous avez envie de lire la suite ?<\/p>\n<p class=\"fig-premium-paywall__subtitle\">D\u00e9bloquez tous les articles imm\u00e9diatement.<\/p>\n<p class=\"fig-premium-paywall__connect\">\n                D\u00e9j\u00e0 abonn\u00e9\u00a0?                <a class=\"fig-premium-paywall__connect-link\" href=\"https:\/\/connect.lefigaro.fr\/login?client=horizon_web&amp;type=main&amp;redirect_uri=https%3A%2F%2Fwww.lefigaro.fr%2Factualite-france%2Fetudes-premier-emploi-ou-trouver-son-premier-logement-a-paris-quand-on-vient-d-ailleurs-20250802\" data-js-gtm=\"{&quot;customCategorie&quot;: &quot;conversion&quot;, &quot;customAction&quot;: &quot;before_Landing_Connexion_paywall_auto&quot;, &quot;customLabel&quot;: &quot;bGVmaWdhcm8uZnJfXzFmMDZjNWQwLWUzMGMtNjAxOC1hY2FkLWE3MDQ3NTU5Y2M1OV9fQXJ0aWNsZQ==_\u00c9tudiants, jeunes actifs... O\u00f9 trouver son premier logement quand on arrive \u00e0 Paris\u00a0?_478&quot;, &quot;customIDSPE&quot;: &quot;bGVmaWdhcm8uZnJfXzFmMDZjNWQwLWUzMGMtNjAxOC1hY2FkLWE3MDQ3NTU5Y2M1OV9fQXJ0aWNsZQ==&quot;, &quot;event&quot;: &quot;customEventSPE&quot;}\" target=\"_blank\" rel=\"noopener\"><br \/>\n                    Connectez-vous<br \/>\n                <\/a>\n            <\/p>\n","protected":false},"excerpt":{"rendered":"DOSSIER &#8211; S\u2019installer \u00e0 Paris quand on arrive de r\u00e9gion ou m\u00eame de l\u2019\u00e9tranger est un parcours du&hellip;\n","protected":false},"author":2,"featured_media":290628,"comment_status":"","ping_status":"","sticky":false,"template":"","format":"standard","meta":{"footnotes":""},"categories":[1888],"tags":[11,1777,674,1011,27,10284,12,626,25],"class_list":{"0":"post-290627","1":"post","2":"type-post","3":"status-publish","4":"format-standard","5":"has-post-thumbnail","7":"category-paris","8":"tag-actualites","9":"tag-eu","10":"tag-europe","11":"tag-fr","12":"tag-france","13":"tag-location","14":"tag-news","15":"tag-paris","16":"tag-republique-francaise"},"share_on_mastodon":{"url":"https:\/\/pubeurope.com\/@fr\/114957500003158435","error":""},"_links":{"self":[{"href":"https:\/\/www.europesays.com\/fr\/wp-json\/wp\/v2\/posts\/290627","targetHints":{"allow":["GET"]}}],"collection":[{"href":"https:\/\/www.europesays.com\/fr\/wp-json\/wp\/v2\/posts"}],"about":[{"href":"https:\/\/www.europesays.com\/fr\/wp-json\/wp\/v2\/types\/post"}],"author":[{"embeddable":true,"href":"https:\/\/www.europesays.com\/fr\/wp-json\/wp\/v2\/users\/2"}],"replies":[{"embeddable":true,"href":"https:\/\/www.europesays.com\/fr\/wp-json\/wp\/v2\/comments?post=290627"}],"version-history":[{"count":0,"href":"https:\/\/www.europesays.com\/fr\/wp-json\/wp\/v2\/posts\/290627\/revisions"}],"wp:featuredmedia":[{"embeddable":true,"href":"https:\/\/www.europesays.com\/fr\/wp-json\/wp\/v2\/media\/290628"}],"wp:attachment":[{"href":"https:\/\/www.europesays.com\/fr\/wp-json\/wp\/v2\/media?parent=290627"}],"wp:term":[{"taxonomy":"category","embeddable":true,"href":"https:\/\/www.europesays.com\/fr\/wp-json\/wp\/v2\/categories?post=290627"},{"taxonomy":"post_tag","embeddable":true,"href":"https:\/\/www.europesays.com\/fr\/wp-json\/wp\/v2\/tags?post=290627"}],"curies":[{"name":"wp","href":"https:\/\/api.w.org\/{rel}","templated":true}]}}