{"id":290647,"date":"2025-08-02T05:36:12","date_gmt":"2025-08-02T05:36:12","guid":{"rendered":"https:\/\/www.europesays.com\/fr\/290647\/"},"modified":"2025-08-02T05:36:12","modified_gmt":"2025-08-02T05:36:12","slug":"insolite-novak-djokovic-se-lance-dans-le-football-et-il-choisit-la-france-pour-son-nouveau-projet","status":"publish","type":"post","link":"https:\/\/www.europesays.com\/fr\/290647\/","title":{"rendered":"Insolite > Novak Djokovic se lance dans le football, et il choisit la France pour son nouveau projet !"},"content":{"rendered":"<p><a href=\"https:\/\/www.welovetennis.fr\/videos\/en-attendant-cincinnati-novak-djokovic-enflamme-la-piste-de-danse\" data-wpel-link=\"internal\" rel=\"nofollow noopener\" target=\"_blank\">Apr\u00e8s avoir enflamm\u00e9 la toile avec une vid\u00e9o de lui en train de danser<\/a>, Novak Djokovic reprend son s\u00e9rieux avec un tout nouveau projet qui s\u2019an\u00adnonce pour lui, et qui semble \u00eatre une petite option int\u00e9\u00adres\u00adsante pour faire fruc\u00adti\u00adfier son porte\u00adfeuille apr\u00e8s sa retraite.<\/p>\n<p>En effet, le foot\u00adball club du Mans, tout juste remont\u00e9 en deuxi\u00e8me divi\u00adsion, a annonc\u00e9 son asso\u00adcia\u00adtion au fonds d\u2019investissement Br\u00e9silien Outfield, et Novak Djokovic fait partie des inves\u00adtis\u00adseurs asso\u00adci\u00e9s au projet.<\/p>\n<blockquote class=\"twitter-tweet\">\n<p lang=\"fr\" dir=\"ltr\">En s\u2019associant au fonds d\u2019investissement Outfield, Novak Djokovic devient action\u00adnaire mino\u00adri\u00adtaire du club de foot\u00adball Le Mans FC (Ligue 2). \ud83c\uddf7\ud83c\uddf8\u26bd\ufe0f<\/p>\n<p>Deux pilotes de Formule 1, Kevin Magnussen et Felipe Massa, parti\u00adcipent \u00e9gale\u00adment \u00e0 l\u2019investissement dans le club.<\/p>\n<p>(<a href=\"https:\/\/twitter.com\/lequipe?ref_src=twsrc%5Etfw\" data-wpel-link=\"external\" target=\"_blank\" rel=\"nofollow external noopener\">@lequipe<\/a>) <a href=\"https:\/\/t.co\/ZGmQjiTeRR\" data-wpel-link=\"external\" target=\"_blank\" rel=\"nofollow external noopener\">pic.twitter.com\/ZGmQjiTeRR<\/a><\/p>\n<p>\u2014 Avantage Tennis \ud83c\udfbe (@AvantageTennis_) <a href=\"https:\/\/twitter.com\/AvantageTennis_\/status\/1951306376652697701?ref_src=twsrc%5Etfw\" data-wpel-link=\"external\" target=\"_blank\" rel=\"nofollow external noopener\">August 1,\u00a02025<\/a><\/p><\/blockquote>\n<p>Aux c\u00f4t\u00e9s de la l\u00e9gende Serbe, on retrouve notam\u00adment deux pilotes de Formule 1. Une belle compa\u00adgnie pour accom\u00adpa\u00adgner Novak dans cet investissement.<\/p>\n<p class=\"post-published-date\" style=\"color: silver; font-size: 75%; text-align: left;\">Publi\u00e9 le vendredi 1 ao\u00fbt 2025 \u00e0 19:16<\/p>\n<p><script async src=\"https:\/\/platform.twitter.com\/widgets.js\" charset=\"utf-8\"><\/script><\/p>\n","protected":false},"excerpt":{"rendered":"Apr\u00e8s avoir enflamm\u00e9 la toile avec une vid\u00e9o de lui en train de danser, Novak Djokovic reprend son&hellip;\n","protected":false},"author":2,"featured_media":240270,"comment_status":"","ping_status":"","sticky":false,"template":"","format":"standard","meta":{"footnotes":""},"categories":[1415],"tags":[105,1011,27,60,1467],"class_list":{"0":"post-290647","1":"post","2":"type-post","3":"status-publish","4":"format-standard","5":"has-post-thumbnail","7":"category-tennis","8":"tag-djokovic","9":"tag-fr","10":"tag-france","11":"tag-sports","12":"tag-tennis"},"share_on_mastodon":{"url":"https:\/\/pubeurope.com\/@fr\/114957554999616416","error":""},"_links":{"self":[{"href":"https:\/\/www.europesays.com\/fr\/wp-json\/wp\/v2\/posts\/290647","targetHints":{"allow":["GET"]}}],"collection":[{"href":"https:\/\/www.europesays.com\/fr\/wp-json\/wp\/v2\/posts"}],"about":[{"href":"https:\/\/www.europesays.com\/fr\/wp-json\/wp\/v2\/types\/post"}],"author":[{"embeddable":true,"href":"https:\/\/www.europesays.com\/fr\/wp-json\/wp\/v2\/users\/2"}],"replies":[{"embeddable":true,"href":"https:\/\/www.europesays.com\/fr\/wp-json\/wp\/v2\/comments?post=290647"}],"version-history":[{"count":0,"href":"https:\/\/www.europesays.com\/fr\/wp-json\/wp\/v2\/posts\/290647\/revisions"}],"wp:featuredmedia":[{"embeddable":true,"href":"https:\/\/www.europesays.com\/fr\/wp-json\/wp\/v2\/media\/240270"}],"wp:attachment":[{"href":"https:\/\/www.europesays.com\/fr\/wp-json\/wp\/v2\/media?parent=290647"}],"wp:term":[{"taxonomy":"category","embeddable":true,"href":"https:\/\/www.europesays.com\/fr\/wp-json\/wp\/v2\/categories?post=290647"},{"taxonomy":"post_tag","embeddable":true,"href":"https:\/\/www.europesays.com\/fr\/wp-json\/wp\/v2\/tags?post=290647"}],"curies":[{"name":"wp","href":"https:\/\/api.w.org\/{rel}","templated":true}]}}