{"id":290662,"date":"2025-08-02T05:48:19","date_gmt":"2025-08-02T05:48:19","guid":{"rendered":"https:\/\/www.europesays.com\/fr\/290662\/"},"modified":"2025-08-02T05:48:19","modified_gmt":"2025-08-02T05:48:19","slug":"sur-le-vieux-port-les-chroniques-de-mars-ont-fete-lhistoire-du-rap-marseillais","status":"publish","type":"post","link":"https:\/\/www.europesays.com\/fr\/290662\/","title":{"rendered":"Sur le Vieux-Port, les Chroniques de Mars ont f\u00eat\u00e9 l\u2019histoire du rap marseillais"},"content":{"rendered":"<p>En\u00a02023, Bouga et son associ\u00e9 Reda ont ressuscit\u00e9 la s\u00e9rie iconique de <a href=\"https:\/\/www.laprovence.com\/article\/region\/13196979862044\/chronique-de-mars-3-la-celebre-compilation-de-rap-marseillais-fait-son-retour-aujourdhui\" target=\"_blank\" rel=\"nofollow noopener\">compilations Chroniques de Mars<\/a>. Sur les vingt titres\u00a0: des l\u00e9gendes de la cit\u00e9 phoc\u00e9enne (Akhenaton, Shurik\u2019n, Le Rat Luciano), des stars d\u2019aujourd\u2019hui (Alonzo, Jul, SCH) et des jeunes promesses (TK, Thabiti, JMK$).<\/p>\n<p>Avec une quarantaine d\u2019artistes annonc\u00e9s, le concert donn\u00e9 hier soir <a href=\"https:\/\/www.laprovence.com\/article\/region\/34718174632041\/ete-marseillais-la-scene-flottante-sinstalle-sur-le-vieux-port\" target=\"_blank\" rel=\"nofollow noopener\">sur la sc\u00e8ne flottante du Vieux-Port<\/a> reprenait cette ligne directrice. Mais en l\u2019absence des noms les plus connus, la soir\u00e9e qui a ramen\u00e9 28\u00a0000 spectateurs s\u2019est av\u00e9r\u00e9e parfois un peu longue.<\/p>\n","protected":false},"excerpt":{"rendered":"En\u00a02023, Bouga et son associ\u00e9 Reda ont ressuscit\u00e9 la s\u00e9rie iconique de compilations Chroniques de Mars. Sur les&hellip;\n","protected":false},"author":2,"featured_media":290663,"comment_status":"","ping_status":"","sticky":false,"template":"","format":"standard","meta":{"footnotes":""},"categories":[1355],"tags":[17,1102,2163,58,59,1011,27,151,918,1361,873,2537,16,3356,133,1179],"class_list":{"0":"post-290662","1":"post","2":"type-post","3":"status-publish","4":"format-standard","5":"has-post-thumbnail","7":"category-musique","8":"tag-17","9":"tag-breakingnews","10":"tag-chroniques","11":"tag-divertissement","12":"tag-entertainment","13":"tag-fr","14":"tag-france","15":"tag-les","16":"tag-mars","17":"tag-music","18":"tag-musique","19":"tag-ont","20":"tag-region","21":"tag-sur","22":"tag-video","23":"tag-vieux-port"},"share_on_mastodon":{"url":"https:\/\/pubeurope.com\/@fr\/114957602179572740","error":""},"_links":{"self":[{"href":"https:\/\/www.europesays.com\/fr\/wp-json\/wp\/v2\/posts\/290662","targetHints":{"allow":["GET"]}}],"collection":[{"href":"https:\/\/www.europesays.com\/fr\/wp-json\/wp\/v2\/posts"}],"about":[{"href":"https:\/\/www.europesays.com\/fr\/wp-json\/wp\/v2\/types\/post"}],"author":[{"embeddable":true,"href":"https:\/\/www.europesays.com\/fr\/wp-json\/wp\/v2\/users\/2"}],"replies":[{"embeddable":true,"href":"https:\/\/www.europesays.com\/fr\/wp-json\/wp\/v2\/comments?post=290662"}],"version-history":[{"count":0,"href":"https:\/\/www.europesays.com\/fr\/wp-json\/wp\/v2\/posts\/290662\/revisions"}],"wp:featuredmedia":[{"embeddable":true,"href":"https:\/\/www.europesays.com\/fr\/wp-json\/wp\/v2\/media\/290663"}],"wp:attachment":[{"href":"https:\/\/www.europesays.com\/fr\/wp-json\/wp\/v2\/media?parent=290662"}],"wp:term":[{"taxonomy":"category","embeddable":true,"href":"https:\/\/www.europesays.com\/fr\/wp-json\/wp\/v2\/categories?post=290662"},{"taxonomy":"post_tag","embeddable":true,"href":"https:\/\/www.europesays.com\/fr\/wp-json\/wp\/v2\/tags?post=290662"}],"curies":[{"name":"wp","href":"https:\/\/api.w.org\/{rel}","templated":true}]}}