{"id":290678,"date":"2025-08-02T05:57:14","date_gmt":"2025-08-02T05:57:14","guid":{"rendered":"https:\/\/www.europesays.com\/fr\/290678\/"},"modified":"2025-08-02T05:57:14","modified_gmt":"2025-08-02T05:57:14","slug":"sept-nouveaux-detenus-transferes-a-la-prison-de-haute-securite-de-vendin-le-vieil","status":"publish","type":"post","link":"https:\/\/www.europesays.com\/fr\/290678\/","title":{"rendered":"sept nouveaux d\u00e9tenus transf\u00e9r\u00e9s \u00e0 la prison de haute s\u00e9curit\u00e9 de Vendin-le-Vieil"},"content":{"rendered":"<p>Cet \u00e9tablissement p\u00e9nitentiaire accueille d\u00e9j\u00e0 58 des 100 narcotrafiquants \u00ables plus dangereux\u00bb du pays<strong>.<\/strong><\/p>\n<p class=\"fig-paragraph\">G\u00e9rald Darmanin a annonc\u00e9, ce jeudi, l\u2019incarc\u00e9ration de sept nouveaux prisonniers dans le quartier de haute s\u00e9curit\u00e9 de Vendin-le-Vieil, dans le Pas-de-Calais. Le ministre de la Justice a \u00e9voqu\u00e9, sur le r\u00e9seau social X, des transferts organis\u00e9s \u00abdans des conditions de s\u00e9curit\u00e9 in\u00e9dites\u00bb, \u00abpour la s\u00e9curit\u00e9 des Fran\u00e7ais\u00bb.<\/p>\n<blockquote class=\"fig-quote&#10;    \">\n<p class=\"fig-quote__text\">7 nouveaux d\u00e9tenus ont \u00e9t\u00e9 incarc\u00e9r\u00e9s ce matin dans la nouvelle prison de haute s\u00e9curit\u00e9 de Vendin-le-Vieil. Merci aux agents p\u00e9nitentiaires et aux forces de l\u2019ordre qui, en plein \u00e9t\u00e9, organisent ces transferts dans des conditions de s\u00e9curit\u00e9 in\u00e9dites. Pour la s\u00e9curit\u00e9 des Fran\u00e7ais.\u00a0\u00bb<\/p>\n<p>            G\u00e9rald Darmanin, X\n    <\/p><\/blockquote>\n<p class=\"fig-paragraph\">Le 22 juillet dernier,<a href=\"http:\/\/www.lefigaro.fr\/actualite-france\/gerald-darmanin-annonce-le-transfert-de-17-premiers-narcotrafiquants-vers-la-prison-de-vendin-le-vieil-20250722\" data-fig-type=\"NewsFlash\" data-gtm-custom-categorie=\"navigation\" data-gtm-custom-action=\"crossclick\" data-gtm-custom-label=\"Contextuel\" data-gtm-event=\"customEventSPE\" data-fig-domain=\"LEFIGARO\" target=\"_blank\" rel=\"noopener\">\u00a0les transferts des dix-sept premiers d\u00e9tenus avaient eu lieu \u00e0 Vendin-le-Vieil<\/a>. Ils repr\u00e9sentent une mesure phare du plan de lutte contre la criminalit\u00e9 et le narcotrafic pilot\u00e9 par G\u00e9rald Darmanin depuis janvier 2025. Le garde des Sceaux a instaur\u00e9 l\u2019\u00abisolement renforc\u00e9\u00bb des cent narcotrafiquants les plus dangereux. Un renforcement de l\u2019isolement avec un contr\u00f4le strict des communications des d\u00e9tenus (brouillage des t\u00e9l\u00e9phones portables) afin d\u2019\u00e9viter qu\u2019ils poursuivent leur activit\u00e9 criminelle depuis leur cellule. Dans cet objectif, il avait annonc\u00e9, en mars dernier, l\u2019ouverture de la prison de haute s\u00e9curit\u00e9 \u00e0 Vendin-le-Vieil.<\/p>\n<p>                                    <a class=\"fig-a11y-skip a11y-hidden\" href=\"#fig-a11y-skip-main-inarticle\"><br \/>\n        Passer la publicit\u00e9<br \/>\n    <\/a><\/p>\n<p class=\"fig-paragraph\">Ce centre p\u00e9nitentiaire fait d\u00e9sormais partie, avec celui de Cond\u00e9-sur-Sarthe (Orne) &#8211; qui accueillera lui aussi 100 narcotrafiquants parmi les plus dangereux du pays -, des deux prisons les plus s\u00e9curis\u00e9es de France. Il accueille d\u00e9j\u00e0 des profils particuli\u00e8rement dangereux comme Mohamed Amra,\u00a0<a href=\"http:\/\/www.lefigaro.fr\/faits-divers\/mohamed-amra-est-arrive-a-la-prison-de-vendin-le-vieil-20250724\" data-fig-type=\"NewsFlash\" data-gtm-custom-categorie=\"navigation\" data-gtm-custom-action=\"crossclick\" data-gtm-custom-label=\"Contextuel\" data-gtm-event=\"customEventSPE\" data-fig-domain=\"LEFIGARO\" target=\"_blank\" rel=\"noopener\">un narcotrafiquant fran\u00e7ais multir\u00e9cidiviste<\/a>. En mai 2024, son \u00e9vasion d\u2019un fourgon p\u00e9nitentiaire avait co\u00fbt\u00e9 la vie \u00e0 deux agents p\u00e9nitentiaires. Avec ces nouveaux prisonniers transf\u00e9r\u00e9s vendredi, 58 personnes sont au total incarc\u00e9r\u00e9es \u00e0 Vendin-le-Vieil.<\/p>\n","protected":false},"excerpt":{"rendered":"Cet \u00e9tablissement p\u00e9nitentiaire accueille d\u00e9j\u00e0 58 des 100 narcotrafiquants \u00ables plus dangereux\u00bb du pays. G\u00e9rald Darmanin a annonc\u00e9,&hellip;\n","protected":false},"author":2,"featured_media":290679,"comment_status":"","ping_status":"","sticky":false,"template":"","format":"standard","meta":{"footnotes":""},"categories":[4],"tags":[1111,47,11,1109,1112,118,1108,107,1106,1107,1011,27,1110,1114,14,12,1113,316,25],"class_list":{"0":"post-290678","1":"post","2":"type-post","3":"status-publish","4":"format-standard","5":"has-post-thumbnail","7":"category-france","8":"tag-actu","9":"tag-actualite","10":"tag-actualites","11":"tag-breves","12":"tag-depeches","13":"tag-faits-divers","14":"tag-fil","15":"tag-fil-info","16":"tag-flash","17":"tag-flash-actu","18":"tag-fr","19":"tag-france","20":"tag-informations","21":"tag-infos","22":"tag-international","23":"tag-news","24":"tag-nouvelles","25":"tag-politique","26":"tag-republique-francaise"},"share_on_mastodon":{"url":"https:\/\/pubeurope.com\/@fr\/114957637612161443","error":""},"_links":{"self":[{"href":"https:\/\/www.europesays.com\/fr\/wp-json\/wp\/v2\/posts\/290678","targetHints":{"allow":["GET"]}}],"collection":[{"href":"https:\/\/www.europesays.com\/fr\/wp-json\/wp\/v2\/posts"}],"about":[{"href":"https:\/\/www.europesays.com\/fr\/wp-json\/wp\/v2\/types\/post"}],"author":[{"embeddable":true,"href":"https:\/\/www.europesays.com\/fr\/wp-json\/wp\/v2\/users\/2"}],"replies":[{"embeddable":true,"href":"https:\/\/www.europesays.com\/fr\/wp-json\/wp\/v2\/comments?post=290678"}],"version-history":[{"count":0,"href":"https:\/\/www.europesays.com\/fr\/wp-json\/wp\/v2\/posts\/290678\/revisions"}],"wp:featuredmedia":[{"embeddable":true,"href":"https:\/\/www.europesays.com\/fr\/wp-json\/wp\/v2\/media\/290679"}],"wp:attachment":[{"href":"https:\/\/www.europesays.com\/fr\/wp-json\/wp\/v2\/media?parent=290678"}],"wp:term":[{"taxonomy":"category","embeddable":true,"href":"https:\/\/www.europesays.com\/fr\/wp-json\/wp\/v2\/categories?post=290678"},{"taxonomy":"post_tag","embeddable":true,"href":"https:\/\/www.europesays.com\/fr\/wp-json\/wp\/v2\/tags?post=290678"}],"curies":[{"name":"wp","href":"https:\/\/api.w.org\/{rel}","templated":true}]}}