{"id":290684,"date":"2025-08-02T06:01:14","date_gmt":"2025-08-02T06:01:14","guid":{"rendered":"https:\/\/www.europesays.com\/fr\/290684\/"},"modified":"2025-08-02T06:01:14","modified_gmt":"2025-08-02T06:01:14","slug":"a-nancy-ces-bars-et-restaurants-donnent-acces-gratuitement-a-leurs-toilettes","status":"publish","type":"post","link":"https:\/\/www.europesays.com\/fr\/290684\/","title":{"rendered":"\u00c0 Nancy, ces bars et restaurants donnent acc\u00e8s gratuitement \u00e0 leurs toilettes"},"content":{"rendered":"<p>            Par<br \/>\n        <strong><br \/>\n            <a href=\"https:\/\/actu.fr\/auteur\/amandine-mehl\" title=\"Consulter tous les articles de Amandine Mehl\" rel=\"nofollow noopener\" target=\"_blank\">Amandine Mehl<\/a><br \/>\n        <\/strong><\/p>\n<p>        Publi\u00e9 le<\/p>\n<p>            2 ao\u00fbt 2025 \u00e0 7h02        <\/p>\n<p>Apr\u00e8s le d\u00e9ploiement de la carte \u00ab\u00a0Urgence toilettes\u00a0\u00bb qui permet aux personnes atteintes de <a href=\"https:\/\/actu.fr\/grand-est\/nancy_54395\/bientt-une-solution-nancy-pour-les-patients-atteints-d-une-maladie-chronique-de-l-intestin_59615627.html\" rel=\"nofollow noopener\" target=\"_blank\">maladies inflammatoires chroniques de l\u2019intestin<\/a> d\u2019acc\u00e9der <strong>rapidement<\/strong> et <strong>gratuitement<\/strong> aux <strong>sanitaires<\/strong> des \u00e9tablissements partenaires, sans obligation de consommation, la Ville de Nancy a d\u00e9cid\u00e9 d\u2019aller plus loin.\u00a0<\/p>\n<p class=\" wall-content\">Mercredi 30 juillet 2025, elle a en ce sens annonc\u00e9 un <strong>partenariat avec plusieurs restaurateurs<\/strong> de la ville.<\/p>\n<p>Six \u00e9tablissements \u00e0 Nancy donnent acc\u00e8s gratuitement \u00e0 leurs sanitaires<\/p>\n<p class=\" wall-content\">Pour garantir \u00ab\u00a0un acc\u00e8s \u00e9quitable et \u00e9largi aux toilettes publiques et priv\u00e9es,<strong> en particulier pour les personnes atteintes de maladies chroniques, personnes \u00e2g\u00e9es et en situation de handicap<\/strong>\u00ab\u00a0, six \u00e9tablissements ont accept\u00e9 de participer au dispositif :\u00a0<\/p>\n<ul class=\" wall-content\">\n<li>Blonde \u2013\u00a0 16 rue de la Fa\u00efencerie ;<\/li>\n<li>Sauvage \u2013 4 place Vaud\u00e9mont ;<\/li>\n<li>Caf\u00e9 Jeanne \u2013 72 Grande Rue ;\u00a0<\/li>\n<li>Chez Cerise \u2013 1 place Vaud\u00e9mont ;\u00a0<\/li>\n<li>La Piazzetta \u2013 1 place Lafayette ;<\/li>\n<li>La Piazz\u2019 \u2013 87 Grande rue.<\/li>\n<\/ul>\n<p class=\" wall-content\">L\u2019acc\u00e8s aux toilettes de ces bars et <a href=\"https:\/\/actu.fr\/tag\/restaurant\" rel=\"nofollow noopener\" target=\"_blank\">restaurants<\/a> sont d\u00e9sormais <strong>accessibles gratuitement au public<\/strong>. \u00ab\u00a0Une avanc\u00e9e significative pour la qualit\u00e9 de vie des habitants et des visiteurs de Nancy\u00a0\u00bb, ajoute la Ville.<\/p>\n<p class=\" wall-content\">Suivez toute l\u2019actualit\u00e9 de vos villes et m\u00e9dias favoris en vous inscrivant \u00e0 <a href=\"https:\/\/moncompte.actu.fr\" title=\"D\u00e9couvez Mon Actu\" rel=\"nofollow noopener\" data-trk=\"{&quot;cta&quot;:{&quot;action&quot;:&quot;https:\\\/\\\/moncompte.actu.fr&quot;,&quot;category&quot;:&quot;mon compte&quot;,&quot;from&quot;:&quot;article footer&quot;,&quot;name&quot;:&quot;Mon actu&quot;,&quot;type&quot;:&quot;cta&quot;}}\" target=\"_blank\">Mon Actu<\/a>.<\/p>\n","protected":false},"excerpt":{"rendered":"Par Amandine Mehl Publi\u00e9 le 2 ao\u00fbt 2025 \u00e0 7h02 Apr\u00e8s le d\u00e9ploiement de la carte \u00ab\u00a0Urgence toilettes\u00a0\u00bb&hellip;\n","protected":false},"author":2,"featured_media":290685,"comment_status":"","ping_status":"","sticky":false,"template":"","format":"standard","meta":{"footnotes":""},"categories":[9635],"tags":[1111,11,1777,674,1011,27,775,1702,12,25,1340,104],"class_list":{"0":"post-290684","1":"post","2":"type-post","3":"status-publish","4":"format-standard","5":"has-post-thumbnail","7":"category-nancy","8":"tag-actu","9":"tag-actualites","10":"tag-eu","11":"tag-europe","12":"tag-fr","13":"tag-france","14":"tag-grand-est","15":"tag-nancy","16":"tag-news","17":"tag-republique-francaise","18":"tag-restaurant","19":"tag-societe"},"share_on_mastodon":{"url":"https:\/\/pubeurope.com\/@fr\/114957653337389920","error":""},"_links":{"self":[{"href":"https:\/\/www.europesays.com\/fr\/wp-json\/wp\/v2\/posts\/290684","targetHints":{"allow":["GET"]}}],"collection":[{"href":"https:\/\/www.europesays.com\/fr\/wp-json\/wp\/v2\/posts"}],"about":[{"href":"https:\/\/www.europesays.com\/fr\/wp-json\/wp\/v2\/types\/post"}],"author":[{"embeddable":true,"href":"https:\/\/www.europesays.com\/fr\/wp-json\/wp\/v2\/users\/2"}],"replies":[{"embeddable":true,"href":"https:\/\/www.europesays.com\/fr\/wp-json\/wp\/v2\/comments?post=290684"}],"version-history":[{"count":0,"href":"https:\/\/www.europesays.com\/fr\/wp-json\/wp\/v2\/posts\/290684\/revisions"}],"wp:featuredmedia":[{"embeddable":true,"href":"https:\/\/www.europesays.com\/fr\/wp-json\/wp\/v2\/media\/290685"}],"wp:attachment":[{"href":"https:\/\/www.europesays.com\/fr\/wp-json\/wp\/v2\/media?parent=290684"}],"wp:term":[{"taxonomy":"category","embeddable":true,"href":"https:\/\/www.europesays.com\/fr\/wp-json\/wp\/v2\/categories?post=290684"},{"taxonomy":"post_tag","embeddable":true,"href":"https:\/\/www.europesays.com\/fr\/wp-json\/wp\/v2\/tags?post=290684"}],"curies":[{"name":"wp","href":"https:\/\/api.w.org\/{rel}","templated":true}]}}