{"id":290688,"date":"2025-08-02T06:03:15","date_gmt":"2025-08-02T06:03:15","guid":{"rendered":"https:\/\/www.europesays.com\/fr\/290688\/"},"modified":"2025-08-02T06:03:15","modified_gmt":"2025-08-02T06:03:15","slug":"nous-veillons-a-sensibiliser-avant-de-sevir-voici-comment-ces-agents-veillent-au-respect-des-regles-sur-les-plages-de-toulon","status":"publish","type":"post","link":"https:\/\/www.europesays.com\/fr\/290688\/","title":{"rendered":"\u00ab\u00a0Nous veillons \u00e0 sensibiliser avant de s\u00e9vir\u00a0\u00bb: voici comment ces agents veillent au respect des r\u00e8gles sur les plages de Toulon"},"content":{"rendered":"<p>\u00ab\u00a0Mesdames,\u00a0je vais vous demander d\u2019\u00e9teindre vos cigarettes. Fumer est interdit ici.\u00a0\u00bb Gredy et La\u00ebtitia, agents ASVP, rappellent pour la \u00e9ni\u00e8me fois de la journ\u00e9e les r\u00e8gles en vigueur \u00e0 des usagers install\u00e9s pr\u00e8s des plages.<\/p>\n<p>Sans protester, Emmanuelle et sa s\u0153ur M\u00e9lissa obtemp\u00e8rent. \u00ab\u00a0Oups d\u00e9sol\u00e9e, je pensais que l\u2019interdiction ne concernait que le sable, pas la pelouse\u00a0\u00bb, s\u2019\u00e9tonne l\u2019une d\u2019elles, en \u00e9crasant son m\u00e9got \u00e0 peine allum\u00e9.<\/p>\n<p>Comme elles, nombreux sont ceux qui ignorent encore les r\u00e8gles d\u2019usage sur les plages du Mourillon.<\/p>\n<p>\u00ab\u00a0C\u2019est justement notre r\u00f4le principal: faire de la pr\u00e9vention\u00a0\u00bb, explique Gredy.<\/p>\n<p>Objectif: informer sur l\u2019ancienne et la nouvelle r\u00e9glementation.<\/p>\n<p>\u00ab\u00a0Les interdictions sont affich\u00e9es sur des gros panneaux \u00e0 l\u2019entr\u00e9e des plages. Mais tout le monde ne lit pas, alors nous faisons le n\u00e9cessaire pour informer le plus grand nombre \u00ab\u00a0, ajoute La\u00ebtitia.<\/p>\n<p>Effectif renforc\u00e9 pour l\u2019\u00e9t\u00e9<\/p>\n<p>Un peu plus loin, deux touristes \u00e9trangers ouvrent une bouteille d\u2019alcool sur la plage.<\/p>\n<p>\u00ab\u00a0Tenez, typiquement le genre de comportement auquel on doit mettre fin. Habituellement, c\u2019est en fin de journ\u00e9e qu\u2019on assiste \u00e0 \u00e7a\u00a0\u00bb, glisse Gredy, avant d\u2019intervenir aupr\u00e8s des deux vacanciers.<\/p>\n<p>L\u00e0 encore, aucune contestation: la bouteille est rang\u00e9e, sans discuter.<\/p>\n<p>Tout au long de la journ\u00e9e, les six agents ASVP et trois policiers municipaux, mobilis\u00e9s pour la saison estivale, patrouillent entre les plages et les pelouses.<\/p>\n<p>              <img ci-src=\"https:\/\/www.varmatin.com\/securite\/protec\/DATA_ART_16007901-RcragYbT.jpg?vh=afa9e5&amp;ci_seal=94c4d7537f\" alt=\"\"\/><br \/>\n        Fumer est d\u00e9sormais interdit sur le sable, et partout sur les plages.  <strong>Photo Luc Boutria.<\/strong> <\/p>\n<p>Leur mission: sensibiliser et rappeler les interdictions en vigueur.<\/p>\n<p>\u00ab\u00a0On garde un \u0153il sur le sable et un autre sur l\u2019herbe. Par exemple, nous veillons \u00e0 ce qu\u2019il n\u2019y ait ni chien, ni cigarette, ni comportement incivil, ni mobilier encombrant pour les pique-niques.\u00a0\u00bb<\/p>\n<p>Cet \u00e9t\u00e9, pour la premi\u00e8re fois, c\u2019est un effectif renforc\u00e9 qui est d\u00e9ploy\u00e9 sur les plages. Les \u00e9quipes de deux bin\u00f4mes se relaient de 9h \u00e0 19h.<\/p>\n<p>\u00ab\u00a0Avec la mise en place d\u2019une nouvelle r\u00e9glementation, nous avons souhait\u00e9 assurer une pr\u00e9sence plus importante pour que la saison se passe dans les meilleures conditions pour les Toulonnais et l\u2019ensemble des touristes, affirme Laurent J\u00e9r\u00f4me, adjoint \u00e0 la s\u00e9curit\u00e9. Cette plage est l\u2019une des plus fr\u00e9quent\u00e9es de la ville, il est donc essentiel que tout se d\u00e9roule dans le calme pour chacun.\u00a0\u00bb<\/p>\n<p>Sensibiliser avant de s\u00e9vir<\/p>\n<p>Une pr\u00e9sence visible et rassurante, qui semble porter ses fruits: depuis le d\u00e9but de l\u2019\u00e9t\u00e9, seules deux verbalisations \u2014 \u00e0 135 euros chacune \u2014 ont \u00e9t\u00e9 dress\u00e9es.<\/p>\n<p>\u00ab\u00a0Nous avons eu affaire \u00e0 des personnes qui refusaient d\u2019ob\u00e9ir \u00e0 cause de l\u2019effet de groupe. Dans ces situations, nous faisons intervenir les policiers municipaux en renfort\u00a0\u00bb, indiquent les agents.<\/p>\n<p>Et de poursuivre: \u00ab\u00a0Mais dans l\u2019ensemble, tout se passe plut\u00f4t bien. Nous expliquons les r\u00e8gles et pr\u00e9venons que s\u2019ils ne les respectent pas \u00e0 l\u2019avenir, ils s\u2019exposent \u00e0 des contraventions. \u00c9videmment, nous veillons \u00e0 sensibiliser avant de s\u00e9vir\u00a0\u00bb.<\/p>\n<p>Un \u00e9tat d\u2019esprit qui traduit celui de la municipalit\u00e9: faire rimer d\u00e9tente avec respect des r\u00e8gles.<\/p>\n<p>            Autorisations et interdictions: on fait le point<\/p>\n<p>Avec l\u2019annonce de nouFauxvelles r\u00e8gles il y a un mois, difficile de s\u2019y retrouver pour savoir ce qui est autoris\u00e9 ou non. Pour y voir plus clair, on fait le point.<\/p>\n<p>\u00ab\u00a0<b>Il est interdit de pique niquer\u00a0\u00bb: faux<\/b><\/p>\n<p>\u00a0Contrairement aux id\u00e9es re\u00e7ues, la pr\u00e9sence d\u2019aires de pique-nique n\u2019indique pas que les pauses repas sont interdites ailleurs. \u00ab\u00a0Ce qui l\u2019est, en revanche, ce sont les grands rassemblements, avec du gros mobilier. Les petits pique-niques, loin des restaurants et discrets restent autoris\u00e9s \u00ab\u00a0, explique Laurent J\u00e9r\u00f4me.<\/p>\n<p><b>\u00ab\u00a0Il est interdit de fumer partout\u00a0\u00bb: vrai<\/b><\/p>\n<p>Les cigarettes sont effectivement prohib\u00e9es sur l\u2019ensemble des plages du Mourillon: sur le sable, dans les all\u00e9es et sur les pelouses. Il s\u2019agit en r\u00e9alit\u00e9 d\u2019une mesure nationale, en vigueur dans le cadre de la loi sur le tabac. En effet, depuis le 1er juillet 2025, fumer sur les plages est d\u00e9sormais interdit partout en France.<\/p>\n<p><b>\u00ab\u00a0L\u2019alcool est autoris\u00e9 sur les pelouses\u00a0\u00bb: faux<\/b><\/p>\n<p>Nombreux sont ceux qui se laissent aller \u00e0 des ap\u00e9ros entre amis. Mais que chacun soit bien inform\u00e9 d\u00e9sormais: l\u2019alcool est absolument interdit partout sur les plages du Mourillon.<\/p>\n<p><b>\u00ab\u00a0Les chiens ont leur propre espace sur les plages\u00a0\u00bb: vrai<\/b><\/p>\n<p>Si les toutous sont interdits, ils ont pour autant leur espace d\u00e9di\u00e9. Un parc \u00e0 chiens leur permet de se d\u00e9fouler, librement sur l\u2019herbe. Et pour ceux qui souhaiteraient rafra\u00eechir leurs petites b\u00eates, la baignade est autoris\u00e9e pour les chiens sur une partie de l\u2019anse Tabarly.<\/p>\n","protected":false},"excerpt":{"rendered":"\u00ab\u00a0Mesdames,\u00a0je vais vous demander d\u2019\u00e9teindre vos cigarettes. Fumer est interdit ici.\u00a0\u00bb Gredy et La\u00ebtitia, agents ASVP, rappellent pour&hellip;\n","protected":false},"author":2,"featured_media":290689,"comment_status":"","ping_status":"","sticky":false,"template":"","format":"standard","meta":{"footnotes":""},"categories":[9619],"tags":[1111,11,1777,674,1011,27,12,882,25,656,2310,3366],"class_list":{"0":"post-290688","1":"post","2":"type-post","3":"status-publish","4":"format-standard","5":"has-post-thumbnail","7":"category-toulon","8":"tag-actu","9":"tag-actualites","10":"tag-eu","11":"tag-europe","12":"tag-fr","13":"tag-france","14":"tag-news","15":"tag-provence-alpes-cote-dazur","16":"tag-republique-francaise","17":"tag-securite","18":"tag-toulon","19":"tag-vie-locale"},"share_on_mastodon":{"url":"https:\/\/pubeurope.com\/@fr\/114957661195891418","error":""},"_links":{"self":[{"href":"https:\/\/www.europesays.com\/fr\/wp-json\/wp\/v2\/posts\/290688","targetHints":{"allow":["GET"]}}],"collection":[{"href":"https:\/\/www.europesays.com\/fr\/wp-json\/wp\/v2\/posts"}],"about":[{"href":"https:\/\/www.europesays.com\/fr\/wp-json\/wp\/v2\/types\/post"}],"author":[{"embeddable":true,"href":"https:\/\/www.europesays.com\/fr\/wp-json\/wp\/v2\/users\/2"}],"replies":[{"embeddable":true,"href":"https:\/\/www.europesays.com\/fr\/wp-json\/wp\/v2\/comments?post=290688"}],"version-history":[{"count":0,"href":"https:\/\/www.europesays.com\/fr\/wp-json\/wp\/v2\/posts\/290688\/revisions"}],"wp:featuredmedia":[{"embeddable":true,"href":"https:\/\/www.europesays.com\/fr\/wp-json\/wp\/v2\/media\/290689"}],"wp:attachment":[{"href":"https:\/\/www.europesays.com\/fr\/wp-json\/wp\/v2\/media?parent=290688"}],"wp:term":[{"taxonomy":"category","embeddable":true,"href":"https:\/\/www.europesays.com\/fr\/wp-json\/wp\/v2\/categories?post=290688"},{"taxonomy":"post_tag","embeddable":true,"href":"https:\/\/www.europesays.com\/fr\/wp-json\/wp\/v2\/tags?post=290688"}],"curies":[{"name":"wp","href":"https:\/\/api.w.org\/{rel}","templated":true}]}}