{"id":290703,"date":"2025-08-02T06:14:11","date_gmt":"2025-08-02T06:14:11","guid":{"rendered":"https:\/\/www.europesays.com\/fr\/290703\/"},"modified":"2025-08-02T06:14:11","modified_gmt":"2025-08-02T06:14:11","slug":"strasbourg-monsieur-canard-colvert-mue-pendant-que-la-femelle-soccupe-de-petits-temeraires","status":"publish","type":"post","link":"https:\/\/www.europesays.com\/fr\/290703\/","title":{"rendered":"Strasbourg. Monsieur canard colvert mue pendant que la femelle s\u2019occupe de petits t\u00e9m\u00e9raires"},"content":{"rendered":"<p>Le canard colvert, esp\u00e8ce tr\u00e8s reconnaissable gr\u00e2ce aux couleurs vives du m\u00e2le, vit en grand nombre dans les zones humides. En \u00e9t\u00e9, la femelle s\u2019occupe de canetons particuli\u00e8rement casse-cou pendant que monsieur entretient son beau plumage.<\/p>\n<p>Une mue d\u2019\u00e9t\u00e9 qui laisse des traces<\/p>\n<p>Une fois la ponte des canards colverts \u00e0 son terme, le m\u00e2le en profite pour s\u2019\u00e9loigner du nid familial et se refaire une beaut\u00e9. Il perd ses plumes de vol ab\u00eem\u00e9es, celles qui lui donnent cette t\u00eate verte et ce bout des ailes bleu violet, dont raffolent les femelles pendant la p\u00e9riode nuptiale. Le canard colvert est alors m\u00e9connaissable et <a href=\"https:\/\/www.dna.fr\/insolite\/2021\/06\/06\/une-cane-et-ses-canetons-a-travers-strasbourg\" target=\"_blank\" rel=\"noopener\">ressemble \u00e0 tous ses cousins<\/a> , raison pour laquelle beaucoup pensent qu\u2019il s\u2019en est all\u00e9. Amput\u00e9 de ses plumes de vol, il est contraint de rester \u00e0 la surface pendant quelques semaines.<\/p>\n<p>Les promeneurs des&#8230;<\/p>\n","protected":false},"excerpt":{"rendered":"Le canard colvert, esp\u00e8ce tr\u00e8s reconnaissable gr\u00e2ce aux couleurs vives du m\u00e2le, vit en grand nombre dans les&hellip;\n","protected":false},"author":2,"featured_media":290704,"comment_status":"","ping_status":"","sticky":false,"template":"","format":"standard","meta":{"footnotes":""},"categories":[2820],"tags":[1111,11,2389,1867,2649,2880,1777,674,107,1011,27,775,3035,12,25,104,640,2879],"class_list":{"0":"post-290703","1":"post","2":"type-post","3":"status-publish","4":"format-standard","5":"has-post-thumbnail","7":"category-strasbourg","8":"tag-actu","9":"tag-actualites","10":"tag-alsace","11":"tag-animaux","12":"tag-bas-rhin","13":"tag-edition-strasbourg","14":"tag-eu","15":"tag-europe","16":"tag-fil-info","17":"tag-fr","18":"tag-france","19":"tag-grand-est","20":"tag-la-matinale-strasbourg","21":"tag-news","22":"tag-republique-francaise","23":"tag-societe","24":"tag-strasbourg","25":"tag-strasbourg-ville"},"share_on_mastodon":{"url":"https:\/\/pubeurope.com\/@fr\/114957704719429328","error":""},"_links":{"self":[{"href":"https:\/\/www.europesays.com\/fr\/wp-json\/wp\/v2\/posts\/290703","targetHints":{"allow":["GET"]}}],"collection":[{"href":"https:\/\/www.europesays.com\/fr\/wp-json\/wp\/v2\/posts"}],"about":[{"href":"https:\/\/www.europesays.com\/fr\/wp-json\/wp\/v2\/types\/post"}],"author":[{"embeddable":true,"href":"https:\/\/www.europesays.com\/fr\/wp-json\/wp\/v2\/users\/2"}],"replies":[{"embeddable":true,"href":"https:\/\/www.europesays.com\/fr\/wp-json\/wp\/v2\/comments?post=290703"}],"version-history":[{"count":0,"href":"https:\/\/www.europesays.com\/fr\/wp-json\/wp\/v2\/posts\/290703\/revisions"}],"wp:featuredmedia":[{"embeddable":true,"href":"https:\/\/www.europesays.com\/fr\/wp-json\/wp\/v2\/media\/290704"}],"wp:attachment":[{"href":"https:\/\/www.europesays.com\/fr\/wp-json\/wp\/v2\/media?parent=290703"}],"wp:term":[{"taxonomy":"category","embeddable":true,"href":"https:\/\/www.europesays.com\/fr\/wp-json\/wp\/v2\/categories?post=290703"},{"taxonomy":"post_tag","embeddable":true,"href":"https:\/\/www.europesays.com\/fr\/wp-json\/wp\/v2\/tags?post=290703"}],"curies":[{"name":"wp","href":"https:\/\/api.w.org\/{rel}","templated":true}]}}