{"id":290713,"date":"2025-08-02T06:19:32","date_gmt":"2025-08-02T06:19:32","guid":{"rendered":"https:\/\/www.europesays.com\/fr\/290713\/"},"modified":"2025-08-02T06:19:32","modified_gmt":"2025-08-02T06:19:32","slug":"cest-une-friche-ou-le-temps-pousse-a-nantes-une-ancienne-carriere-devenue-jardin-2","status":"publish","type":"post","link":"https:\/\/www.europesays.com\/fr\/290713\/","title":{"rendered":"\u00ab C\u2019est une friche o\u00f9 le temps pousse \u00bb : \u00e0 Nantes, une ancienne carri\u00e8re devenue jardin"},"content":{"rendered":"<tr wp_automatic_readability=\"6.8734939759036\">\n<td valign=\"middle\" align=\"center\" class=\"col-logo\" wp_automatic_readability=\"5\">\n    <img decoding=\"async\" src=\"https:\/\/maville.com\/design\/images\/logo-of-monetise.svg?version=20130627\" alt=\"logo Ouest-France\" height=\"66\"\/><\/p>\n<p>Contenu r\u00e9serv\u00e9 aux abonn\u00e9s<\/p>\n<\/td>\n<td class=\"col-titre\">\n\t\t\tSamedi 02 ao\u00fbt 2025 06:30<br \/>\n\t\t\t<a class=\"icon-bulle sizeL count\" href=\"#ancreAvis\"><br \/>\n\t&#8230;<br \/>\n<\/a><\/td>\n<\/tr>\n<p>\t\t<a class=\"mavillebox2 elmt-photo\" href=\"https:\/\/maville.com\/photosmvi\/2025\/08\/02\/P35386544D6922132G.jpg\" title=\" Avec ses cascades et ses esp\u00e8ces v\u00e9g\u00e9tales exotiques, le Jardin extraordinaire est une sorte de mini-jungle \u00e0 deux pas du centre-ville de Nantes. Face \u00e0 la Loire, il sera dans quelques ann\u00e9es connect\u00e9 \u00e0 la Cit\u00e9 des imaginaires.  \u00a9  Ouest-France  &lt;!--TAG-BLC credit--&gt;\" rel=\"galerie_actu noopener\" target=\"_blank\"><br \/>\n\t<img decoding=\"async\" src=\"https:\/\/www.europesays.com\/fr\/wp-content\/uploads\/2025\/08\/P35386544D6922132G_crop_640-330_.jpg\" alt=\"photo  avec ses cascades et ses esp\u00e8ces v\u00e9g\u00e9tales exotiques, le jardin extraordinaire est une sorte de mini-jungle \u00e0 deux pas du centre-ville de nantes. face \u00e0 la loire, il sera dans quelques ann\u00e9es connect\u00e9 \u00e0 la cit\u00e9 des imaginaires.  \u00a9  ouest-france \"\/><br \/>\n\t2<br \/>\n<\/a><\/p>\n<p class=\"elmt-legende\"> Avec ses cascades et ses esp\u00e8ces v\u00e9g\u00e9tales exotiques, le Jardin extraordinaire est une sorte de mini-jungle \u00e0 deux pas du centre-ville de Nantes. Face \u00e0 la Loire, il sera dans quelques ann\u00e9es connect\u00e9 \u00e0 la Cit\u00e9 des imaginaires.  \u00a9  Ouest-France  <\/p>\n<p><a class=\"mavillebox2\" href=\"https:\/\/maville.com\/photosmvi\/2025\/08\/02\/P35386545D6922132G.jpg\" title=\"\u00e0 l\u2019horizon 2028, le b\u00e2timent de b\u00e9ton cap 44 qui surplombe la loire deviendra la cit\u00e9 des imaginaires. \u00a9  ouest-france \" rel=\"galerie_actu noopener\" target=\"_blank\"><\/p>\n<p>\t\tDeuxi\u00e8me volet de notre s\u00e9rie consacr\u00e9e aux lieux de l\u2019ouest de la France qui ont connu la gloire, puis l\u2019oubli, avant de rena\u00eetre. On vous emm\u00e8ne visiter le Jardin extraordinaire, \u00e0 Nantes (Loire-Atlantique). Face \u00e0 la Loire, cette ancienne carri\u00e8re de granit rena\u00eet depuis 2019, sous la forme d\u2019un luxuriant jardin inspir\u00e9 de l\u2019univers de Jules Verne. Dans quelques ann\u00e9es, il se prolongera jusqu\u2019\u00e0 la Cit\u00e9 des imaginaires, lieu culturel d\u00e9di\u00e9 \u00e0 l\u2019\u00e9crivain n\u00e9 \u00e0 Nantes.<\/p>\n<p><b>Cet article est r\u00e9serv\u00e9 aux abonn\u00e9s<\/b><\/p>\n<p>Pour un acc\u00e8s imm\u00e9diat, abonnez-vous<\/p>\n<p><b>1\u00e8re semaine offerte<\/b><\/p>\n<p>\t\t Isabelle LABARRE. \u00a0\u00a0<br \/>\n\t\tOuest-France<\/p>\n<p>Retrouvez d&rsquo;autres actus sur la commune de :<\/p>\n<p>\t\t&#13;<\/p>\n","protected":false},"excerpt":{"rendered":"Contenu r\u00e9serv\u00e9 aux abonn\u00e9s Samedi 02 ao\u00fbt 2025 06:30 &#8230; 2 Avec ses cascades et ses esp\u00e8ces v\u00e9g\u00e9tales&hellip;\n","protected":false},"author":2,"featured_media":290712,"comment_status":"","ping_status":"","sticky":false,"template":"","format":"standard","meta":{"footnotes":""},"categories":[2818],"tags":[1111,11,8108,1438,1282,42980,1777,674,42981,1011,27,3009,3354,766,12,2636,42979,25,5426],"class_list":{"0":"post-290713","1":"post","2":"type-post","3":"status-publish","4":"format-standard","5":"has-post-thumbnail","7":"category-nantes","8":"tag-actu","9":"tag-actualites","10":"tag-ancienne","11":"tag-angers","12":"tag-carriere","13":"tag-devenue","14":"tag-eu","15":"tag-europe","16":"tag-exotique","17":"tag-fr","18":"tag-france","19":"tag-friche","20":"tag-jardin","21":"tag-nantes","22":"tag-news","23":"tag-pays-de-la-loire","24":"tag-pousse","25":"tag-republique-francaise","26":"tag-temps"},"share_on_mastodon":{"url":"https:\/\/pubeurope.com\/@fr\/114957724170302089","error":""},"_links":{"self":[{"href":"https:\/\/www.europesays.com\/fr\/wp-json\/wp\/v2\/posts\/290713","targetHints":{"allow":["GET"]}}],"collection":[{"href":"https:\/\/www.europesays.com\/fr\/wp-json\/wp\/v2\/posts"}],"about":[{"href":"https:\/\/www.europesays.com\/fr\/wp-json\/wp\/v2\/types\/post"}],"author":[{"embeddable":true,"href":"https:\/\/www.europesays.com\/fr\/wp-json\/wp\/v2\/users\/2"}],"replies":[{"embeddable":true,"href":"https:\/\/www.europesays.com\/fr\/wp-json\/wp\/v2\/comments?post=290713"}],"version-history":[{"count":0,"href":"https:\/\/www.europesays.com\/fr\/wp-json\/wp\/v2\/posts\/290713\/revisions"}],"wp:featuredmedia":[{"embeddable":true,"href":"https:\/\/www.europesays.com\/fr\/wp-json\/wp\/v2\/media\/290712"}],"wp:attachment":[{"href":"https:\/\/www.europesays.com\/fr\/wp-json\/wp\/v2\/media?parent=290713"}],"wp:term":[{"taxonomy":"category","embeddable":true,"href":"https:\/\/www.europesays.com\/fr\/wp-json\/wp\/v2\/categories?post=290713"},{"taxonomy":"post_tag","embeddable":true,"href":"https:\/\/www.europesays.com\/fr\/wp-json\/wp\/v2\/tags?post=290713"}],"curies":[{"name":"wp","href":"https:\/\/api.w.org\/{rel}","templated":true}]}}