{"id":290726,"date":"2025-08-02T06:26:10","date_gmt":"2025-08-02T06:26:10","guid":{"rendered":"https:\/\/www.europesays.com\/fr\/290726\/"},"modified":"2025-08-02T06:26:10","modified_gmt":"2025-08-02T06:26:10","slug":"un-mois-de-juillet-mitige","status":"publish","type":"post","link":"https:\/\/www.europesays.com\/fr\/290726\/","title":{"rendered":"un mois de juillet mitig\u00e9"},"content":{"rendered":"<p>Autour du Vieux-Port, le moral des professionnels n\u2019est pas vraiment au beau fixe. Certes, <a href=\"https:\/\/www.laprovence.com\/article\/region\/43037185105125\/canicule-jusqua-35-c-dans-les-salles-de-classes-a-marseille-les-enfants-font-des-malaises\" target=\"_blank\" rel=\"noopener\">l\u2019\u00e9pisode caniculaire<\/a> puis les <a href=\"https:\/\/www.laprovence.com\/article\/region\/3539088703846414\/soutien-moral-vegetalisation-a-lestaque-la-solidarite-na-jamais-faibli-depuis-lincendie-du-8-juillet\" target=\"_blank\" rel=\"noopener\">incendies<\/a> ont frein\u00e9 l\u2019arriv\u00e9e des touristes en juillet. \u00ab\u00a0La saison est tr\u00e8s en retrait par rapport \u00e0\u00a02024. Nous constatons une baisse importante de la fr\u00e9quentation internationale dans un contexte de concurrence accrue des autres destinations m\u00e9diterran\u00e9ennes et d\u2019un pouvoir d\u2019achat contraint\u00a0\u00bb, explique <a href=\"https:\/\/www.laprovence.com\/article\/economie\/48669399924716\/jai-toujours-adore-ca-vincent-gaymard-directeur-du-sofitel-marseille-lhomme-fort-du-tourisme\" target=\"_blank\" rel=\"noopener\">Vincent Gaymard<\/a>, vice-pr\u00e9sident de l\u2019Umih 13 (f\u00e9d\u00e9ration de l\u2019industrie h\u00f4teli\u00e8re des Bouches-du-Rh\u00f4ne).<\/p>\n","protected":false},"excerpt":{"rendered":"Autour du Vieux-Port, le moral des professionnels n\u2019est pas vraiment au beau fixe. Certes, l\u2019\u00e9pisode caniculaire puis les&hellip;\n","protected":false},"author":2,"featured_media":290727,"comment_status":"","ping_status":"","sticky":false,"template":"","format":"standard","meta":{"footnotes":""},"categories":[2814],"tags":[17,1111,11,33,932,1777,674,1011,27,4743,884,12,882,25,29622,3242,602,933],"class_list":{"0":"post-290726","1":"post","2":"type-post","3":"status-publish","4":"format-standard","5":"has-post-thumbnail","7":"category-marseille","8":"tag-17","9":"tag-actu","10":"tag-actualites","11":"tag-economie","12":"tag-est","13":"tag-eu","14":"tag-europe","15":"tag-fr","16":"tag-france","17":"tag-la","18":"tag-marseille","19":"tag-news","20":"tag-provence-alpes-cote-dazur","21":"tag-republique-francaise","22":"tag-retrait","23":"tag-saison","24":"tag-tourisme","25":"tag-tres"},"share_on_mastodon":{"url":"https:\/\/pubeurope.com\/@fr\/114957751803654968","error":""},"_links":{"self":[{"href":"https:\/\/www.europesays.com\/fr\/wp-json\/wp\/v2\/posts\/290726","targetHints":{"allow":["GET"]}}],"collection":[{"href":"https:\/\/www.europesays.com\/fr\/wp-json\/wp\/v2\/posts"}],"about":[{"href":"https:\/\/www.europesays.com\/fr\/wp-json\/wp\/v2\/types\/post"}],"author":[{"embeddable":true,"href":"https:\/\/www.europesays.com\/fr\/wp-json\/wp\/v2\/users\/2"}],"replies":[{"embeddable":true,"href":"https:\/\/www.europesays.com\/fr\/wp-json\/wp\/v2\/comments?post=290726"}],"version-history":[{"count":0,"href":"https:\/\/www.europesays.com\/fr\/wp-json\/wp\/v2\/posts\/290726\/revisions"}],"wp:featuredmedia":[{"embeddable":true,"href":"https:\/\/www.europesays.com\/fr\/wp-json\/wp\/v2\/media\/290727"}],"wp:attachment":[{"href":"https:\/\/www.europesays.com\/fr\/wp-json\/wp\/v2\/media?parent=290726"}],"wp:term":[{"taxonomy":"category","embeddable":true,"href":"https:\/\/www.europesays.com\/fr\/wp-json\/wp\/v2\/categories?post=290726"},{"taxonomy":"post_tag","embeddable":true,"href":"https:\/\/www.europesays.com\/fr\/wp-json\/wp\/v2\/tags?post=290726"}],"curies":[{"name":"wp","href":"https:\/\/api.w.org\/{rel}","templated":true}]}}