{"id":290738,"date":"2025-08-02T06:34:22","date_gmt":"2025-08-02T06:34:22","guid":{"rendered":"https:\/\/www.europesays.com\/fr\/290738\/"},"modified":"2025-08-02T06:34:22","modified_gmt":"2025-08-02T06:34:22","slug":"daulton-hommes-sajoute-a-la-liste-des-prolongations-au-paris-basketball","status":"publish","type":"post","link":"https:\/\/www.europesays.com\/fr\/290738\/","title":{"rendered":"Daulton Hommes s&rsquo;ajoute \u00e0 la liste des prolongations au Paris Basketball"},"content":{"rendered":"<p>De l\u2019ensemble de l\u2019effectif 2024-2025 du <a target=\"_blank\" rel=\"noopener nofollow\" href=\"https:\/\/www.bebasket.fr\/equipe\/paris-basketball\">Paris Basketball<\/a>, seuls <strong>Nadir Hifi<\/strong><strong>, Yakuba Ouattara, S\u00e9bastien Herrera <\/strong>et<strong> Enzo Shahrvin <\/strong>\u00e9taient les rescap\u00e9s jusqu\u2019\u00e0 ce 1er ao\u00fbt. Mais un cinqui\u00e8me membre de l\u2019escadron de la saison de la d\u00e9couverte de l\u2019<a target=\"_blank\" rel=\"noopener nofollow\" href=\"https:\/\/www.bebasket.fr\/ligue\/euroleague\">EuroLeague<\/a> sera \u00e9galement pr\u00e9sent en 2025-2026. En effet, le club de la capitale a annonc\u00e9 la prolongation de contrat de l\u2019ailier am\u00e9ricain <a target=\"_blank\" rel=\"noopener nofollow\" href=\"https:\/\/www.bebasket.fr\/joueur\/daulton-hommes\"><strong>Daulton Hommes<\/strong> (2,04 m, 29 ans)<\/a>.<\/p>\n<blockquote class=\"twitter-tweet\" data-width=\"550\" data-dnt=\"true\">\n<p lang=\"fr\" dir=\"ltr\">DC IS BACK HOME \u203c\ufe0f\ud83c\udfe0 <\/p>\n<p>Nous sommes tr\u00e8s heureux de vous annoncer que <a href=\"https:\/\/twitter.com\/dchommes?ref_src=twsrc%5Etfw\" rel=\"nofollow noopener\" target=\"_blank\">@dchommes<\/a> sera \u00e0 nouveau parisien la saison prochaine \ud83d\udda4\u2764\ufe0f\ud83d\udc99<\/p>\n<p>LET\u2019S GO \ud83e\udee1 <a href=\"https:\/\/t.co\/HOwDezSNYB\" rel=\"nofollow\">pic.twitter.com\/HOwDezSNYB<\/a><\/p>\n<p>\u2014 Paris Basketball (@ParisBasketball) <a href=\"https:\/\/twitter.com\/ParisBasketball\/status\/1951341900100772101?ref_src=twsrc%5Etfw\" rel=\"nofollow noopener\" target=\"_blank\">August 1, 2025<\/a><\/p>\n<\/blockquote>\n<p><strong>Prolong\u00e9 gr\u00e2ce \u00e0 sa s\u00e9rie contre Monaco<\/strong><br \/>\n<strong>en finale de Betclic ELITE ?\u00a0<\/strong><\/p>\n<p>Avec \u00e9galement les assistants Julius Thomas et Bienvenu Kindoki, Daulton Hommes va donc faire partie des meubles du vestiaire parisien, et ce malgr\u00e9 son faible v\u00e9cu parisien. Arriv\u00e9 \u00e0 l\u2019intersaison 2024 apr\u00e8s une saison quasi-blanche \u00e0 Trento (genou), un certain flou a longtemps entour\u00e9 le cas du joueur am\u00e9ricain \u00e0 Paris. Absent de la pr\u00e9saison pour une blessure \u00e0 la jambe, il est seulement revenu \u00e0 l\u2019entra\u00eenement en d\u00e9but d\u2019ann\u00e9e 2025, disputant son premier match avec son nouveau club le 1er f\u00e9vrier, \u00e0 l\u2019occasion d\u2019un derby contre Nanterre.<\/p>\n<p>Encore r\u00e9guli\u00e8rement emb\u00eat\u00e9 par quelques soucis physiques (la main en mars), Daulton Hommes a cependant su prouver sa valeur sur la fin de la saison. S\u2019il n\u2019a pris part qu\u2019\u00e0 six rencontres d\u2019EuroLeague, l\u2019ancien joueur de Baskonia s\u2019est r\u00e9v\u00e9l\u00e9 pr\u00e9cieux dans le sprint final pour aller chercher le premier titre de champion de France du club. Lors des cinq matchs contre l\u2019AS Monaco, le natif de Bellingham a tourn\u00e9 \u00e0 6,6 points et 4,6 rebonds en 12 minutes de jeu en moyenne.<\/p>\n<p>PROFIL JOUEUR<\/p>\n<p><a href=\"https:\/\/www.bebasket.fr\/joueur\/daulton-hommes\" rel=\"nofollow noopener\" target=\"_blank\"> <img decoding=\"async\" loading=\"lazy\" class=\"player-infos-image\" src=\"https:\/\/www.europesays.com\/fr\/wp-content\/uploads\/2025\/08\/daulton-hommes-2024-1ef46b0d-c8c2-6ba6-a9d9-018dd2cf49e0.jpg\" alt=\"\" width=\"500\" height=\"500\"\/> <\/a><\/p>\n<p>Poste(s): Ailier\/Ailier Fort<\/p>\n<p>Taille: 204 cm<\/p>\n<p>\u00c2ge: 29 ans (04\/07\/1996)<\/p>\n<p>Nationalit\u00e9s:<\/p>\n<p><img decoding=\"async\" loading=\"lazy\" class=\"flag\" title=\"Etats-Unis\" src=\"https:\/\/www.europesays.com\/fr\/wp-content\/uploads\/2025\/06\/logo-usa-1ee78969-8c19-6296-b3a9-f77fe7e4cd0e.jpg\" alt=\"logo usa.jpg\" width=\"50\" height=\"50\"\/><\/p>\n<p>Stats 2024-2025 \/ Betclic ELITE<\/p>\n<p>Ainsi, apr\u00e8s cette saison du retour, Daulton Hommes esp\u00e8re d\u00e9sormais livrer un exercice plein avec le Paris Basketball, au sein d\u2019un effectif o\u00f9 il pourrait prendre une plus large place sur les ailes avec le d\u00e9part de Tyson Ward, Collin Malcolm ou encore Bandja Sy. M\u00eame si l\u2019\u00e9quipe de David Kahn s\u2019est bien renforc\u00e9e sur cette position, avec notamment les arriv\u00e9es de Amath Mbaye, Derek Willis ou encore Allan Dokossi.<\/p>\n<p><strong>L\u2019effectif du Paris Basketball pour la saison 2025-2026 :<\/strong><\/p>\n<ul>\n<li><strong>Meneurs :<\/strong>\u00a0Justin Robinson, un deuxi\u00e8me meneur et Ilian Moungala<\/li>\n<li><strong>Arri\u00e8res :<\/strong>\u00a0Nadir Hifi, Jo\u00ebl Ayayi et Sebastian Herrara<\/li>\n<li><strong>Ailiers :<\/strong>\u00a0Lamar Stevens, Jeremy Morgan et Yakuba Ouattara<\/li>\n<li><strong>Ailier-forts :<\/strong>\u00a0Daulton Hommes, Amath Mbaye, Derek Willis, Allan Dokossi et L\u00e9opold Cavali\u00e8re<\/li>\n<li><strong>Pivots :<\/strong>\u00a0Isma\u00ebl Bako, Mohamed Faye et Enzo Shahrvin<\/li>\n<\/ul>\n<p><strong>Tous les d\u00e9parts parisiens :<\/strong><\/p>\n<p><script async src=\"https:\/\/platform.twitter.com\/widgets.js\" charset=\"utf-8\"><\/script><\/p>\n","protected":false},"excerpt":{"rendered":"De l\u2019ensemble de l\u2019effectif 2024-2025 du Paris Basketball, seuls Nadir Hifi, Yakuba Ouattara, S\u00e9bastien Herrera et Enzo Shahrvin&hellip;\n","protected":false},"author":2,"featured_media":290739,"comment_status":"","ping_status":"","sticky":false,"template":"","format":"standard","meta":{"footnotes":""},"categories":[1888],"tags":[1111,1928,11,1927,1777,674,1011,27,12,1926,626,1925,25],"class_list":{"0":"post-290738","1":"post","2":"type-post","3":"status-publish","4":"format-standard","5":"has-post-thumbnail","7":"category-paris","8":"tag-actu","9":"tag-actu-paris","10":"tag-actualites","11":"tag-actualites-paris","12":"tag-eu","13":"tag-europe","14":"tag-fr","15":"tag-france","16":"tag-news","17":"tag-news-paris","18":"tag-paris","19":"tag-paris-news","20":"tag-republique-francaise"},"share_on_mastodon":{"url":"https:\/\/pubeurope.com\/@fr\/114957783351098325","error":""},"_links":{"self":[{"href":"https:\/\/www.europesays.com\/fr\/wp-json\/wp\/v2\/posts\/290738","targetHints":{"allow":["GET"]}}],"collection":[{"href":"https:\/\/www.europesays.com\/fr\/wp-json\/wp\/v2\/posts"}],"about":[{"href":"https:\/\/www.europesays.com\/fr\/wp-json\/wp\/v2\/types\/post"}],"author":[{"embeddable":true,"href":"https:\/\/www.europesays.com\/fr\/wp-json\/wp\/v2\/users\/2"}],"replies":[{"embeddable":true,"href":"https:\/\/www.europesays.com\/fr\/wp-json\/wp\/v2\/comments?post=290738"}],"version-history":[{"count":0,"href":"https:\/\/www.europesays.com\/fr\/wp-json\/wp\/v2\/posts\/290738\/revisions"}],"wp:featuredmedia":[{"embeddable":true,"href":"https:\/\/www.europesays.com\/fr\/wp-json\/wp\/v2\/media\/290739"}],"wp:attachment":[{"href":"https:\/\/www.europesays.com\/fr\/wp-json\/wp\/v2\/media?parent=290738"}],"wp:term":[{"taxonomy":"category","embeddable":true,"href":"https:\/\/www.europesays.com\/fr\/wp-json\/wp\/v2\/categories?post=290738"},{"taxonomy":"post_tag","embeddable":true,"href":"https:\/\/www.europesays.com\/fr\/wp-json\/wp\/v2\/tags?post=290738"}],"curies":[{"name":"wp","href":"https:\/\/api.w.org\/{rel}","templated":true}]}}