{"id":290744,"date":"2025-08-02T06:37:13","date_gmt":"2025-08-02T06:37:13","guid":{"rendered":"https:\/\/www.europesays.com\/fr\/290744\/"},"modified":"2025-08-02T06:37:13","modified_gmt":"2025-08-02T06:37:13","slug":"des-frappes-ukrainiennes-font-trois-morts-en-russie","status":"publish","type":"post","link":"https:\/\/www.europesays.com\/fr\/290744\/","title":{"rendered":"Des frappes ukrainiennes font trois morts en Russie"},"content":{"rendered":"\n<p class=\"c-chapo \">\n  L&rsquo;arm\u00e9e russe a annonc\u00e9 de son c\u00f4t\u00e9 avoir intercept\u00e9 au total 112 drones tir\u00e9s par l&rsquo;Ukraine pendant la nuit.\n<\/p>\n<p>            lire plus tard<\/p>\n<p id=\"dialog__title\" class=\"dialog__title\">Pour sauvegarder cet article, connectez-vous ou cr\u00e9ez un compte franceinfo<\/p>\n<p class=\"dialog__description\">Sans paiement. Sans abonnement.<\/p>\n<p>        Fermer la fen\u00eatre d\u2019activation des notifications France Info<\/p>\n<p>            cr\u00e9er votre compte<\/p>\n<p>            se connecter<\/p>\n<p>        Fermer la fen\u00eatre de pr\u00e9sentation<\/p>\n<p>    <img loading=\"lazy\" decoding=\"async\" class=\"signature__image lazyload\" width=\"100\" height=\"100\" data- alt=\"\" src=\"https:\/\/www.europesays.com\/fr\/wp-content\/uploads\/2025\/05\/64a68815cd1a7_placeholder-36b69ec8.png\"\/><\/p>\n<p>    Publi\u00e9 le 02\/08\/2025 08:07<\/p>\n<p>        Temps de lecture : 3min<\/p>\n<p>    <img decoding=\"async\"  alt=\"Un militaire ukrainien pilote un drone de combat, le 20 janvier 2024, dans la r\u00e9gion de Kherson, en Ukraine. (VIRGINIE NGUYEN HOANG \/ HANS LUCAS \/ AFP)\" width=\"432\" height=\"243\" src=\"https:\/\/www.europesays.com\/fr\/wp-content\/uploads\/2025\/08\/080-hl-vnguyen-2265016-688daa9f92aeb667898890.jpg\" fetchpriority=\"high\"\/><\/p>\n<p>      Un militaire ukrainien pilote un drone de combat, le 20 janvier 2024, dans la r\u00e9gion de Kherson, en Ukraine. (VIRGINIE NGUYEN HOANG \/ HANS LUCAS \/ AFP)<\/p>\n<p>Apr\u00e8s <a href=\"https:\/\/www.franceinfo.fr\/monde\/europe\/manifestations-en-ukraine\/frappes-russes-sur-kiev-le-bilan-s-alourdit-a-26-morts-dont-trois-enfants_7411480.html\" target=\"_blank\" rel=\"noopener nofollow\">les bombardements meurtriers de l&rsquo;arm\u00e9e russe sur Kiev<\/a>, l&rsquo;Ukraine a vis\u00e9 plusieurs r\u00e9gions de Russie. Trois personnes ont \u00e9t\u00e9 tu\u00e9es lors de frappes de drones ukrainiennes durant la nuit de vendredi 1er \u00e0 samedi 2 ao\u00fbt dans les r\u00e9gions de Rostov et de Penza (sud de la Russie) ainsi que dans celle de Samara, \u00e9loign\u00e9e du front, ont annonc\u00e9 les autorit\u00e9s locales.\u00a0<\/p>\n<p>Une des victimes, \u00ab\u00a0un homme \u00e2g\u00e9\u00a0\u00bb, a \u00e9t\u00e9 recens\u00e9e dans la r\u00e9gion de Samara, sur la Volga, \u00e0 environ 800 kilom\u00e8tres de la fronti\u00e8re ukrainienne, selon le gouverneur r\u00e9gional Viatcheslav Fedorichtchev. \u00ab\u00a0Il se trouvait \u00e0 l&rsquo;int\u00e9rieur d&rsquo;une maison de campagne qui a pris feu en raison de la chute de d\u00e9bris de drones\u00a0\u00bb, a-t-il pr\u00e9cis\u00e9 sur Telegram. Dans la r\u00e9gion de Penza, situ\u00e9e entre Samara et la fronti\u00e8re ukrainienne, \u00ab\u00a0t\u00f4t ce matin, les drones de l&rsquo;ennemi ont une fois de plus attaqu\u00e9 une entreprise\u00a0\u00bb, a annonc\u00e9 le gouverneur Oleg Melnitchenko. \u00ab\u00a0Malheureusement, une femme est morte. Deux autres personnes ont \u00e9t\u00e9 bless\u00e9es\u00a0\u00bb mais \u00ab\u00a0leurs jours ne sont pas en danger\u00a0\u00bb, a-t-il ajout\u00e9.<\/p>\n<p>Enfin, dans la r\u00e9gion de Rostov, frontali\u00e8re de l&rsquo;Ukraine, \u00ab\u00a0l&rsquo;arm\u00e9e a repouss\u00e9 une attaque massive dans la nuit, d\u00e9truisant des drones\u00a0\u00bb au-dessus de plusieurs villes, a annonc\u00e9 le gouverneur Iouri Slioussar sur Telegram. \u00ab\u00a0Dans le village d&rsquo;Ouglerodovski, dans le district de Krasnosoulinski, un incendie a \u00e9clat\u00e9 dans un des b\u00e2timents d&rsquo;un site industriel\u00a0\u00bb, a-t-il ajout\u00e9 pr\u00e9cisant qu'\u00a0\u00bbun employ\u00e9 gardant le site \u00e9tait mort\u00a0\u00bb.<\/p>\n<p>L&rsquo;arm\u00e9e russe a annonc\u00e9 de son c\u00f4t\u00e9 avoir intercept\u00e9 au total 112 drones tir\u00e9s par l&rsquo;Ukraine pendant la nuit. De son c\u00f4t\u00e9, les forces arm\u00e9es russes n&rsquo;ont jamais lanc\u00e9 autant de drones contre l&rsquo;Ukraine qu&rsquo;en juillet (6\u00a0297), selon une analyse de l&rsquo;AFP publi\u00e9e vendredi. Cela comprend une importante part de drones leurres, surtout destin\u00e9s \u00e0 saturer des syst\u00e8mes de d\u00e9fense antia\u00e9rienne ukrainiens d\u00e9j\u00e0 mis \u00e0 mal par l&rsquo;intensit\u00e9 des attaques.<\/p>\n<p>Le Kremlin rejette l&rsquo;id\u00e9e d&rsquo;un cessez-le-feu durable en Ukraine, qu&rsquo;il voit comme un cadeau fait aux troupes de Kiev, malgr\u00e9 la frustration exprim\u00e9e par Donald Trump face \u00e0 ce refus. L&rsquo;Ukraine r\u00e9clame de son c\u00f4t\u00e9 des syst\u00e8mes de d\u00e9fense antia\u00e9rienne \u00e0 ses alli\u00e9s europ\u00e9ens et esp\u00e8re notamment pouvoir obtenir des batteries modernes Patriot.<\/p>\n<p>Vendredi, le pr\u00e9sident am\u00e9ricain a ordonn\u00e9 le d\u00e9ploiement de deux sous-marins nucl\u00e9aires en r\u00e9action \u00e0 des commentaires \u00ab\u00a0incendiaires\u00a0\u00bb de l&rsquo;ancien pr\u00e9sident russe Dmitri Medvedev.<\/p>\n","protected":false},"excerpt":{"rendered":"L&rsquo;arm\u00e9e russe a annonc\u00e9 de son c\u00f4t\u00e9 avoir intercept\u00e9 au total 112 drones tir\u00e9s par l&rsquo;Ukraine pendant la&hellip;\n","protected":false},"author":2,"featured_media":290745,"comment_status":"","ping_status":"","sticky":false,"template":"","format":"standard","meta":{"footnotes":""},"categories":[1591],"tags":[11,1887,12,1885,1886,132],"class_list":{"0":"post-290744","1":"post","2":"type-post","3":"status-publish","4":"format-standard","5":"has-post-thumbnail","7":"category-russie","8":"tag-actualites","9":"tag-federation-de-russie","10":"tag-news","11":"tag-russia","12":"tag-russian-federation","13":"tag-russie"},"share_on_mastodon":{"url":"https:\/\/pubeurope.com\/@fr\/114957794927511179","error":""},"_links":{"self":[{"href":"https:\/\/www.europesays.com\/fr\/wp-json\/wp\/v2\/posts\/290744","targetHints":{"allow":["GET"]}}],"collection":[{"href":"https:\/\/www.europesays.com\/fr\/wp-json\/wp\/v2\/posts"}],"about":[{"href":"https:\/\/www.europesays.com\/fr\/wp-json\/wp\/v2\/types\/post"}],"author":[{"embeddable":true,"href":"https:\/\/www.europesays.com\/fr\/wp-json\/wp\/v2\/users\/2"}],"replies":[{"embeddable":true,"href":"https:\/\/www.europesays.com\/fr\/wp-json\/wp\/v2\/comments?post=290744"}],"version-history":[{"count":0,"href":"https:\/\/www.europesays.com\/fr\/wp-json\/wp\/v2\/posts\/290744\/revisions"}],"wp:featuredmedia":[{"embeddable":true,"href":"https:\/\/www.europesays.com\/fr\/wp-json\/wp\/v2\/media\/290745"}],"wp:attachment":[{"href":"https:\/\/www.europesays.com\/fr\/wp-json\/wp\/v2\/media?parent=290744"}],"wp:term":[{"taxonomy":"category","embeddable":true,"href":"https:\/\/www.europesays.com\/fr\/wp-json\/wp\/v2\/categories?post=290744"},{"taxonomy":"post_tag","embeddable":true,"href":"https:\/\/www.europesays.com\/fr\/wp-json\/wp\/v2\/tags?post=290744"}],"curies":[{"name":"wp","href":"https:\/\/api.w.org\/{rel}","templated":true}]}}