{"id":290756,"date":"2025-08-02T06:43:10","date_gmt":"2025-08-02T06:43:10","guid":{"rendered":"https:\/\/www.europesays.com\/fr\/290756\/"},"modified":"2025-08-02T06:43:10","modified_gmt":"2025-08-02T06:43:10","slug":"en-ne-sanctionnant-pas-israel-les-dirigeants-de-lue-se-rendent-complices-de-ses-crimes-ils-doivent-agir-maintenant","status":"publish","type":"post","link":"https:\/\/www.europesays.com\/fr\/290756\/","title":{"rendered":"En ne sanctionnant pas Isra\u00ebl, les dirigeants de l&rsquo;UE se rendent complices de ses crimes. Ils doivent agir maintenant"},"content":{"rendered":"<p><img decoding=\"async\" src=\"https:\/\/www.europesays.com\/fr\/wp-content\/uploads\/2025\/08\/00-678x455.jpg\" alt=\"\" title=\"Photo : Doaa Albaz \/ Activestills\"\/><\/p>\n<p>Les familles des victimes pleurent ceux qui ont \u00e9t\u00e9 tu\u00e9s alors qu&rsquo;ils attendaient l&rsquo;aide humanitaire dans les zones de distribution de l&rsquo;aide am\u00e9ricaine dans le quartier de Morag, \u00e0 Rafah. En plus, six Palestiniens ont \u00e9t\u00e9 pris pour cible dans une tente abritant des personnes d\u00e9plac\u00e9es dans le quartier de Mawasi, \u00e0 Khan Yunis. L&rsquo;ONU et d&rsquo;autres organisations ont critiqu\u00e9 les centres de distribution d&rsquo;aide humanitaire g\u00e9r\u00e9s par les \u00c9tats-Unis et Isra\u00ebl, les accusant de mettre en danger les Palestiniens qui cherchent de l&rsquo;aide et d&rsquo;\u00eatre en contradiction avec les principes humanitaires, ce qui entra\u00eene une augmentation des meurtres et de la famine &#8211; Photo : Doaa Albaz \/ Activestills<\/p>\n<p><strong>Par <a href=\"https:\/\/www.chroniquepalestine.com\/writers\/josep-borrell\" title=\"Afficher tous les articles pour Josep Borrell\" target=\"_blank\" rel=\"noopener\">Josep Borrell<\/a><\/strong><\/p>\n<p>Le silence de l\u2019Europe a permis au g\u00e9nocide des Palestiniens de se poursuivre sans contr\u00f4le, sapant ainsi tout ce qu\u2019elle d\u00e9fend.<\/p>\n<blockquote>\n<p><strong>Note de la r\u00e9daction<\/strong> : la prise de position de Josep Borell sur le g\u00e9nocide \u00e0 Gaza, son appel \u00e0 des sanctions contre l\u2019\u00e9tat isra\u00e9lien et sa d\u00e9nonciation des responsabilit\u00e9s europ\u00e9ennes, sont louables, mais h\u00e9las bien tardives. Elles auraient \u00e9t\u00e9 bien plus efficaces au moment o\u00f9 il \u00e9tait encore en fonction\u2026 Ceci dit, son opinion doit \u00eatre relev\u00e9e, car parmi tous ces \u00ab institutionnels \u00bb qui pratiquent la complicit\u00e9 passive ou active, certains font le choix apr\u00e8s avoir quitt\u00e9 leurs fonctions, de lib\u00e9rer leur parole. Et l\u2019on imagine alors la force des pressions exerc\u00e9s sur eux lorsqu\u2019ils sont en responsabilit\u00e9. En conclusion, c\u2019est tout notre syst\u00e8me de repr\u00e9sentation politique qui doit \u00eatre profond\u00e9ment r\u00e9vis\u00e9\u2026<\/p>\n<\/blockquote>\n<p>Si elles survivent aux attaques de Donald Trump, les cours internationales ne rendront pas leur verdict final avant plusieurs ann\u00e9es. Mais pour tous ceux qui ont des oreilles pour entendre et des yeux pour voir, il ne fait gu\u00e8re de doute que le gouvernement isra\u00e9lien commet un g\u00e9nocide \u00e0 Gaza, <a href=\"https:\/\/www.chroniquepalestine.com\/israeliens-massacrent-aussi-palestiniens-recherche-eau-potable\/\" target=\"_blank\" rel=\"noopener\">massacrant<\/a> et <a href=\"https:\/\/www.chroniquepalestine.com\/yahya-al-najjar-nourrisson-condamne-par-israeliens-mourir-de-faim\/\" target=\"_blank\" rel=\"noopener\">affamant<\/a> les civils apr\u00e8s avoir syst\u00e9matiquement d\u00e9truit toutes les infrastructures du territoire. Pendant ce temps, les colons et l\u2019arm\u00e9e isra\u00e9lienne se rendent chaque jour coupables de violations graves, massives et r\u00e9p\u00e9t\u00e9es du droit international et du droit international humanitaire en Cisjordanie et \u00e0 J\u00e9rusalem-Est.<\/p>\n<p>Ceux qui ne font rien pour mettre fin \u00e0 ce g\u00e9nocide et ces violations du droit international, bien qu\u2019ils en aient les moyens, s\u2019en rendent complices. C\u2019est malheureusement le cas des dirigeants de l\u2019Union europ\u00e9enne et de ceux de ses \u00e9tats membres, qui refusent de sanctionner Isra\u00ebl m\u00eame si l\u2019UE en a l\u2019obligation l\u00e9gale.<\/p>\n<p>L\u2019UE dispose de nombreux leviers qu\u2019elle peut actionner pour exercer une influence significative sur le gouvernement isra\u00e9lien. L\u2019UE est le plus gros partenaire commercial d\u2019Isra\u00ebl et son principal partenaire dans le domaine de l\u2019investissement et des \u00e9changes entre individus. Elle est aussi l\u2019un de ses principaux fournisseurs d\u2019armes. <\/p>\n<p>L\u2019Accord d\u2019Association UE-Isra\u00ebl, conclu en 2000 apr\u00e8s les <a href=\"https:\/\/www.chroniquepalestine.com\/30-ans-oslo-30-ans-duperie\/\" target=\"_blank\" rel=\"noopener\">Accords d\u2019Oslo<\/a>, est le plus favorable de tous les accords conclus par l\u2019Union avec des pays tiers. En plus de l\u2019absence de droits de douane sur ses exportations de produits et services et l\u2019exemption de visa d\u2019entr\u00e9e pour ses citoyens, l\u2019accord donne \u00e0 Isra\u00ebl acc\u00e8s \u00e0 plusieurs financements europ\u00e9ens majeurs et \u00e0 des programmes d\u2019\u00e9change, tels que Horizon et Erasmus.<\/p>\n<p>Toutefois, l\u2019article 2 de cet accord le conditionne au respect par Isra\u00ebl du droit international et des droits humains fondamentaux. D\u00e9cider ou non de le suspendre n\u2019est donc pas un choix que l\u2019UE peut faire comme bon lui semble. Puisque les ministres des affaires \u00e9trang\u00e8res de l\u2019UE ont constat\u00e9 qu\u2019Isra\u00ebl ne respectait pas ces droits, les dirigeants de l\u2019UE ont maintenant l\u2019obligation l\u00e9gale de suspendre l\u2019accord. Ne pas le faire serait \u00e9galement une grave violation de l\u2019accord d\u2019association avec Isra\u00ebl.<\/p>\n<p>Toutefois, malgr\u00e9 tous mes efforts en ce sens lorsque que j\u2019\u00e9tais haut repr\u00e9sentant de l\u2019UE, et en d\u00e9pit de la d\u00e9t\u00e9rioration dramatique de la situation humanitaire \u00e0 Gaza l\u2019accroissement des violations du droit international en Cisjordanie au cours des derniers mois, l\u2019UE et la plupart des gouvernements de l\u2019UE n\u2019ont jusqu\u2019\u00e0 pr\u00e9sent utilis\u00e9 aucun des leviers \u00e0 leur disposition pour faire pression sur le gouvernement isra\u00e9lien.<\/p>\n<p>Par cons\u00e9quent, confront\u00e9e \u00e0 l\u2019intransigeance du gouvernement de Benjamin Netanyahu, l\u2019UE est depuis plus d\u2019un an et demi incapable d\u2019affirmer ses engagements en mati\u00e8re de droits humains fondamentaux, de d\u00e9fense du droit international et du multilat\u00e9ralisme, ou encore d\u2019affirmer sa position de longue date en faveur de la solution \u00e0 deux \u00e9tats. Son inaction a d\u00e9j\u00e0 consid\u00e9rablement d\u00e9grad\u00e9 son statut g\u00e9opolitique, non seulement dans le monde musulman mais \u00e0 l\u2019\u00e9chelle du globe. <\/p>\n<p>Le contraste frappant entre la r\u00e9action ferme des autorit\u00e9s europ\u00e9ennes \u00e0 l\u2019agression russe de l\u2019Ukraine et leur passivit\u00e9 confront\u00e9es \u00e0 la guerre \u00e0 Gaza a \u00e9t\u00e9 largement exploit\u00e9 par la propagande de Vladimir Poutine contre l\u2019UE. Et avec succ\u00e8s, comme nous pouvons le voir notamment au Sahel. Ce deux poids-deux mesures europ\u00e9en a aussi fortement affaibli le soutien \u00e0 l\u2019Ukraine dans de nombreux pays en voie de d\u00e9veloppement.<\/p>\n<p>En persistant \u00e0 ne pas suspendre l\u2019accord d\u2019association malgr\u00e9 sa violation \u00e9vidente par Isra\u00ebl, en ne bloquant pas les livraisons d\u2019armes \u00e0 ce pays malgr\u00e9 les crimes de guerre et les crimes contre l\u2019humanit\u00e9 commis \u00e0 Gaza, en n\u2019interdisant pas les importations en provenance des colonies ill\u00e9gales en d\u00e9pit des d\u00e9cisions de la Cour internationale de justice \u00e0 cet effet, en ne sanctionnant pas les ministres isra\u00e9liens et les dirigeants politiques  qui font des d\u00e9clarations g\u00e9nocidaires, en  n\u2019interdisant pas \u00e0 Benjamin Netanyhou de traverser l\u2019espace a\u00e9rien europ\u00e9en malgr\u00e9 les mandats d\u2019arr\u00eat \u00e9mis par la <a href=\"htps:\/\/www.chroniquepalestine.com\/cpi\" target=\"_blank\" rel=\"noopener\">Cour p\u00e9nale internationale<\/a>, et en ne soutenant pas les juges de la Cour et les repr\u00e9sentants de l\u2019ONU sanctionn\u00e9s par les \u00c9tats Unis, l\u2019UE et ses \u00e9tats membres se discr\u00e9ditent aux yeux du monde et sapant le droit international et l\u2019ordre multilat\u00e9ral qu\u2019ils sont suppos\u00e9s d\u00e9fendre . Alors qu\u2019elle est attaqu\u00e9e par Poutine \u00e0 l\u2019Est et Trump \u00e0 l\u2019Ouest, l\u2019UE accentue ainsi son isolement en se coupant du reste du monde.<\/p>\n<p>Les dirigeants de l\u2019UE et de ses \u00e9tats membres devront probablement devoir <a href=\"https:\/\/www.chroniquepalestine.com\/tag\/cij\" target=\"_blank\" rel=\"noopener\">rendre des comptes<\/a> \u00e0 l\u2019avenir pour leur complicit\u00e9 dans les crimes contre l\u2019humanit\u00e9 commis par le gouvernement de Netanyahu. Et, avec le recul, les Europ\u00e9ens porteront sans aucun doute un jugement s\u00e9v\u00e8re sur leur c\u00e9cit\u00e9 \u00e0 l\u2019\u00e9gard du g\u00e9nocide en cours. <\/p>\n<p>Toutefois, il est maintenant urgent de limiter les d\u00e9g\u00e2ts. L\u2019UE doit d\u00e9cider de prendre des sanctions contre Isra\u00ebl sans plus tarder. C\u2019est l\u00e0 le seul discours susceptible d\u2019amener les dirigeants isra\u00e9liens d\u2019arr\u00eater de commettre des crimes contre l\u2019humanit\u00e9.<\/p>\n<p>01 ao\u00fbt 2025 \u2013 <a href=\"https:\/\/www.theguardian.com\/commentisfree\/2025\/aug\/01\/israel-failure-eu-leaders-complicit-crime-genocide\/\" target=\"_blank\" rel=\"noopener\">The Guardian<\/a> \u2013 Traduction: <a href=\"http:\/\/www.chroniquepalestine.com\/en-sanctionnant-pas-israel-dirigeants-ue-se-rendent-complices-ses-crimes-doivent-agir-maintenant\" target=\"_blank\" rel=\"noopener\">Chronique de Palestine <\/a>\u2013 MJB<\/p>\n","protected":false},"excerpt":{"rendered":"Les familles des victimes pleurent ceux qui ont \u00e9t\u00e9 tu\u00e9s alors qu&rsquo;ils attendaient l&rsquo;aide humanitaire dans les zones&hellip;\n","protected":false},"author":2,"featured_media":290757,"comment_status":"","ping_status":"","sticky":false,"template":"","format":"standard","meta":{"footnotes":""},"categories":[1586],"tags":[11,1081,1777,674,1779,1011,27,9267,12,25,14289,1778,364],"class_list":{"0":"post-290756","1":"post","2":"type-post","3":"status-publish","4":"format-standard","5":"has-post-thumbnail","7":"category-europe","8":"tag-actualites","9":"tag-crimes-de-guerre","10":"tag-eu","11":"tag-europe","12":"tag-european-union","13":"tag-fr","14":"tag-france","15":"tag-genocide","16":"tag-news","17":"tag-republique-francaise","18":"tag-trafic-darmes","19":"tag-ue","20":"tag-union-europeenne"},"share_on_mastodon":{"url":"https:\/\/pubeurope.com\/@fr\/114957818623501083","error":""},"_links":{"self":[{"href":"https:\/\/www.europesays.com\/fr\/wp-json\/wp\/v2\/posts\/290756","targetHints":{"allow":["GET"]}}],"collection":[{"href":"https:\/\/www.europesays.com\/fr\/wp-json\/wp\/v2\/posts"}],"about":[{"href":"https:\/\/www.europesays.com\/fr\/wp-json\/wp\/v2\/types\/post"}],"author":[{"embeddable":true,"href":"https:\/\/www.europesays.com\/fr\/wp-json\/wp\/v2\/users\/2"}],"replies":[{"embeddable":true,"href":"https:\/\/www.europesays.com\/fr\/wp-json\/wp\/v2\/comments?post=290756"}],"version-history":[{"count":0,"href":"https:\/\/www.europesays.com\/fr\/wp-json\/wp\/v2\/posts\/290756\/revisions"}],"wp:featuredmedia":[{"embeddable":true,"href":"https:\/\/www.europesays.com\/fr\/wp-json\/wp\/v2\/media\/290757"}],"wp:attachment":[{"href":"https:\/\/www.europesays.com\/fr\/wp-json\/wp\/v2\/media?parent=290756"}],"wp:term":[{"taxonomy":"category","embeddable":true,"href":"https:\/\/www.europesays.com\/fr\/wp-json\/wp\/v2\/categories?post=290756"},{"taxonomy":"post_tag","embeddable":true,"href":"https:\/\/www.europesays.com\/fr\/wp-json\/wp\/v2\/tags?post=290756"}],"curies":[{"name":"wp","href":"https:\/\/api.w.org\/{rel}","templated":true}]}}