{"id":290766,"date":"2025-08-02T06:50:12","date_gmt":"2025-08-02T06:50:12","guid":{"rendered":"https:\/\/www.europesays.com\/fr\/290766\/"},"modified":"2025-08-02T06:50:12","modified_gmt":"2025-08-02T06:50:12","slug":"wta-montreal-jessica-pegula-double-tenante-du-titre-sortie-au-troisieme-tour-dhnet","status":"publish","type":"post","link":"https:\/\/www.europesays.com\/fr\/290766\/","title":{"rendered":"WTA Montr\u00e9al: Jessica Pegula, double tenante du titre, sortie au troisi\u00e8me tour &#8211; DHnet"},"content":{"rendered":"<ol>\n<li><a href=\"https:\/\/news.google.com\/rss\/articles\/CBMi5AFBVV95cUxPcmNDaHk4endhX1ZGd1I5eS1iUlZPXzlYd1BXUExZZ0hXZlBPck9wQnVHUl9BbUNVT3VFT3Vhb1pQTktGaWRUR3otZzN2blducmtlbjdGRE9XNkd6WnowR2Zhb2UwWk5lUDFwNmZ5Tl8wRXhIajNvS1F6NUVJTWMwZFdYMXlERXhnaVB1T1Y1ekZYamZ0SEVQSUk1LXpDTVhoTUdVRE00S291aVFRbmZUQW90ZTJnNkNVcnBOWWRUc0FBS3hUTUVLakMtVlM2UDM4TlB5M3V4cEljTWk1SlpHUzQ5Y1I?oc=5\" target=\"_blank\" rel=\"nofollow noopener\">WTA Montr\u00e9al: Jessica Pegula, double tenante du titre, sortie au troisi\u00e8me tour<\/a>&nbsp;&nbsp;DHnet<\/li>\n<li><a href=\"https:\/\/news.google.com\/rss\/articles\/CBMi6wFBVV95cUxQZWhfbXZwRXozVkYzMkpLMmN4Q3JFb2dFNEVIaTNFVnVGaERCdGRram1JczVObjk2MHp3THo3YmJtajhjZTdGdFJZb2ZENkcwR1VDWk1DNnZxWU5SM2swYTkyMTJqQ0N3SXU3NE1YQ3dIcGc0S3Ffc2JEX1RHY2dVVHdwX1huNW9nZ0hGRkYzMjB3cU1zYlNWcklUZVBtN1BrWDZsMUpwWnRoeWpvSnJ4TE5ObS1sR0o0VkJfNG02aFNrUEhiMGdqSEpDc1prR2Nfd1VGMlNjNHBTbkIyX0lERnJqN1VISzByZlpJ?oc=5\" target=\"_blank\" rel=\"nofollow noopener\">Double tenante du titre, Pegula prend d\u00e9j\u00e0 la porte<\/a>&nbsp;&nbsp;Eurosport<\/li>\n<li><a href=\"https:\/\/news.google.com\/rss\/articles\/CBMiggJBVV95cUxNbjNlWEc0RExDZG9aQTNaVnNjeDZvLVdkdnpobjVRLWZKcnFNdXdNZGNSX0h3T1pNbjZLUE51OWZSZnBxTXhYMFlId2UyWFE5MXdNNVlzWEJXanJTM0Juc3JCZFFoMDludGEtSnNlWW45cUVYMEpMV1pxeUxSdy1vUlQ0MkZWUG5HLWVvdTlYeFNfUTZwdzJWcks2cGRyV2FvMXBtZkd0Q2V5dnpDVUpWRENoMjBfd0RTVmJlcUY4UjhzS09uWmFTT0RscEI5bDljSU1NZWNRNm52YUJsR24tQ2pyMmkxS1hlMWdlb2VTNDhtZUZPdEZvbjR5S2c0dFdlVXc?oc=5\" target=\"_blank\" rel=\"nofollow noopener\">Tennis. Jessica Pegula, double tenante du titre, sortie au troisi\u00e8me tour du WTA 1000 de Montr\u00e9al<\/a>&nbsp;&nbsp;Ouest-France<\/li>\n<li><a href=\"https:\/\/news.google.com\/rss\/articles\/CBMi3AFBVV95cUxPZDRINjNPdjN3bGh0M2IzMkFFMXAxVmhmRXpLaGY1Q05lY0hFODZoLWVObHZWaGU3akZRQ1gzWjkzb0MtTlhlci02WnNnNDJ1X19HTFpIVGlXNTY2MW9pNlUtUy1BNE9oT0tnTDZuckNyaXFaeVQ1bWxEVUx4OTJEMERSX1dfS1NqWVM0di1HYnlYTk9vWGI3UHl3LVZFVlhKWm8xYlFZNHVUb1JjRFNfdHZOVTVuZTFjWDdJVUMtb3lKM3FrOVN4TVJUblMxQWJGdldrdzR4WlVoVldM?oc=5\" target=\"_blank\" rel=\"nofollow noopener\">Omnium Banque Nationale | L\u2019Am\u00e9ricaine Jessica Pegula, double championne en titre, est \u00e9limin\u00e9e<\/a>&nbsp;&nbsp;La Presse<\/li>\n<li><a href=\"https:\/\/news.google.com\/rss\/articles\/CBMihAFBVV95cUxQaW9CWnU3QUhUaWJnWUp1Rmlvblo5MFpqQ09jaUZwaVoxeUllR1A0UTY3Xy1UOXZKaTFVdklWcjIzYm9HLVdQdXJ5TnZ2TUFZRkxHSFpaNHdKSmlVM28tdzZ1VE1raWJYdERMY0YzZVdtTmxFSThMMkY0dE5lcng1TktWTzM?oc=5\" target=\"_blank\" rel=\"nofollow noopener\">Pegula, Anisimova-Raducanu, Osaka-Ostapenko : le programme copieux du vendredi 1er ao\u00fbt \u00e0 Montr\u00e9al<\/a>&nbsp;&nbsp;Tennis Temple<\/li>\n<\/ol>\n","protected":false},"excerpt":{"rendered":"WTA Montr\u00e9al: Jessica Pegula, double tenante du titre, sortie au troisi\u00e8me tour&nbsp;&nbsp;DHnet Double tenante du titre, Pegula prend&hellip;\n","protected":false},"author":2,"featured_media":290767,"comment_status":"","ping_status":"","sticky":false,"template":"","format":"standard","meta":{"footnotes":""},"categories":[1415],"tags":[1011,27,60,1467],"class_list":{"0":"post-290766","1":"post","2":"type-post","3":"status-publish","4":"format-standard","5":"has-post-thumbnail","7":"category-tennis","8":"tag-fr","9":"tag-france","10":"tag-sports","11":"tag-tennis"},"share_on_mastodon":{"url":"https:\/\/pubeurope.com\/@fr\/114957845952607102","error":""},"_links":{"self":[{"href":"https:\/\/www.europesays.com\/fr\/wp-json\/wp\/v2\/posts\/290766","targetHints":{"allow":["GET"]}}],"collection":[{"href":"https:\/\/www.europesays.com\/fr\/wp-json\/wp\/v2\/posts"}],"about":[{"href":"https:\/\/www.europesays.com\/fr\/wp-json\/wp\/v2\/types\/post"}],"author":[{"embeddable":true,"href":"https:\/\/www.europesays.com\/fr\/wp-json\/wp\/v2\/users\/2"}],"replies":[{"embeddable":true,"href":"https:\/\/www.europesays.com\/fr\/wp-json\/wp\/v2\/comments?post=290766"}],"version-history":[{"count":0,"href":"https:\/\/www.europesays.com\/fr\/wp-json\/wp\/v2\/posts\/290766\/revisions"}],"wp:featuredmedia":[{"embeddable":true,"href":"https:\/\/www.europesays.com\/fr\/wp-json\/wp\/v2\/media\/290767"}],"wp:attachment":[{"href":"https:\/\/www.europesays.com\/fr\/wp-json\/wp\/v2\/media?parent=290766"}],"wp:term":[{"taxonomy":"category","embeddable":true,"href":"https:\/\/www.europesays.com\/fr\/wp-json\/wp\/v2\/categories?post=290766"},{"taxonomy":"post_tag","embeddable":true,"href":"https:\/\/www.europesays.com\/fr\/wp-json\/wp\/v2\/tags?post=290766"}],"curies":[{"name":"wp","href":"https:\/\/api.w.org\/{rel}","templated":true}]}}