{"id":290770,"date":"2025-08-02T06:53:17","date_gmt":"2025-08-02T06:53:17","guid":{"rendered":"https:\/\/www.europesays.com\/fr\/290770\/"},"modified":"2025-08-02T06:53:17","modified_gmt":"2025-08-02T06:53:17","slug":"a-quelle-heure-et-sur-quelle-chaine-suivre-le-grand-prix-de-hongrie-2025-lequipe","status":"publish","type":"post","link":"https:\/\/www.europesays.com\/fr\/290770\/","title":{"rendered":"\u00c0 quelle heure et sur quelle cha\u00eene suivre le Grand Prix de Hongrie 2025? &#8211; L&#039;\u00c9quipe"},"content":{"rendered":"<ol>\n<li><a href=\"https:\/\/news.google.com\/rss\/articles\/CBMiwgFBVV95cUxPdE9DZVF5SDZJbzVBcU9TQWpDT3NSLUNlRG9lZFRWeWxNNmd4b0k4ZFR3ZVVBTng0ajlqVUJSZG1IaF96VG9jVGlycXRHMW5oR2ZpX1pfWUlLNlFWMHBfeGhSc00wdklxNEVBVWVNbk9SdTdsVUFPR0hOMVE1a3YxR2IzLWlLZnhxV0FtbFdBMkJneTFQSzdPY0IzTnEtdkFnM3loVTRmMkw5TjFtTm5MdTJ2eGZNbWNycWJhRTNSemN6Zw?oc=5\" target=\"_blank\" rel=\"nofollow noopener\">\u00c0 quelle heure et sur quelle cha\u00eene suivre le Grand Prix de Hongrie 2025?<\/a>&nbsp;&nbsp;L&rsquo;\u00c9quipe<\/li>\n<li><a href=\"https:\/\/news.google.com\/rss\/articles\/CBMivAFBVV95cUxPQUZ5ZGlhblpXWV9zUHRWZzUzWk5TQnJIdFp0X1llcUhEQlRSQ0wzazdBUkM1SVhZeWg3bFZ1OWc4QlNMTEppcnIyUmNpeURKSUo5SUdhajRfbFdjR25tZW5JSzJGY0JBYVNsMmdkNmtUTE4xRjE4Ui1CRnFuX3M3elc3bDJQSXZQblZtQUZqeTM3dFA4MjZKeFZ5aDFmUUdsQlNnc3pVOTlmNVF0ZnJVeXdfc2o1UnZhTng4aA?oc=5\" target=\"_blank\" rel=\"nofollow noopener\">\u00c0 quelle heure d\u00e9bute la qualification du Grand Prix de Hongrie F1 2025 ?<\/a>&nbsp;&nbsp;f1i.autojournal.fr<\/li>\n<li><a href=\"https:\/\/news.google.com\/rss\/articles\/CBMioAFBVV95cUxOS1lPZU5oU3ZvdGpSZ2dQUGpXY0NSdDExMjNHc3BKOTNSUENjcllFOEtoemVsTTZYV1J3dkdTOFZlb3M3dzRmNE1CeHNadFd4UVc3TGZtazU3QVdNLVVNTXRrZWxSU3IteVBPYU1keGF0QUJlOXFWVVNmbExMWHQweUFQRlROWUo4OXlHek9obWNQTmRCR29nbXFRSWZIRldC?oc=5\" target=\"_blank\" rel=\"nofollow noopener\">EL2 &#8211; Norris et McLaren intouchables, Leclerc le meilleur des autres<\/a>&nbsp;&nbsp;Motorsport.com<\/li>\n<li><a href=\"https:\/\/news.google.com\/rss\/articles\/CBMixwFBVV95cUxNWXhwV29xc21vVHNxSTY0Wl9HeEE0WndfTDRPVE84RklscXlrOU5MTDdfRlFRX2cwNGY1UHhWVkM0b0UzellIWHNUWTdJS0kxLUFxSkc1SENzMnlvc0tlOWk1NnpkTy1RZ19xUTEtbzJFTnVKbXd0RVI1SnJ4b2RkUks1TmZJZXJFVU9aRkhqVzV4RlMyZmZDUG9Ga3BNbHRHUFNJMVVaZl94NnQ5ckxCeWZONFpBUi04SUJtLXBSNjBOTHNxWDhN0gHGAUFVX3lxTE1xLXV4MEVqeFJfSVF1bzE3VmptSWs2b2xsVDYxRnhiMTYzc0d6TVVVaHdER3BGS1BFcGNRQXZYWFR1UzdhcUNEdy1DUkFFV25EMG80VU1DZmpIQmxJOGY4ZFBRUEhHeEM0QS1rSGdQdXBBVGNCOENNa2g0SXV0dW9wSC1wMVVsdUY0VmJ1YU1XT3l2aEd5STlaYnlUQUhrSWx6T2lhR0MwY0xOS2xRLW5yakRzQ3dzcXVSRjdfb1A0TE9qVFhiQQ?oc=5\" target=\"_blank\" rel=\"nofollow noopener\">F1 &#8211; GP de Hongrie (EL1) : Norris signe le meilleur temps<\/a>&nbsp;&nbsp;Orange Actualit\u00e9s | Sports<\/li>\n<li><a href=\"https:\/\/news.google.com\/rss\/articles\/CBMi8AFBVV95cUxOZ2liWTFOU1JsSXlPbGNUUjJtTndqVTFSeXZaYlVVT0Jaa1hpSkN1UDZEZWFMXzIxblJ4bUJNNXR0aW5nTHk0TnBFY29FdzQ2WXVybXN2c2F2NEtwa0tTdlNHaC03SUZZenZwcW81cUhZS0xIMHlUQUsxRUdjTFQtTHFxNmxKVlVzeXkyTWxTMWF3UG5BMTcxR3RJdFVudFdvUjZSOExCaFpXLXFCQXpRQVFVMUhyUjd2ZUVuUkdfWTlCRmxsam1RYUk0VWx1OUNxTUVBY1JNRmRQcTZac1U3eHdmNUZyVkdsMi1DLTZ2bE0?oc=5\" target=\"_blank\" rel=\"nofollow noopener\">F1 I McLaren domine les premiers essais libres du GP de Hongrie, Hadjar 4e<\/a>&nbsp;&nbsp;Eurosport<\/li>\n<\/ol>\n","protected":false},"excerpt":{"rendered":"\u00c0 quelle heure et sur quelle cha\u00eene suivre le Grand Prix de Hongrie 2025?&nbsp;&nbsp;L&rsquo;\u00c9quipe \u00c0 quelle heure d\u00e9bute&hellip;\n","protected":false},"author":2,"featured_media":290771,"comment_status":"","ping_status":"","sticky":false,"template":"","format":"standard","meta":{"footnotes":""},"categories":[1412],"tags":[1451,1452,1453,1454,1455,1011,27,60],"class_list":{"0":"post-290770","1":"post","2":"type-post","3":"status-publish","4":"format-standard","5":"has-post-thumbnail","7":"category-f1","8":"tag-f1","9":"tag-formula-1","10":"tag-formula1","11":"tag-formule-1","12":"tag-formule1","13":"tag-fr","14":"tag-france","15":"tag-sports"},"share_on_mastodon":{"url":"https:\/\/pubeurope.com\/@fr\/114957857818840204","error":""},"_links":{"self":[{"href":"https:\/\/www.europesays.com\/fr\/wp-json\/wp\/v2\/posts\/290770","targetHints":{"allow":["GET"]}}],"collection":[{"href":"https:\/\/www.europesays.com\/fr\/wp-json\/wp\/v2\/posts"}],"about":[{"href":"https:\/\/www.europesays.com\/fr\/wp-json\/wp\/v2\/types\/post"}],"author":[{"embeddable":true,"href":"https:\/\/www.europesays.com\/fr\/wp-json\/wp\/v2\/users\/2"}],"replies":[{"embeddable":true,"href":"https:\/\/www.europesays.com\/fr\/wp-json\/wp\/v2\/comments?post=290770"}],"version-history":[{"count":0,"href":"https:\/\/www.europesays.com\/fr\/wp-json\/wp\/v2\/posts\/290770\/revisions"}],"wp:featuredmedia":[{"embeddable":true,"href":"https:\/\/www.europesays.com\/fr\/wp-json\/wp\/v2\/media\/290771"}],"wp:attachment":[{"href":"https:\/\/www.europesays.com\/fr\/wp-json\/wp\/v2\/media?parent=290770"}],"wp:term":[{"taxonomy":"category","embeddable":true,"href":"https:\/\/www.europesays.com\/fr\/wp-json\/wp\/v2\/categories?post=290770"},{"taxonomy":"post_tag","embeddable":true,"href":"https:\/\/www.europesays.com\/fr\/wp-json\/wp\/v2\/tags?post=290770"}],"curies":[{"name":"wp","href":"https:\/\/api.w.org\/{rel}","templated":true}]}}