{"id":290778,"date":"2025-08-02T06:57:12","date_gmt":"2025-08-02T06:57:12","guid":{"rendered":"https:\/\/www.europesays.com\/fr\/290778\/"},"modified":"2025-08-02T06:57:12","modified_gmt":"2025-08-02T06:57:12","slug":"de-paris-a-pluguffan-un-architecte-batit-un-refuge-pour-lart","status":"publish","type":"post","link":"https:\/\/www.europesays.com\/fr\/290778\/","title":{"rendered":"De Paris \u00e0 Pluguffan, un architecte b\u00e2tit un refuge pour l\u2019art"},"content":{"rendered":"<p>Jean-Pierre Denain a \u00e9t\u00e9 un citadin pur et dur. N\u00e9 \u00e0 Paris, l\u2019architecte de m\u00e9tier a c\u00f4toy\u00e9 toutes les asp\u00e9rit\u00e9s de la capitale durant 62 ans. De la Bretagne, il ne connaissait pas grand-chose. C\u2019est un hasard de la vie qui l\u2019a amen\u00e9 \u00e0 approcher la r\u00e9gion puis \u00e0 se mettre \u00e0 la recherche d\u2019un lieu qui lui donne l\u2019envie de b\u00e2tir une retraite sur-mesure. Ce sera Kerbaskiou, \u00e0 deux kilom\u00e8tres du bourg de Pluguffan. Un hameau loin des commodit\u00e9s urbaines dont Jean-Pierre Denain a pu si longuement profiter. \u00ab\u00a0La capitale est tr\u00e8s belle et j\u2019y ai d\u00e9roul\u00e9 ma carri\u00e8re. Mais ce que j\u2019en retiens avant tout, c\u2019est le vivier extraordinaire culturel : expositions, op\u00e9ra, cin\u00e9ma, th\u00e9\u00e2tre\u2026\u00a0\u00bb. Car l\u2019homme a toujours \u00e9t\u00e9 travers\u00e9 par la culture au sens le plus large possible. \u00ab\u00a0J\u2019ai toujours \u00e9t\u00e9 habit\u00e9 de \u00e7a\u00a0\u00bb, confie-t-il, sans malice aucune.<\/p>\n<p><img decoding=\"async\" src=\"https:\/\/www.europesays.com\/fr\/wp-content\/uploads\/2025\/08\/688ce2989f617863e20b0750.1.jpeg\" width=\"480\" height=\"300\" class=\"web_golden_m\" loading=\"lazy\" alt=\"\u00c0 Pluguffan, Kerbaskiou est un hameau qui propose des rencontres autour de l\u2019art contemporain et du cin\u00e9ma d\u2019auteur. Le lieu comprend un manoir \u00e9rig\u00e9 en 1747, une long\u00e8re et diff\u00e9rents abris.\"\/>\u00c0 Pluguffan, Kerbaskiou est un hameau qui propose des rencontres autour de l\u2019art contemporain et du cin\u00e9ma d\u2019auteur. Le lieu comprend un manoir \u00e9rig\u00e9 en 1747, une long\u00e8re et diff\u00e9rents abris.Kerbaskiou, un havre pour les arts contemporains<\/p>\n<p>Sa nouvelle vie s\u2019\u00e9tend sur une surface de 6\u00a0600 m\u00b2 de terrain. Le propri\u00e9taire semble s\u2019\u00eatre fondu dans l\u2019endroit comme s\u2019il en avait toujours \u00e9t\u00e9 le gardien. En professionnel des b\u00e2timents, Jean-Pierre Denain a fait l\u2019acquisition d\u2019un espace habitable important, transformable au gr\u00e9 de son dessein au long cours. \u00ab\u00a0Lorsque j\u2019ai eu le projet d\u2019un lieu \u00e0 la campagne, je savais que c\u2019\u00e9tait pour le mettre \u00e0 disposition d\u2019artistes contemporains\u00a0\u00bb.<\/p>\n<p>Ainsi, \u00e0 Kerbaskiou, se succ\u00e8dent depuis 2018 des projections de films d\u2019auteur, des expositions, des concerts priv\u00e9s, des rencontres. \u00ab\u00a0La vocation de Kerbaskiou, c\u2019est le partage, le lien social, le d\u00e9bat. L\u2019organisation d\u2019\u00e9v\u00e8nements festifs m\u2019anime particuli\u00e8rement. Je veux d\u2019un lieu vivant\u00a0\u00bb. Le cin\u00e9-club fonctionne r\u00e9guli\u00e8rement dans l\u2019auditorium pouvant accueillir jusqu\u2019\u00e0 50 personnes, o\u00f9 se trouve \u00e9galement un piano quart de queue. Aux murs, des peintures forc\u00e9ment\u00a0: \u00ab\u00a0Certaines sont de moi. Je peins et je chante dans une chorale\u00a0\u00bb, pr\u00e9cise l\u2019homme.<\/p>\n<p><img decoding=\"async\" src=\"https:\/\/www.europesays.com\/fr\/wp-content\/uploads\/2025\/08\/688ce297fdd32fa7ac0029d7.1.jpeg\" width=\"480\" height=\"300\" class=\"web_golden_m\" loading=\"lazy\" alt=\"L\u2019auditorium fait office de cin\u00e9-club mais aussi de salle de concert priv\u00e9 et, aux murs, sont expos\u00e9s des peintures dont certaines sont du propri\u00e9taire, Jean-Pierre Denain.\"\/>L\u2019auditorium fait office de cin\u00e9-club mais aussi de salle de concert priv\u00e9 et, aux murs, sont expos\u00e9s des peintures dont certaines sont du propri\u00e9taire, Jean-Pierre Denain.Art@Kerbaskiou\u00a0: un festival en plein essor<\/p>\n<p>En 2024, lors du week-end de la Pentec\u00f4te, sous l\u2019\u00e9gide de l\u2019association Art@Kerbaskiou, le Pluguffanais a organis\u00e9 un festival d\u2019art contemporain qui a drain\u00e9 environ mille visiteurs. Il r\u00e9it\u00e8re cette ann\u00e9e l\u2019\u00e9v\u00e9nement qui aura lieu du 31 juillet au 5 ao\u00fbt avec une proposition s\u2019intitulant \u00ab\u00a0La science, tout un art\u00a0!\u00a0\u00bb. Exposition, conf\u00e9rence, projection et ensembles musicaux feront partie d\u2019un programme dense. \u00ab\u00a0Chaque \u00e9tape permet \u00e0 Kerbaskiou de s\u2019enraciner. Je vise la robustesse plut\u00f4t que la performance, et la solidarit\u00e9 avec les autres lieux culturels\u00a0\u00bb, conclut l\u2019homme.<\/p>\n<p><b>Pratique<\/b><\/p>\n<p class=\"note\">Festival d\u2019art contemporain de Kerbaskiou du 31 juillet au 5 ao\u00fbt. Exposition et performances musicales. Entr\u00e9e libre. Bar et restauration sur place.<\/p>\n","protected":false},"excerpt":{"rendered":"Jean-Pierre Denain a \u00e9t\u00e9 un citadin pur et dur. N\u00e9 \u00e0 Paris, l\u2019architecte de m\u00e9tier a c\u00f4toy\u00e9 toutes&hellip;\n","protected":false},"author":2,"featured_media":290779,"comment_status":"","ping_status":"","sticky":false,"template":"","format":"standard","meta":{"footnotes":""},"categories":[1358],"tags":[1348,1384,1385,3322,1386,58,3320,59,1011,27,31578,3323,3319],"class_list":{"0":"post-290778","1":"post","2":"type-post","3":"status-publish","4":"format-standard","5":"has-post-thumbnail","7":"category-arts-et-design","8":"tag-arts","9":"tag-arts-and-design","10":"tag-arts-et-design","11":"tag-concarneau","12":"tag-design","13":"tag-divertissement","14":"tag-douarnenez","15":"tag-entertainment","16":"tag-fr","17":"tag-france","18":"tag-pluguffan","19":"tag-pont-labbe","20":"tag-quimper"},"share_on_mastodon":{"url":"https:\/\/pubeurope.com\/@fr\/114957873660731805","error":""},"_links":{"self":[{"href":"https:\/\/www.europesays.com\/fr\/wp-json\/wp\/v2\/posts\/290778","targetHints":{"allow":["GET"]}}],"collection":[{"href":"https:\/\/www.europesays.com\/fr\/wp-json\/wp\/v2\/posts"}],"about":[{"href":"https:\/\/www.europesays.com\/fr\/wp-json\/wp\/v2\/types\/post"}],"author":[{"embeddable":true,"href":"https:\/\/www.europesays.com\/fr\/wp-json\/wp\/v2\/users\/2"}],"replies":[{"embeddable":true,"href":"https:\/\/www.europesays.com\/fr\/wp-json\/wp\/v2\/comments?post=290778"}],"version-history":[{"count":0,"href":"https:\/\/www.europesays.com\/fr\/wp-json\/wp\/v2\/posts\/290778\/revisions"}],"wp:featuredmedia":[{"embeddable":true,"href":"https:\/\/www.europesays.com\/fr\/wp-json\/wp\/v2\/media\/290779"}],"wp:attachment":[{"href":"https:\/\/www.europesays.com\/fr\/wp-json\/wp\/v2\/media?parent=290778"}],"wp:term":[{"taxonomy":"category","embeddable":true,"href":"https:\/\/www.europesays.com\/fr\/wp-json\/wp\/v2\/categories?post=290778"},{"taxonomy":"post_tag","embeddable":true,"href":"https:\/\/www.europesays.com\/fr\/wp-json\/wp\/v2\/tags?post=290778"}],"curies":[{"name":"wp","href":"https:\/\/api.w.org\/{rel}","templated":true}]}}