{"id":290806,"date":"2025-08-02T07:15:12","date_gmt":"2025-08-02T07:15:12","guid":{"rendered":"https:\/\/www.europesays.com\/fr\/290806\/"},"modified":"2025-08-02T07:15:12","modified_gmt":"2025-08-02T07:15:12","slug":"a-la-seyne-les-elus-se-veulent-au-contact-et-a-lecoute-des-citoyens","status":"publish","type":"post","link":"https:\/\/www.europesays.com\/fr\/290806\/","title":{"rendered":"A La Seyne, les \u00e9lus se veulent \u00ab\u00a0au contact et \u00e0 l\u2019\u00e9coute des citoyens\u00a0\u00bb"},"content":{"rendered":"<p>La recomposition de l\u2019\u00e9quipe municipale, intervenue suite \u00e0 <a href=\"https:\/\/www.varmatin.com\/politique\/jo-minniti-elu-nouveau-maire-de-la-seyne-au-terme-d-un-conseil-municipal-a-suspense-987641\" rel=\"nofollow noopener\" target=\"_blank\">la prise de fonction du maire Jo Minniti<\/a>, a vu la nomination de quatre nouveaux adjoints de quartier.<\/p>\n<p>\u00ab\u00a0Aujourd\u2019hui, explique le premier magistrat, on profite de ces changements pour r\u00e9installer de mani\u00e8re plus p\u00e9renne, plus positive et plus accessible ces adjoints de quartier. Avec pour objectif qu\u2019ils soient au contact et \u00e0 l\u2019\u00e9coute de la population, qu\u2019ils soient immerg\u00e9s dans leur quartier pour prendre connaissance des soucis rencontr\u00e9s par les citoyens, en mati\u00e8re d\u2019urbanisme, de propret\u00e9, de s\u00e9curit\u00e9\u2026\u00a0\u00bb<\/p>\n<p>La Ville met donc en place un syst\u00e8me de permanences mensuelles. \u00ab\u00a0Si n\u00e9cessaire, on augmentera la fr\u00e9quence, pr\u00e9cise l\u2019\u00e9dile, mais d\u2019ores et d\u00e9j\u00e0, chacun de ces adjoints dispose d\u2019un local dans son quartier d\u2019affectation pour recevoir, en compagnie d\u2019un fonctionnaire, les dol\u00e9ances et les t\u00e9moignages des administr\u00e9s.<\/p>\n<p>Les \u00e9lus s\u2019engagent ainsi \u00e0 faire remonter les dol\u00e9ances aux services concern\u00e9s, mais aussi \u00e0 les suivre jusqu\u2019\u00e0 ce qu\u2019elles aboutissent, que ce soit positivement ou non. Car ce qu\u2019il faut, c\u2019est apporter des r\u00e9ponses aux attentes des administr\u00e9s, tout en permettant aux \u00e9lus de travailler plus \u00e9troitement avec l\u2019administration\u00a0\u00bb.<\/p>\n<p>\u00ab\u00a0On est pr\u00e9sent et accessible\u00a0\u00bb<\/p>\n<p>\u00ab\u00a0Si les adjoints sont confront\u00e9s \u00e0 un probl\u00e8me important, poursuit Jo Minniti, ils le feront remonter \u00e0 Mme Sinquin, 1re adjointe, ou \u00e0 moi. Enfin, lors de ces rencontres, les \u00e9lus doivent aussi pouvoir informer les habitants sur ce qu\u2019il se passe \u00e0 l\u2019\u00e9chelle de la ville car tous les sujets concernant la municipalit\u00e9 sont \u00e9voqu\u00e9s chaque semaine en r\u00e9union de majorit\u00e9\u00a0\u00bb.<\/p>\n<p>Hier matin, Sandra Torres, en charge du quartier sud, a tenu sa premi\u00e8re permanence, aux Sablettes.<\/p>\n<p>\u00ab\u00a0Durant deux heures, indique-t-elle, j\u2019ai re\u00e7u spontan\u00e9ment une vingtaine de personnes venues faire part de probl\u00e8mes de nuisances sonores, de circulation ou de s\u00e9curit\u00e9. Ils appr\u00e9cient le fait qu\u2019on soit pr\u00e9sent et accessible, au plus pr\u00e8s de la population\u00a0\u00bb. Dominique Lexa, d\u00e9l\u00e9gu\u00e9 au quartier centre, ajoute que \u00ab\u00a0le but est de contribuer \u00e0 l\u2019am\u00e9lioration de la vie du quartier. Que les gens n\u2019h\u00e9sitent pas \u00e0 venir nous voir, nous serons tr\u00e8s heureux de les \u00e9couter et d\u2019enregistrer leur(s) demande(s)\u00a0\u00bb.<\/p>\n<p>Relance des conseils de quartier<\/p>\n<p>St\u00e9phane Lancellotta, en charge du quartier ouest, pr\u00e9cise, lui, que \u00ab\u00a0tout ne peut pas venir des \u00e9lus. Les citoyens \u00e9tant au plus pr\u00e8s des probl\u00e9matiques, ils vont nous apporter ce qu\u2019on ne voit pas. Et pour nous, c\u2019est aussi la possibilit\u00e9 d\u2019expliquer les difficult\u00e9s que rencontrent les \u00e9lus sur certains sujets\u00a0\u00bb.<\/p>\n<p>\u00ab\u00a0Rencontrer physiquement les \u00e9lus, c\u2019est mesurer leur investissement au service de la ville et des habitants\u00a0\u00bb, ajoute Christine Sinquin.<\/p>\n<p>Outre ces permanences, la municipalit\u00e9 souhaite \u00ab\u00a0relancer la dynamique des conseils de quartier\u00a0\u00bb.<\/p>\n<p>\u00ab\u00a0L\u2019objectif n\u2019est pas de se substituer aux comit\u00e9s d\u2019int\u00e9r\u00eat local (CIL), dont on a besoin, souligne Jo Minniti, mais de cr\u00e9er un lien direct entre les administr\u00e9s et la municipalit\u00e9 pour travailler sur des axes d\u2019am\u00e9lioration\u00a0\u00bb.<\/p>\n<p>\u00ab\u00a0De la sorte, ajoute Christine Sinquin, il s\u2019agit d\u2019inviter les citoyens \u00e0 devenir acteur de leur territoire\u00a0\u00bb.<\/p>\n<p>\u00ab\u00a0Oui, abonde Sandra Torres, les conseils de quartier sont un outil qui permet de partager avec les citoyens sur le devenir de leur quartier\u00a0\u00bb.<\/p>\n<p>Pour en faire partie, il faut \u00eatre majeur et, soit habiter, travailler, \u00e9tudier ou avoir une activit\u00e9 associative sur la commune. Il est possible d\u2019adresser sa candidature par mail (viedesquartiers@la-seyne.fr) ou par t\u00e9l\u00e9phone (04.94.06.96.33.).<\/p>\n<p>            Les permanences<\/p>\n<p>l Quartier centre: Dominique Lexa re\u00e7oit le 1er jeudi du mois, de 9h \u00e0 12h, \u00e0 la Maison de l\u2019entreprise (angles rues Taylor et Blum)<\/p>\n<p>l Quartier ouest: St\u00e9phane Lancellotta re\u00e7oit le 2e mercredi du mois, de 13h30\u00e0 16h30, \u00e0 l\u2019Espace Herm\u00e8s (avenue Charles Gide)<\/p>\n<p>l Quartier nord: Basma Bouchkara re\u00e7oit le 1er vendredi du mois, de 13h30\u00e0 16h30, au bureau de la tranquillit\u00e9 publique \u00e0 Berthe (place \u00c9mile Adjedj)<\/p>\n<p>l Quartier sud: Sandra Torres re\u00e7oit le 1er vendredi du mois, de 9h \u00e0 12h, au bureau de la tranquillit\u00e9 publique aux Sablettes (esplanade B\u0153uf)<\/p>\n<p>Contact et prise de rendez-vous: 06.73.18.33.93 \/ 04.94.06.96.33 \/ mail: <a href=\"https:\/\/www.varmatin.com\/vie-locale\/mailto:adjoints.quartier@la-seyne.fr\" target=\"_blank\" rel=\"noopener nofollow\">adjoints.quartier@la-seyne.fr<\/a><\/p>\n","protected":false},"excerpt":{"rendered":"La recomposition de l\u2019\u00e9quipe municipale, intervenue suite \u00e0 la prise de fonction du maire Jo Minniti, a vu&hellip;\n","protected":false},"author":2,"featured_media":290807,"comment_status":"","ping_status":"","sticky":false,"template":"","format":"standard","meta":{"footnotes":""},"categories":[9619],"tags":[1111,11,1777,674,1011,27,12,882,25,2310,3366],"class_list":{"0":"post-290806","1":"post","2":"type-post","3":"status-publish","4":"format-standard","5":"has-post-thumbnail","7":"category-toulon","8":"tag-actu","9":"tag-actualites","10":"tag-eu","11":"tag-europe","12":"tag-fr","13":"tag-france","14":"tag-news","15":"tag-provence-alpes-cote-dazur","16":"tag-republique-francaise","17":"tag-toulon","18":"tag-vie-locale"},"share_on_mastodon":{"url":"https:\/\/pubeurope.com\/@fr\/114957944360139732","error":""},"_links":{"self":[{"href":"https:\/\/www.europesays.com\/fr\/wp-json\/wp\/v2\/posts\/290806","targetHints":{"allow":["GET"]}}],"collection":[{"href":"https:\/\/www.europesays.com\/fr\/wp-json\/wp\/v2\/posts"}],"about":[{"href":"https:\/\/www.europesays.com\/fr\/wp-json\/wp\/v2\/types\/post"}],"author":[{"embeddable":true,"href":"https:\/\/www.europesays.com\/fr\/wp-json\/wp\/v2\/users\/2"}],"replies":[{"embeddable":true,"href":"https:\/\/www.europesays.com\/fr\/wp-json\/wp\/v2\/comments?post=290806"}],"version-history":[{"count":0,"href":"https:\/\/www.europesays.com\/fr\/wp-json\/wp\/v2\/posts\/290806\/revisions"}],"wp:featuredmedia":[{"embeddable":true,"href":"https:\/\/www.europesays.com\/fr\/wp-json\/wp\/v2\/media\/290807"}],"wp:attachment":[{"href":"https:\/\/www.europesays.com\/fr\/wp-json\/wp\/v2\/media?parent=290806"}],"wp:term":[{"taxonomy":"category","embeddable":true,"href":"https:\/\/www.europesays.com\/fr\/wp-json\/wp\/v2\/categories?post=290806"},{"taxonomy":"post_tag","embeddable":true,"href":"https:\/\/www.europesays.com\/fr\/wp-json\/wp\/v2\/tags?post=290806"}],"curies":[{"name":"wp","href":"https:\/\/api.w.org\/{rel}","templated":true}]}}