{"id":290814,"date":"2025-08-02T07:19:59","date_gmt":"2025-08-02T07:19:59","guid":{"rendered":"https:\/\/www.europesays.com\/fr\/290814\/"},"modified":"2025-08-02T07:19:59","modified_gmt":"2025-08-02T07:19:59","slug":"territoires-zero-chomeur-de-longue-duree-la-candidature-rouen-sotteville-habilitee-par-letat","status":"publish","type":"post","link":"https:\/\/www.europesays.com\/fr\/290814\/","title":{"rendered":"Territoires z\u00e9ro ch\u00f4meur de longue dur\u00e9e : la candidature Rouen\/Sotteville habilit\u00e9e par l\u2019\u00c9tat"},"content":{"rendered":"<p>Le projet Territoires Z\u00e9ro ch\u00f4meur de longue dur\u00e9e s\u2019appuie sur le fait que le ch\u00f4mage de longue dur\u00e9e n\u2019est pas une fatalit\u00e9 et aucune personne n&rsquo;est inemployable. En d\u00e9veloppant et en finan\u00e7ant des activit\u00e9s utiles, locales et non concurrentes des emplois existants, le projet ambitionne de r\u00e9pondre aux besoins r\u00e9els des habitants et des acteurs du territoire. Les EBE (Entreprise \u00e0 But d\u2019Emploi), comme ROSALIE, jouent un r\u00f4le cl\u00e9 dans cette dynamique en embauchant des personnes en situation de ch\u00f4mage prolong\u00e9.<\/p>\n<p>Parall\u00e8lement, une \u00e9quipe-projet a \u00e9t\u00e9 constitu\u00e9e afin de mobiliser les acteurs locaux : partenaires institutionnels, acteurs \u00e9conomiques et sociaux, associations et habitants. Parmi les actions men\u00e9es figurent la rencontre avec des personnes durablement priv\u00e9es d\u2019emploi, le recensement de leurs comp\u00e9tences et de leurs attentes, ainsi que l\u2019identification des besoins non satisfaits sur le territoire.<\/p>\n<p><strong>Lancement imminent de l\u2019Entreprise \u00e0 But d\u2019Emploi ROSALIE<\/strong><\/p>\n<p>L\u2019ouverture de l\u2019Entreprise \u00e0 But d\u2019Emploi (EBE) nomm\u00e9e ROSALIE (pour Rouen Sotteville Action Locale d\u2019Initiative pour l\u2019Emploi) est pr\u00e9vue pour le mois de juin. Ce projet ambitieux devrait permettre d\u2019embaucher d\u00e8s le d\u00e9part une douzaine de personnes en CDI, avec une r\u00e9mun\u00e9ration au SMIC, visant ainsi \u00e0 lutter activement contre le ch\u00f4mage de longue dur\u00e9e.<\/p>\n<p>Selon Nicolas MAYER-ROSSIGNOL, Maire de Rouen et Pr\u00e9sident de la M\u00e9tropole Rouen Normandie, ainsi qu&rsquo;Alexis RAGACHE, Maire de Sotteville-l\u00e8s-Rouen, et leurs adjointes Caroline DUTARTE et Adeline POLLET, \u00ab cette candidature, engag\u00e9e d\u00e8s 2021, a enfin \u00e9t\u00e9 reconnue par l\u2019\u00c9tat. Cela va permettre l\u2019ouverture de ROSALIE, et nous sommes d\u00e9termin\u00e9s \u00e0 faire de cette initiative un v\u00e9ritable vecteur de changement pour notre communaut\u00e9. Contre le ch\u00f4mage, nous n\u2019avons pas tout essay\u00e9, et nous croyons fermement qu\u2019il est possible de sortir du ch\u00f4mage de longue dur\u00e9e. \u00bb<\/p>\n<p>Avec l\u2019obtention de l\u2019habilitation de l\u2019\u00c9tat, les trois territoires de Darn\u00e9tal, Petit-Couronne et d\u00e9sormais Rouen\/Sotteville se lancent dans cette d\u00e9marche prometteuse, avec l\u2019objectif de transformer le ch\u00f4mage de longue dur\u00e9e en une v\u00e9ritable opportunit\u00e9 de r\u00e9insertion pour tous.<\/p>\n","protected":false},"excerpt":{"rendered":"Le projet Territoires Z\u00e9ro ch\u00f4meur de longue dur\u00e9e s\u2019appuie sur le fait que le ch\u00f4mage de longue dur\u00e9e&hellip;\n","protected":false},"author":2,"featured_media":290815,"comment_status":"","ping_status":"","sticky":false,"template":"","format":"standard","meta":{"footnotes":""},"categories":[9587],"tags":[1111,11,1777,674,1011,27,12,5161,25,9590],"class_list":{"0":"post-290814","1":"post","2":"type-post","3":"status-publish","4":"format-standard","5":"has-post-thumbnail","7":"category-rouen","8":"tag-actu","9":"tag-actualites","10":"tag-eu","11":"tag-europe","12":"tag-fr","13":"tag-france","14":"tag-news","15":"tag-normandie","16":"tag-republique-francaise","17":"tag-rouen"},"share_on_mastodon":{"url":"https:\/\/pubeurope.com\/@fr\/114957963919855230","error":""},"_links":{"self":[{"href":"https:\/\/www.europesays.com\/fr\/wp-json\/wp\/v2\/posts\/290814","targetHints":{"allow":["GET"]}}],"collection":[{"href":"https:\/\/www.europesays.com\/fr\/wp-json\/wp\/v2\/posts"}],"about":[{"href":"https:\/\/www.europesays.com\/fr\/wp-json\/wp\/v2\/types\/post"}],"author":[{"embeddable":true,"href":"https:\/\/www.europesays.com\/fr\/wp-json\/wp\/v2\/users\/2"}],"replies":[{"embeddable":true,"href":"https:\/\/www.europesays.com\/fr\/wp-json\/wp\/v2\/comments?post=290814"}],"version-history":[{"count":0,"href":"https:\/\/www.europesays.com\/fr\/wp-json\/wp\/v2\/posts\/290814\/revisions"}],"wp:featuredmedia":[{"embeddable":true,"href":"https:\/\/www.europesays.com\/fr\/wp-json\/wp\/v2\/media\/290815"}],"wp:attachment":[{"href":"https:\/\/www.europesays.com\/fr\/wp-json\/wp\/v2\/media?parent=290814"}],"wp:term":[{"taxonomy":"category","embeddable":true,"href":"https:\/\/www.europesays.com\/fr\/wp-json\/wp\/v2\/categories?post=290814"},{"taxonomy":"post_tag","embeddable":true,"href":"https:\/\/www.europesays.com\/fr\/wp-json\/wp\/v2\/tags?post=290814"}],"curies":[{"name":"wp","href":"https:\/\/api.w.org\/{rel}","templated":true}]}}