{"id":290816,"date":"2025-08-02T07:21:29","date_gmt":"2025-08-02T07:21:29","guid":{"rendered":"https:\/\/www.europesays.com\/fr\/290816\/"},"modified":"2025-08-02T07:21:29","modified_gmt":"2025-08-02T07:21:29","slug":"spectacle-tania-dutel-nouveau-spectacle-en-tournee-a-rouen-esp-culturel-francois-mitterrand-canteleu-billets-reservations-dates","status":"publish","type":"post","link":"https:\/\/www.europesays.com\/fr\/290816\/","title":{"rendered":"Spectacle Tania Dutel &#8211; Nouveau Spectacle en Tourn\u00e9e \u00e0 Rouen, Esp.culturel Francois Mitterrand Canteleu : billets, r\u00e9servations, dates"},"content":{"rendered":"<p class=\"intro\">Tania Dutel &#8211; Nouveau Spectacle en Tourn\u00e9e, un spectacle \u00e0 voir \u00e0 Rouen (Esp.culturel Francois Mitterrand Canteleu), le 25 septembre 2025. Toutes les informations pratiques (tarifs, billetterie, plan de salle) pour ce spectacle sont \u00e0 retrouver sur cette page. R\u00e9servez d\u00e8s maintenant vos places pour assister \u00e0 ce <a href=\"https:\/\/www.jds.fr\/rouen\/agenda\/sorties-culturelles-spectacles-expositions-cinema-470_B\" rel=\"nofollow noopener\" target=\"_blank\">spectacle \u00e0 Rouen<\/a>\u00a0!<\/p>\n<p><img decoding=\"async\" loading=\"lazy\" src=\"https:\/\/www.europesays.com\/fr\/wp-content\/uploads\/2025\/08\/tania-dutel-tickets_334419_2873706_222x222.jpg\" alt=\"Tania Dutel - Nouveau Spectacle en Tourn\u00e9e\" class=\"border\"\/><\/p>\n<p>Le spectacle de Tania Dutel \u00e0 Rouen (Canteleu) en 2025<\/p>\n<p class=\"mise_en_avant\">Tania Dutel en spectacle \u00e0 Canteleu jeudi 25 Septembre 2025 \u00e0 20h. Ce spectacle aura lieu dans une salle bien connue dans la r\u00e9gion\u00a0: <a href=\"https:\/\/www.jds.fr\/rouen\/canteleu\/centres-de-loisirs-et-de-culture\/esp-culturel-francois-mitterrand-16376_L\" class=\"tde-underline\" rel=\"nofollow noopener\" target=\"_blank\">Esp.culturel Francois Mitterrand &#8211; Canteleu<\/a>, un lieu qui accueille r\u00e9guli\u00e8rement des spectacles comme celui de Tania Dutel.<\/p>\n<p>Tania Dutel est une humoriste fran\u00e7aise reconnue pour son style d&rsquo;humour authentique et sans tabou, abordant des sujets vari\u00e9s allant du quotidien aux th\u00e9matiques soci\u00e9tales contemporaines. Avec une pr\u00e9sence sc\u00e9nique charismatique et une capacit\u00e9 \u00e0 captiver le public, Tania Dutel s&rsquo;est impos\u00e9e dans le monde du stand-up gr\u00e2ce \u00e0 sa capacit\u00e9 \u00e0 m\u00ealer humour intelligent et r\u00e9flexions profondes. Ses spectacles se distinguent par une approche introspective et personnelle, o\u00f9 elle n&rsquo;h\u00e9site pas \u00e0 partager ses propres exp\u00e9riences de mani\u00e8re humoristique. En plus de ses prestations sur sc\u00e8ne, Tania Dutel est \u00e9galement active en ligne, \u00e9largissant son audience gr\u00e2ce \u00e0 des contenus partag\u00e9s sur les r\u00e9seaux sociaux, ce qui lui permet de toucher un public toujours plus large et vari\u00e9, attirant \u00e0 la fois de nouveaux spectateurs et des fans fid\u00e8les.<\/p>\n<p>D\u2019autres dates sont au programme de la tourn\u00e9e de Tania Dutel, d\u00e9couvrez l\u2019ensemble des repr\u00e9sentations du spectacle de <a href=\"https:\/\/www.jds.fr\/artistes\/tania-dutel-84_N\" rel=\"nofollow noopener\" target=\"_blank\">Tania Dutel en 2025<\/a> sur notre page d\u00e9di\u00e9e.<\/p>\n<p>Billetterie pour le spectacle de Tania Dutel \u00e0 Rouen<\/p>\n<p>Les places pour le prochain spectacle de Tania Dutel \u00e0 Canteleu sont en vente sur la billetterie en ligne. R\u00e9servez vos billets d\u00e8s maintenant pour d\u00e9couvrir sur sc\u00e8ne ce spectacle\u00a0!<\/p>\n<p><a class=\"btn btn-lg shadow-lg btn-primary rounded-pill fnac_link\" data-fnac=\"in_article\" href=\"https:\/\/www.awin1.com\/pclick.php?p=41967353322&amp;a=634278&amp;m=12494&amp;clickref=in_article-A-desktop\" target=\"_blank\" rel=\"nofollow noopener\"> Acheter des billets<\/a><\/p>\n<p>Les <strong>tarifs des billets pour assister au spectacle de Tania Dutel \u00e0 Canteleu<\/strong> d\u00e9marrent \u00e0 partir de 24.1\u00a0\u20ac. Diff\u00e9rentes cat\u00e9gories de places peuvent \u00eatre \u00e0 la vente, selon le placement dans la salle. Les prix peuvent donc \u00eatre diff\u00e9rents d&rsquo;une cat\u00e9gorie \u00e0 l&rsquo;autre.<\/p>\n<p>Vous pouvez aussi r\u00e9server vos places pour le spectacle de <a href=\"https:\/\/www.jds.fr\/marseille\/spectacles\/humour\/tania-dutel-nouveau-spectacle-en-tournee-699497_A\" rel=\"nofollow noopener\" target=\"_blank\">Tania Dutel \u00e0 Aix-en-Provence, Marseille &#8211; 6MIC<\/a> (13).<\/p>\n<p>Tania Dutel &#8211; Nouveau Spectacle en Tourn\u00e9e<\/p>\n<p>Apr\u00e8s un premier spectacle diffus\u00e9 sur Netflix en 2019 dans la s\u00e9rie Humoristes du monde, et un second, Les Autres, enregistr\u00e9 pour Canal+ en 2024, Tania Dutel est de retour avec un tout nouveau spectacle.<\/p>\n<p><strong>\u00ab En toute transparence, je vais te parler de mes peurs, de mon corps, et de ces trucs qu&rsquo;on aurait d\u00fb m&rsquo;expliquer plus t\u00f4t. Et puis, il y a cette histoire d&rsquo;\u00e9cureuil. Oui, il fallait que je te la raconte. Je pr\u00e9f\u00e8re ne pas en dire trop\u2026 Un conseil\u00a0: s&rsquo;il y a un quelconque manque de communication, \u00e9vite de venir avec tes parents. Sache que ce spectacle, comme les pr\u00e9c\u00e9dents, est d\u00e9conseill\u00e9 aux moins de 16 ans.<\/strong><\/p>\n<p>Car oui, \u00e7a va parler de sexe, tu le sais, puisque m\u00eame si tu ne m\u2019as encore jamais vue sur sc\u00e8ne, mes passages de stand-up circulent sur les internets depuis 2016, et les indices sont partout. \u00bb<\/p>\n<p><strong>Presse\u00a0:<\/strong> \u00ab L\u2019une des meilleures stand-uppeuses de sa g\u00e9n\u00e9ration \u00bb TTT (T\u00e9l\u00e9rama)<\/p>\n<p class=\"font-size-30 fw-bold lh-1 mt-0 mb-4\">Je trouve les meilleures sorties dans ma ville<\/p>\n","protected":false},"excerpt":{"rendered":"Tania Dutel &#8211; Nouveau Spectacle en Tourn\u00e9e, un spectacle \u00e0 voir \u00e0 Rouen (Esp.culturel Francois Mitterrand Canteleu), le&hellip;\n","protected":false},"author":2,"featured_media":290817,"comment_status":"","ping_status":"","sticky":false,"template":"","format":"standard","meta":{"footnotes":""},"categories":[9587],"tags":[1111,11,1777,674,1011,27,12,5161,25,9590],"class_list":{"0":"post-290816","1":"post","2":"type-post","3":"status-publish","4":"format-standard","5":"has-post-thumbnail","7":"category-rouen","8":"tag-actu","9":"tag-actualites","10":"tag-eu","11":"tag-europe","12":"tag-fr","13":"tag-france","14":"tag-news","15":"tag-normandie","16":"tag-republique-francaise","17":"tag-rouen"},"share_on_mastodon":{"url":"https:\/\/pubeurope.com\/@fr\/114957967896469899","error":""},"_links":{"self":[{"href":"https:\/\/www.europesays.com\/fr\/wp-json\/wp\/v2\/posts\/290816","targetHints":{"allow":["GET"]}}],"collection":[{"href":"https:\/\/www.europesays.com\/fr\/wp-json\/wp\/v2\/posts"}],"about":[{"href":"https:\/\/www.europesays.com\/fr\/wp-json\/wp\/v2\/types\/post"}],"author":[{"embeddable":true,"href":"https:\/\/www.europesays.com\/fr\/wp-json\/wp\/v2\/users\/2"}],"replies":[{"embeddable":true,"href":"https:\/\/www.europesays.com\/fr\/wp-json\/wp\/v2\/comments?post=290816"}],"version-history":[{"count":0,"href":"https:\/\/www.europesays.com\/fr\/wp-json\/wp\/v2\/posts\/290816\/revisions"}],"wp:featuredmedia":[{"embeddable":true,"href":"https:\/\/www.europesays.com\/fr\/wp-json\/wp\/v2\/media\/290817"}],"wp:attachment":[{"href":"https:\/\/www.europesays.com\/fr\/wp-json\/wp\/v2\/media?parent=290816"}],"wp:term":[{"taxonomy":"category","embeddable":true,"href":"https:\/\/www.europesays.com\/fr\/wp-json\/wp\/v2\/categories?post=290816"},{"taxonomy":"post_tag","embeddable":true,"href":"https:\/\/www.europesays.com\/fr\/wp-json\/wp\/v2\/tags?post=290816"}],"curies":[{"name":"wp","href":"https:\/\/api.w.org\/{rel}","templated":true}]}}