{"id":290818,"date":"2025-08-02T07:23:10","date_gmt":"2025-08-02T07:23:10","guid":{"rendered":"https:\/\/www.europesays.com\/fr\/290818\/"},"modified":"2025-08-02T07:23:10","modified_gmt":"2025-08-02T07:23:10","slug":"alain-carignon-tacle-la-communication-indecente-deric-piolle","status":"publish","type":"post","link":"https:\/\/www.europesays.com\/fr\/290818\/","title":{"rendered":"Alain Carignon tacle la \u00ab\u00a0communication ind\u00e9cente\u00a0\u00bb d&rsquo;Eric Piolle"},"content":{"rendered":"<p itemprop=\"description\"><strong>Cette semaine, Eric Piolle a perturb\u00e9 le calme politique de l&rsquo;\u00e9t\u00e9 en s&rsquo;exprimant sur la r\u00e9novation de la Villeneuve et les travaux engag\u00e9s.<\/strong><\/p>\n<p>Et le maire \u00e9cologiste de Grenoble d\u00e9clarait notamment au <a href=\"https:\/\/c.ledauphine.com\/politique\/2025\/07\/31\/isere-grenoble-eric-piolle-nous-cherchons-a-casser-les-ghettos-les-ghettos-de-riches-surtout\" target=\"_blank\" rel=\"noopener\">Dauphin\u00e9 Lib\u00e9r\u00e9<\/a> : \u00ab\u00a0Le probl\u00e8me de la ville de Grenoble, ce n\u2019est pas la diversit\u00e9 extraordinaire et stimulante qu\u2019il y a \u00e0 La Villeneuve, mais ces espaces o\u00f9 il n\u2019y a pas de logements sociaux du tout.\u00a0\u00bb<\/p>\n<p>En insinuant que le r\u00e9el probl\u00e8me grenoblois r\u00e9sidait dans les \u00ab\u00a0ghettos de riches\u00a0\u00bb, l&rsquo;\u00e9dile a fait bondir son opposant Alain Carignon.<\/p>\n<p>\u00ab\u00a0La soudaine communication d\u2019Eric Piolle et de la municipalit\u00e9 sur la Villeneuve, au creux de l&rsquo;\u00e9t\u00e9, est ind\u00e9cente pour tous les habitants qui vivent les difficult\u00e9s du quartier\u00a0\u00bb, s&#8217;emporte l&rsquo;ancien maire grenoblois, candidat pour les municipales 2026.<\/p>\n<p>\u00ab\u00a0\u00c0 Villeneuve, les Grenoblois vivent dans un climat anxiog\u00e8ne, pratiquement sans un jour sans affrontements, parfois violents entre des jeunes d\u00e9soeuvr\u00e9s et la police. Dans un quartier o\u00f9 tous les instruments associatifs de pr\u00e9vention, d\u2019\u00e9ducation populaire ont \u00e9t\u00e9 d\u00e9mantel\u00e9s, o\u00f9 tous les commerces de l\u2019Arlequin (hormis la pharmacie et la couverture difficile de la boulangerie) et de la place des G\u00e9ants ont ferm\u00e9, au motif d\u2019une pseudo r\u00e9habilitation du quartier. Les enfants grandissent au milieu de descentes de police arm\u00e9e jusqu\u2019aux dents, voient passer des fusils d\u2019assaut , des tirs de mortiers r\u00e9guliers. Des dizaines de logements sociaux sont vides ou occup\u00e9s par des dealers, ou squatt\u00e9s, l\u2019espace public est d\u2019une salet\u00e9 intol\u00e9rable. Sa paup\u00e9risation et sa ghetto\u00efsation se sont accentu\u00e9s dangereusement depuis 12 ans et la municipalit\u00e9 Piolle qui tient tous les leviers du logement en est la principale responsable\u00a0\u00bb, poursuit-il.<\/p>\n<p>Alain Carignon accuse Eric Piolle de pr\u00e9parer la campagne de Laurence Ruffin : \u00ab\u00a0Cette campagne de communication engag\u00e9e d\u00e9montre \u00e0 nouveau aux Grenoblois que les \u00e9lus sortants n\u2019ont tir\u00e9 aucun enseignement des \u00e9checs de leur politique dans les quartiers populaires et vont se contenter de d\u00e9tourner l\u2019attention pour tenter de la poursuivre dans son int\u00e9gralit\u00e9. Le moment est venu d\u2019en tirer les cons\u00e9quences\u00a0\u00bb.<\/p>\n","protected":false},"excerpt":{"rendered":"Cette semaine, Eric Piolle a perturb\u00e9 le calme politique de l&rsquo;\u00e9t\u00e9 en s&rsquo;exprimant sur la r\u00e9novation de la&hellip;\n","protected":false},"author":2,"featured_media":290819,"comment_status":"","ping_status":"","sticky":false,"template":"","format":"standard","meta":{"footnotes":""},"categories":[9566],"tags":[1111,11,7733,8279,2430,7736,650,7734,2889,2263,1777,674,1011,27,2731,8280,6417,1114,108,4662,12,3725,1825,25,7737],"class_list":{"0":"post-290818","1":"post","2":"type-post","3":"status-publish","4":"format-standard","5":"has-post-thumbnail","7":"category-grenoble","8":"tag-actu","9":"tag-actualites","10":"tag-alpes","11":"tag-alpes1","12":"tag-auvergne-rhone-alpes","13":"tag-cds","14":"tag-cinema","15":"tag-ecoute","16":"tag-emission","17":"tag-equipe","18":"tag-eu","19":"tag-europe","20":"tag-fr","21":"tag-france","22":"tag-grenoble","23":"tag-haute","24":"tag-information","25":"tag-infos","26":"tag-isere","27":"tag-journal","28":"tag-news","29":"tag-podcast","30":"tag-radio","31":"tag-republique-francaise","32":"tag-winamp"},"share_on_mastodon":{"url":"https:\/\/pubeurope.com\/@fr\/114957975771421460","error":""},"_links":{"self":[{"href":"https:\/\/www.europesays.com\/fr\/wp-json\/wp\/v2\/posts\/290818","targetHints":{"allow":["GET"]}}],"collection":[{"href":"https:\/\/www.europesays.com\/fr\/wp-json\/wp\/v2\/posts"}],"about":[{"href":"https:\/\/www.europesays.com\/fr\/wp-json\/wp\/v2\/types\/post"}],"author":[{"embeddable":true,"href":"https:\/\/www.europesays.com\/fr\/wp-json\/wp\/v2\/users\/2"}],"replies":[{"embeddable":true,"href":"https:\/\/www.europesays.com\/fr\/wp-json\/wp\/v2\/comments?post=290818"}],"version-history":[{"count":0,"href":"https:\/\/www.europesays.com\/fr\/wp-json\/wp\/v2\/posts\/290818\/revisions"}],"wp:featuredmedia":[{"embeddable":true,"href":"https:\/\/www.europesays.com\/fr\/wp-json\/wp\/v2\/media\/290819"}],"wp:attachment":[{"href":"https:\/\/www.europesays.com\/fr\/wp-json\/wp\/v2\/media?parent=290818"}],"wp:term":[{"taxonomy":"category","embeddable":true,"href":"https:\/\/www.europesays.com\/fr\/wp-json\/wp\/v2\/categories?post=290818"},{"taxonomy":"post_tag","embeddable":true,"href":"https:\/\/www.europesays.com\/fr\/wp-json\/wp\/v2\/tags?post=290818"}],"curies":[{"name":"wp","href":"https:\/\/api.w.org\/{rel}","templated":true}]}}