{"id":290826,"date":"2025-08-02T07:28:11","date_gmt":"2025-08-02T07:28:11","guid":{"rendered":"https:\/\/www.europesays.com\/fr\/290826\/"},"modified":"2025-08-02T07:28:11","modified_gmt":"2025-08-02T07:28:11","slug":"les-prix-des-hotels-ne-cessent-daugmenter","status":"publish","type":"post","link":"https:\/\/www.europesays.com\/fr\/290826\/","title":{"rendered":"les prix des h\u00f4tels ne cessent d&rsquo;augmenter"},"content":{"rendered":"<p>            Par<br \/>\n        <strong><br \/>\n            <a href=\"https:\/\/actu.fr\/auteur\/redaction-nice\" title=\"Consulter tous les articles de R\u00e9daction Nice\" target=\"_blank\" rel=\"noopener\">R\u00e9daction Nice<\/a><br \/>\n        <\/strong><\/p>\n<p>        Publi\u00e9 le<\/p>\n<p>            2 ao\u00fbt 2025 \u00e0 8h16        <\/p>\n<p>Une suite d\u2019exception au dernier \u00e9tage d\u2019un h\u00f4tel mythique, un couvent devenu cinq \u00e9toiles\u2026 Sur la C\u00f4te d\u2019Azur fran\u00e7aise, <a href=\"https:\/\/actu.fr\/nice\/\" target=\"_blank\" rel=\"noopener\">Nice<\/a> veut de nouveau briller face \u00e0 Cannes et Monaco avec une <strong>offre h\u00f4teli\u00e8re de luxe<\/strong>, pour attirer des plus fortun\u00e9s, en particulier am\u00e9ricains.<\/p>\n<p>Le Negresco en figure de proue<\/p>\n<p class=\" wall-content\">En juin\u00a02025, le c\u00e9l\u00e8bre h\u00f4tel Negresco a ouvert <a href=\"https:\/\/actu.fr\/provence-alpes-cote-d-azur\/nice_06088\/nice-une-incroyable-suite-construite-au-sommet-du-negresco-les-images-font-rever_62293307.html\" target=\"_blank\" rel=\"noopener\">la suite \u00ab\u2009Jeanne et Paul\u2009\u00bb<\/a>, un appartement double de 400m\u00b2 agr\u00e9ment\u00e9 de 200m\u00b2 de terrasses aux vues spectaculaires sur la M\u00e9diterran\u00e9e, am\u00e9nag\u00e9 dans les appartements du 6e \u00e9tage o\u00f9 vivait Jeanne Augier, l\u2019ancienne propri\u00e9taire.<\/p>\n<p class=\" wall-content\">Cette grande amatrice d\u2019art, d\u00e9c\u00e9d\u00e9e en 2019, a donn\u00e9 un cachet unique au grand h\u00f4tel embl\u00e9matique de la Promenade des Anglais, en bord de mer, en y distillant une impressionnante collection de 6\u2009000 \u0153uvres et pi\u00e8ces de mobilier du XVIIe\u00a0si\u00e8cle \u00e0 nos jours.<\/p>\n<p>    <img   decoding=\"async\" loading=\"lazy\" src=\"https:\/\/www.europesays.com\/fr\/wp-content\/uploads\/2025\/08\/negresco-suite-coupole-4-960x640.jpg\" alt=\"La suite donnera directement sur la mythique coupole rose du Negresco.\" width=\"960\" height=\"640\"\/><br \/>\n    La suite donnera directement sur la mythique coupole rose du Negresco. (\u00a9Visuel Studio Jean-Philippe Nuel)<\/p>\n<p class=\" wall-content\">\u00c0 l\u2019image de son salon sous la c\u00e9l\u00e8bre coupole rose de l\u2019h\u00f4tel, la suite offre un cadre raffin\u00e9 o\u00f9 se m\u00ealent boiseries Louis XIII, meubles sur mesure, tapisseries pr\u00e9cieuses, arts premiers et \u0153uvres allant de Rubens \u00e0 Niki de Saint Phalle.<\/p>\n<p class=\" wall-content\">D\u00e9j\u00e0 lou\u00e9e \u00e0 un chef de gouvernement, \u00e0 un philanthrope am\u00e9ricain ou encore \u00e0 un jeune Fran\u00e7ais de 25\u00a0ans, la suite, factur\u00e9e <strong>entre 25\u2009000\u00a0et 35\u2009000 euros la nuit<\/strong>, vient couronner six ans de r\u00e9novation du Negresco, d\u00e9sormais enrichi d\u2019une plage priv\u00e9e et d\u2019un spa de 700 m\u00b2.<\/p>\n<p class=\" wall-content\">L\u2019ambition est de repr\u00e9senter \u00ab\u2009l\u2019excellence \u00e0 la Fran\u00e7aise\u2009\u00bb, pour obtenir dans les prochaines ann\u00e9es le label \u00ab\u2009palace\u2009\u00bb et tirer l\u2019h\u00f4tellerie ni\u00e7oise vers le haut pour retrouver son ancienne gloire, explique le directeur Lionel Servant.<\/p>\n<p class=\" wall-content\">\u00ab\u2009Historiquement, au XIXe et au d\u00e9but du XXe\u00a0si\u00e8cle, Nice \u00e9tait la destination de la client\u00e8le fortun\u00e9e de toute l\u2019Europe\u2009\u00bb, rappelle Eric Abihssira, pr\u00e9sident de l\u2019Union des m\u00e9tiers et des industries de l\u2019h\u00f4tellerie pour la m\u00e9tropole ni\u00e7oise.<\/p>\n<p>Un d\u00e9veloppement du haut de gamme<\/p>\n<p class=\" wall-content\">Mais, au fil des d\u00e9cennies, la ville a bifurqu\u00e9 vers un tourisme de masse, laissant les plus riches investir d\u2019autres hauts lieux de la C\u00f4te d\u2019Azur, la Riviera fran\u00e7aise. Avant donc de se relancer ces derni\u00e8res ann\u00e9es, avec une politique d\u2019embellissement du centre et un d\u00e9veloppement du haut de gamme.<\/p>\n<p class=\" wall-content\">Rejoignant le Negresco et le Hyatt Palais de la M\u00e9diterran\u00e9e, figures du front de mer, trois h\u00f4tels cinq \u00e9toiles de 88 \u00e0 150 chambres ont ouvert entre fin 2022 et fin 2024\u2009: l\u2019Anantara Plaza et le Maison Albar-Le Victoria dans le centre, o\u00f9 fleurissent d\u00e9sormais les boutiques de luxe, et l\u2019H\u00f4tel du Couvent dans le Vieux Nice.<\/p>\n<p class=\" wall-content\">Les deux premiers, qui combinent \u00e9l\u00e9gance et tradition, des spas raffin\u00e9s et des restaurants en rooftop, r\u00e9sultent d\u2019une strat\u00e9gie d\u2019Anantara et de Maison Albar\u2009: s\u2019implanter sur la C\u00f4te d\u2019Azur sans pour autant se frotter aux mastodontes de la Croisette, la grande avenue du bord de mer de Cannes.<\/p>\n<p>La cr\u00e9ation d\u2019un h\u00f4tel<\/p>\n<p class=\" wall-content\">L\u2019H\u00f4tel du Couvent, lui, est le fruit d\u2019une volont\u00e9 politique de la ville, qui avait rachet\u00e9 le site au d\u00e9part des s\u0153urs en 1984, et d\u2019un pari de l\u2019entrepreneur Val\u00e9ry Grego. Apr\u00e8s <strong>dix ans de travaux<\/strong> et 100\u00a0millions d\u2019euros d\u2019investissements, il propose un luxe paisible, dans un cadre rustique mais recherch\u00e9\u2009: tomettes au sol, murs \u00e0 la chaux, jardin en terrasses, thermes \u00e0 la romaine\u2026<\/p>\n<p class=\" wall-content\">La ville comptait beaucoup d\u2019h\u00f4tels quatre \u00e9toiles mais \u00ab\u2009manquait de belles h\u00f4telleries un peu uniques et atypiques\u2009\u00bb, souligne Mafoudia Tour\u00e9, directrice du marketing de l\u2019h\u00f4tel, une franchise de Luxury Collection, la gamme ultraluxe de Marriott.<\/p>\n<p>Le prix des chambres augmente<\/p>\n<p class=\" wall-content\">Selon une \u00e9tude des cabinets Deloitte et In Extenso fin juin, la proportion du haut de gamme\/luxe au sein de l\u2019offre h\u00f4teli\u00e8re \u00e0 Nice \u2013 12\u2009000 chambres, plus de 200 h\u00f4tels \u2013 est pass\u00e9e de 23 \u00e0 28\u2009% en dix ans. Elle est de 24\u2009% \u00e0 Paris et 11\u2009% \u00e0 Lyon.<\/p>\n<p class=\" wall-content\">L\u2019an dernier, le taux d\u2019occupation comme le prix moyen des chambres dans la cat\u00e9gorie luxe \u00e0 Nice ont <strong>progress\u00e9 de 5\u2009%<\/strong>.<\/p>\n<p class=\" wall-content\">Une croissance pouss\u00e9e par un retour marqu\u00e9 depuis 2022 de riches touristes am\u00e9ricains, qui b\u00e9n\u00e9ficient de<a href=\"https:\/\/actu.fr\/provence-alpes-cote-d-azur\/nice_06088\/aeroport-de-nice-cette-ville-des-etats-unis-est-desormais-accessible-avec-un-vol-direct_62662110.html\" target=\"_blank\" rel=\"noopener\"> six vols directs quotidiens<\/a> entre Nice et les \u00c9tats-Unis. Du Couvent au Negresco, ils repr\u00e9sentent la moiti\u00e9 de la client\u00e8le l\u2019\u00e9t\u00e9.<\/p>\n<p class=\" wall-content\"><strong>Avec AFP<\/strong><\/p>\n<p class=\" wall-content\">Suivez toute l\u2019actualit\u00e9 de vos villes et m\u00e9dias favoris en vous inscrivant \u00e0 <a href=\"https:\/\/moncompte.actu.fr\" title=\"D\u00e9couvez Mon Actu\" rel=\"nofollow noopener\" data-trk=\"{&quot;cta&quot;:{&quot;action&quot;:&quot;https:\\\/\\\/moncompte.actu.fr&quot;,&quot;category&quot;:&quot;mon compte&quot;,&quot;from&quot;:&quot;article footer&quot;,&quot;name&quot;:&quot;Mon actu&quot;,&quot;type&quot;:&quot;cta&quot;}}\" target=\"_blank\">Mon Actu<\/a>.<\/p>\n","protected":false},"excerpt":{"rendered":"Par R\u00e9daction Nice Publi\u00e9 le 2 ao\u00fbt 2025 \u00e0 8h16 Une suite d\u2019exception au dernier \u00e9tage d\u2019un h\u00f4tel&hellip;\n","protected":false},"author":2,"featured_media":290827,"comment_status":"","ping_status":"","sticky":false,"template":"","format":"standard","meta":{"footnotes":""},"categories":[2819],"tags":[1111,11,33,1777,674,1011,27,2425,12,2401,882,25,602],"class_list":{"0":"post-290826","1":"post","2":"type-post","3":"status-publish","4":"format-standard","5":"has-post-thumbnail","7":"category-nice","8":"tag-actu","9":"tag-actualites","10":"tag-economie","11":"tag-eu","12":"tag-europe","13":"tag-fr","14":"tag-france","15":"tag-luxe","16":"tag-news","17":"tag-nice","18":"tag-provence-alpes-cote-dazur","19":"tag-republique-francaise","20":"tag-tourisme"},"share_on_mastodon":{"url":"https:\/\/pubeurope.com\/@fr\/114957995636887023","error":""},"_links":{"self":[{"href":"https:\/\/www.europesays.com\/fr\/wp-json\/wp\/v2\/posts\/290826","targetHints":{"allow":["GET"]}}],"collection":[{"href":"https:\/\/www.europesays.com\/fr\/wp-json\/wp\/v2\/posts"}],"about":[{"href":"https:\/\/www.europesays.com\/fr\/wp-json\/wp\/v2\/types\/post"}],"author":[{"embeddable":true,"href":"https:\/\/www.europesays.com\/fr\/wp-json\/wp\/v2\/users\/2"}],"replies":[{"embeddable":true,"href":"https:\/\/www.europesays.com\/fr\/wp-json\/wp\/v2\/comments?post=290826"}],"version-history":[{"count":0,"href":"https:\/\/www.europesays.com\/fr\/wp-json\/wp\/v2\/posts\/290826\/revisions"}],"wp:featuredmedia":[{"embeddable":true,"href":"https:\/\/www.europesays.com\/fr\/wp-json\/wp\/v2\/media\/290827"}],"wp:attachment":[{"href":"https:\/\/www.europesays.com\/fr\/wp-json\/wp\/v2\/media?parent=290826"}],"wp:term":[{"taxonomy":"category","embeddable":true,"href":"https:\/\/www.europesays.com\/fr\/wp-json\/wp\/v2\/categories?post=290826"},{"taxonomy":"post_tag","embeddable":true,"href":"https:\/\/www.europesays.com\/fr\/wp-json\/wp\/v2\/tags?post=290826"}],"curies":[{"name":"wp","href":"https:\/\/api.w.org\/{rel}","templated":true}]}}