{"id":290838,"date":"2025-08-02T07:34:10","date_gmt":"2025-08-02T07:34:10","guid":{"rendered":"https:\/\/www.europesays.com\/fr\/290838\/"},"modified":"2025-08-02T07:34:10","modified_gmt":"2025-08-02T07:34:10","slug":"un-pieton-percute-par-un-train-pres-de-toulouse-le-trafic-retarde","status":"publish","type":"post","link":"https:\/\/www.europesays.com\/fr\/290838\/","title":{"rendered":"Un pi\u00e9ton percut\u00e9 par un train pr\u00e8s de Toulouse : le trafic retard\u00e9"},"content":{"rendered":"<p>            Par<br \/>\n        <strong><br \/>\n            <a href=\"https:\/\/actu.fr\/auteur\/mareva-laville-actu-fr\" title=\"Consulter tous les articles de Mar\u00e9va Laville\" target=\"_blank\" rel=\"noopener\">Mar\u00e9va Laville<\/a><br \/>\n        <\/strong><\/p>\n<p>        Publi\u00e9 le<\/p>\n<p>            2 ao\u00fbt 2025 \u00e0 8h44        <\/p>\n<p>Ce samedi 2\u00a0ao\u00fbt 2025, les passagers du train <strong>Intercit\u00e9s Toulouse-Marseille<\/strong>, pr\u00e9vu \u00e0 l\u2019origine pour 8h42, devront se montrer patients. Un <strong>accident<\/strong> a eu lieu t\u00f4t ce matin de <a href=\"https:\/\/actu.fr\/occitanie\/toulouse_31555\/c-est-le-pire-chasse-croise-de-l-annee-sur-les-routes-quelles-sont-les-heures-a-eviter-autour-de-toulouse_62987819.html\" target=\"_blank\" rel=\"noopener\">d\u00e9part en vacances pour les ao\u00fbtiens.<\/a><\/p>\n<p>Un pi\u00e9ton heurt\u00e9 par un train<\/p>\n<p class=\" wall-content\">D\u2019apr\u00e8s les informations livr\u00e9es par la SNCF, <strong>un pi\u00e9ton a \u00e9t\u00e9 heurt\u00e9 par un train<\/strong> entre Agen et Toulouse, peu avant 8h.<\/p>\n<p class=\" wall-content\">\n<p>Les trains \u00e0 l\u2019arr\u00eat<\/p>\n<p class=\" wall-content\">Cet accident implique <strong>l\u2019arr\u00eat complet de la circulation,<\/strong> pour des questions de s\u00e9curit\u00e9 et le temps que les <strong>secours<\/strong> et <strong>\u00e9quipes de la SNCF<\/strong> interviennent. Ceux qui devaient donc prendre ce m\u00eame train en direction de la Cit\u00e9 phoc\u00e9enne devront attendre une bonne heure, minimum.<\/p>\n<p class=\" wall-content\">Forces de l\u2019ordre et pompiers sont arriv\u00e9s vers 8h30 sur les lieux.\u00a0<\/p>\n<p>Du retard sur les trains<\/p>\n<p class=\" wall-content\">La<strong> reprise du trafic est estim\u00e9e \u00e0 11h30,<\/strong> ce qui pourrait engendrer du retard sur d\u2019autres trains.<\/p>\n<p>Vid\u00e9os : en ce moment sur Actu<\/p>\n<p class=\" wall-content\">Pour l\u2019heure, Actu Toulouse ne dispose pas d\u2019information sur l\u2019\u00e9tat de sant\u00e9 de la victime.<\/p>\n<p class=\" wall-content\">Suivez toute l\u2019actualit\u00e9 de vos villes et m\u00e9dias favoris en vous inscrivant \u00e0 <a href=\"https:\/\/moncompte.actu.fr\" title=\"D\u00e9couvez Mon Actu\" rel=\"nofollow noopener\" data-trk=\"{&quot;cta&quot;:{&quot;action&quot;:&quot;https:\\\/\\\/moncompte.actu.fr&quot;,&quot;category&quot;:&quot;mon compte&quot;,&quot;from&quot;:&quot;article footer&quot;,&quot;name&quot;:&quot;Mon actu&quot;,&quot;type&quot;:&quot;cta&quot;}}\" target=\"_blank\">Mon Actu<\/a>.<\/p>\n","protected":false},"excerpt":{"rendered":"Par Mar\u00e9va Laville Publi\u00e9 le 2 ao\u00fbt 2025 \u00e0 8h44 Ce samedi 2\u00a0ao\u00fbt 2025, les passagers du train&hellip;\n","protected":false},"author":2,"featured_media":290839,"comment_status":"","ping_status":"","sticky":false,"template":"","format":"standard","meta":{"footnotes":""},"categories":[2816],"tags":[119,1111,11,1777,674,118,1011,27,12,2680,25,2215,2312],"class_list":{"0":"post-290838","1":"post","2":"type-post","3":"status-publish","4":"format-standard","5":"has-post-thumbnail","7":"category-toulouse","8":"tag-accident","9":"tag-actu","10":"tag-actualites","11":"tag-eu","12":"tag-europe","13":"tag-faits-divers","14":"tag-fr","15":"tag-france","16":"tag-news","17":"tag-occitanie","18":"tag-republique-francaise","19":"tag-sncf","20":"tag-toulouse"},"share_on_mastodon":{"url":"https:\/\/pubeurope.com\/@fr\/114958019039269119","error":""},"_links":{"self":[{"href":"https:\/\/www.europesays.com\/fr\/wp-json\/wp\/v2\/posts\/290838","targetHints":{"allow":["GET"]}}],"collection":[{"href":"https:\/\/www.europesays.com\/fr\/wp-json\/wp\/v2\/posts"}],"about":[{"href":"https:\/\/www.europesays.com\/fr\/wp-json\/wp\/v2\/types\/post"}],"author":[{"embeddable":true,"href":"https:\/\/www.europesays.com\/fr\/wp-json\/wp\/v2\/users\/2"}],"replies":[{"embeddable":true,"href":"https:\/\/www.europesays.com\/fr\/wp-json\/wp\/v2\/comments?post=290838"}],"version-history":[{"count":0,"href":"https:\/\/www.europesays.com\/fr\/wp-json\/wp\/v2\/posts\/290838\/revisions"}],"wp:featuredmedia":[{"embeddable":true,"href":"https:\/\/www.europesays.com\/fr\/wp-json\/wp\/v2\/media\/290839"}],"wp:attachment":[{"href":"https:\/\/www.europesays.com\/fr\/wp-json\/wp\/v2\/media?parent=290838"}],"wp:term":[{"taxonomy":"category","embeddable":true,"href":"https:\/\/www.europesays.com\/fr\/wp-json\/wp\/v2\/categories?post=290838"},{"taxonomy":"post_tag","embeddable":true,"href":"https:\/\/www.europesays.com\/fr\/wp-json\/wp\/v2\/tags?post=290838"}],"curies":[{"name":"wp","href":"https:\/\/api.w.org\/{rel}","templated":true}]}}