{"id":290842,"date":"2025-08-02T07:36:13","date_gmt":"2025-08-02T07:36:13","guid":{"rendered":"https:\/\/www.europesays.com\/fr\/290842\/"},"modified":"2025-08-02T07:36:13","modified_gmt":"2025-08-02T07:36:13","slug":"le-cinema-renait-a-roubaix-avec-megarama","status":"publish","type":"post","link":"https:\/\/www.europesays.com\/fr\/290842\/","title":{"rendered":"Le cin\u00e9ma rena\u00eet \u00e0 Roubaix avec Megarama"},"content":{"rendered":"<p class=\"introduction\">Depuis plusieurs mois, le cin\u00e9ma du centre-ville de Roubaix, anciennement UGC Le Duplexe, rev\u00eat les couleurs du groupe Megarama, acteur majeur du paysage cin\u00e9matographique fran\u00e7ais. Avec la r\u00e9novation totale de ses neuf salles et l\u2019inauguration d\u2019une salle IMAX, le Megarama de Roubaix poursuit une dynamique culturelle forte dans la ville.<\/p>\n<p>Un cin\u00e9ma r\u00e9nov\u00e9 et accessible \u00e0 tous<\/p>\n<p>Durant six mois, le site a \u00e9t\u00e9 modernis\u00e9 en conservant sa capacit\u00e9 mais en am\u00e9liorant le confort, la moquette, les si\u00e8ges et les projecteurs. Caract\u00e9ristique phare\u202f: une salle IMAX de <strong>353 places<\/strong>, avec un \u00e9cran de <strong>200\u202fm\u00b2<\/strong> (\u00ab\u202f\u00e9quivalent d\u2019un immeuble de 3 \u00e9tages\u202f\u00bb), con\u00e7ue en collaboration avec des entreprises locales comme l\u2019Atelier Crouzet. Les tarifs sont adapt\u00e9s au pouvoir d\u2019achat local (plein tarif \u00e0 <strong>8,50\u202f\u20ac<\/strong>, majoration Imax de <strong>4\u202f\u20ac<\/strong>) et <strong>4 heures de parking gratuit sont offertes <\/strong>aux spectateurs.<\/p>\n<ul>\n<li><strong>Un cin\u00e9ma de proximit\u00e9<\/strong> : unique complexe de la ville, avec des tarifs accessibles pour tous.<\/li>\n<li><strong>Un \u00e9quipement moderne<\/strong>\u00a0: IMAX, technologie Dolby, num\u00e9rique, 3D et confort optimis\u00e9.<\/li>\n<li><strong>Une dynamique locale<\/strong>\u00a0: le M\u00e9garama va perp\u00e9tuer les collaborations avec les associations et les \u00e9coles, pour des projections th\u00e9matiques<\/li>\n<li><strong>Ancrage culturel<\/strong>\u00a0: le cin\u00e9ma est de retour dans le patrimoine vivant de Roubaix, <a href=\"https:\/\/www.roubaixxl.fr\/wp-admin\/_wp_link_placeholder\" rel=\"nofollow noopener\" target=\"_blank\">une ville elle-m\u00eame r\u00e9guli\u00e8rement utilis\u00e9e comme d\u00e9cor de tournages<\/a><\/li>\n<\/ul>\n<p class=\"title\">L\u2019histoire du cin\u00e9ma \u00e0 Roubaix : une aventure de plus d\u2019un si\u00e8cle<\/p>\n<p>La premi\u00e8re projection publique en ville remonte au 27 avril 1896, rue Neuve (aujourd\u2019hui Foch), dans l\u2019arri\u00e8re-salle d\u2019un estaminet, les fr\u00e8res Lumi\u00e8re exposant leurs vues sur la r\u00e9alit\u00e9 du quotidien. Progressivement, les cin\u00e9mas s\u2019installent dans les salles de f\u00eate, les th\u00e9\u00e2tres ou de bal : des lieux comme le Fontenoy, la Salle Sainte\u2011C\u00e9cile (renomm\u00e9e Radio\u2011Cin\u00e9), le Royal Leleu ou l\u2019Alcazar\u2011cin\u00e9ma deviennent des r\u00e9f\u00e9rences dans chaque quartier<\/p>\n<p>Pendant les ann\u00e9es 1920, la ville accueille une offre riche de cin\u00e9ma muet, puis dans les ann\u00e9es 1930, l\u2019arriv\u00e9e des films parlants bouleverse l\u2019exp\u00e9rience cin\u00e9matographique \u00e0 Roubaix, dop\u00e9e aussi par les com\u00e9dies am\u00e9ricaines et la f\u00e9\u00e9rie sonore<\/p>\n<p>L\u2019Occupation modifie les programmes, mais le public se r\u00e9fugie dans les \u0153uvres de Carn\u00e9, Duvivier ou Renoir, jusqu\u2019\u00e0 l\u2019apr\u00e8s-guerre o\u00f9 le cin\u00e9ma se modernise (Cin\u00e9mascope, nouvelles infrastructures). Le Colis\u00e9e fut l\u2019un des premiers \u00e0 diffuser ce format en Nord, juste apr\u00e8s Rex \u00e0 Paris<\/p>\n<p>Mais d\u00e8s les ann\u00e9es 1960\u201170, la fr\u00e9quentation chute avec l\u2019arriv\u00e9e de la t\u00e9l\u00e9vision : les derni\u00e8res salles historiques comme le Casino\u2011Palace ferment (1978), laissant Roubaix sans aucun cin\u00e9ma jusqu\u2019\u00e0 1998, date de la fermeture des Arcades. Ce n\u2019est qu\u2019en 2004 que na\u00eet Le Duplexe, premier cin\u00e9ma moderne de la ville.<\/p>\n<p><strong>Jean\u2011Pierre Lemoine, l\u2019homme derri\u00e8re Megarama<\/strong><\/p>\n<p>Fondateur et pr\u00e9sident du groupe <strong>Megarama<\/strong>, <strong>Jean\u2011Pierre\u202fLemoine<\/strong>, <strong>95\u202fans<\/strong>, a fortement contribu\u00e9 \u00e0 l\u2019inauguration de la salle IMAX \u00e0 Roubaix en mai 2025, soulignant l\u2019importance de proposer un film incontournable tel que Mission Impossible pour marquer l\u2019\u00e9v\u00e9nement. Sous sa direction, le groupe a acquis Le Duplexe en <strong>juin 2024<\/strong>, investissant dans une refonte compl\u00e8te pour offrir un cin\u00e9ma moderne, chaleureux et accessible. Le groupe Megarama compte <strong>31 \u00e0 34 complexes<\/strong> et environ <strong>250 \u00e9crans<\/strong> \u00e0 travers la France, l\u2019Espagne et le Maroc, se positionnant en <strong>quatri\u00e8me circuit<\/strong> fran\u00e7ais avec pr\u00e8s de <strong>6,7\u202fmillions d\u2019entr\u00e9es en 2024<\/strong>, en croissance de 6\u202f%.<\/p>\n","protected":false},"excerpt":{"rendered":"Depuis plusieurs mois, le cin\u00e9ma du centre-ville de Roubaix, anciennement UGC Le Duplexe, rev\u00eat les couleurs du groupe&hellip;\n","protected":false},"author":2,"featured_media":290843,"comment_status":"","ping_status":"","sticky":false,"template":"","format":"standard","meta":{"footnotes":""},"categories":[2815],"tags":[1111,11,650,215,1777,674,1011,27,811,1307,12,25],"class_list":{"0":"post-290842","1":"post","2":"type-post","3":"status-publish","4":"format-standard","5":"has-post-thumbnail","7":"category-lille","8":"tag-actu","9":"tag-actualites","10":"tag-cinema","11":"tag-commerce","12":"tag-eu","13":"tag-europe","14":"tag-fr","15":"tag-france","16":"tag-hauts-de-france","17":"tag-lille","18":"tag-news","19":"tag-republique-francaise"},"share_on_mastodon":{"url":"https:\/\/pubeurope.com\/@fr\/114958026930651025","error":""},"_links":{"self":[{"href":"https:\/\/www.europesays.com\/fr\/wp-json\/wp\/v2\/posts\/290842","targetHints":{"allow":["GET"]}}],"collection":[{"href":"https:\/\/www.europesays.com\/fr\/wp-json\/wp\/v2\/posts"}],"about":[{"href":"https:\/\/www.europesays.com\/fr\/wp-json\/wp\/v2\/types\/post"}],"author":[{"embeddable":true,"href":"https:\/\/www.europesays.com\/fr\/wp-json\/wp\/v2\/users\/2"}],"replies":[{"embeddable":true,"href":"https:\/\/www.europesays.com\/fr\/wp-json\/wp\/v2\/comments?post=290842"}],"version-history":[{"count":0,"href":"https:\/\/www.europesays.com\/fr\/wp-json\/wp\/v2\/posts\/290842\/revisions"}],"wp:featuredmedia":[{"embeddable":true,"href":"https:\/\/www.europesays.com\/fr\/wp-json\/wp\/v2\/media\/290843"}],"wp:attachment":[{"href":"https:\/\/www.europesays.com\/fr\/wp-json\/wp\/v2\/media?parent=290842"}],"wp:term":[{"taxonomy":"category","embeddable":true,"href":"https:\/\/www.europesays.com\/fr\/wp-json\/wp\/v2\/categories?post=290842"},{"taxonomy":"post_tag","embeddable":true,"href":"https:\/\/www.europesays.com\/fr\/wp-json\/wp\/v2\/tags?post=290842"}],"curies":[{"name":"wp","href":"https:\/\/api.w.org\/{rel}","templated":true}]}}