{"id":290846,"date":"2025-08-02T07:38:11","date_gmt":"2025-08-02T07:38:11","guid":{"rendered":"https:\/\/www.europesays.com\/fr\/290846\/"},"modified":"2025-08-02T07:38:11","modified_gmt":"2025-08-02T07:38:11","slug":"a-la-croisee-des-chemins","status":"publish","type":"post","link":"https:\/\/www.europesays.com\/fr\/290846\/","title":{"rendered":"\u00c0 la crois\u00e9e des chemins"},"content":{"rendered":"\n<p>Inculquer une culture de la nature demande de la patience, de la m\u00e9thode mais aussi, h\u00e9las, <br \/>de la fermet\u00e9.<\/p>\n<p>Chaque ann\u00e9e des imprudences, chaque ann\u00e9e des risques, chaque ann\u00e9e des sinistres, des incendies, des drames. Et pourtant, cet \u00e9t\u00e9 encore, polices, gendarmerie, pompiers, gardes forestiers, agents des parcs nationaux et r\u00e9gionaux, saisonniers, salari\u00e9s, b\u00e9n\u00e9voles et volontaires sont de nouveau sur les sentiers, terrestres et maritimes pour pr\u00e9venir, sensibiliser, alerter. Inlassablement. Avec une profonde conviction, celle d\u2019agir pour le bien commun.<\/p>\n<p>L\u2019affluence est un d\u00e9fi majeur<\/p>\n<p>Des bancs de posidonies aux for\u00eats qui jalonnent notre territoire, la nature est aujourd\u2019hui soumise \u00e0 la fois \u00e0 des al\u00e9as climatiques de plus en plus violents et \u00e0 des activit\u00e9s humaines &#8211;\u00a0dont le tourisme\u00a0&#8211; qui en oublient tr\u00e8s souvent sa fragilit\u00e9. Aussi, tenter de prot\u00e9ger nos espaces naturels sans en faire des sanctuaires inaccessibles, tient aujourd\u2019hui d\u2019une gageure. Des plages, calanques et chemins de randonn\u00e9e pris d\u2019assaut durant les beaux jours aux \u00ab\u00a0spots\u00a0\u00bb qui subissent une affluence record en quelques heures apr\u00e8s la diffusion de quelques photos post\u00e9es sur les r\u00e9seaux sociaux, la surfr\u00e9quentation touristique et ses cons\u00e9quences sont devenues un enjeu majeur de notre \u00e9poque. Et cela exige, pour \u00eatre <br \/>\u00e0 la hauteur, des moyens mat\u00e9riels et humains <br \/>au prorata de la manne financi\u00e8re que cette affluence repr\u00e9sente pour l\u2019\u00e9conomie r\u00e9gionale. <br \/>Des moyens qui ne peuvent souffrir d\u2019aucune \u00e9conomie, \u00e0 moins de solder notre patrimoine naturel.<\/p>\n","protected":false},"excerpt":{"rendered":"Inculquer une culture de la nature demande de la patience, de la m\u00e9thode mais aussi, h\u00e9las, de la&hellip;\n","protected":false},"author":2,"featured_media":290847,"comment_status":"","ping_status":"","sticky":false,"template":"","format":"standard","meta":{"footnotes":""},"categories":[2814],"tags":[1111,11,1777,674,1011,27,1310,884,12,882,25],"class_list":{"0":"post-290846","1":"post","2":"type-post","3":"status-publish","4":"format-standard","5":"has-post-thumbnail","7":"category-marseille","8":"tag-actu","9":"tag-actualites","10":"tag-eu","11":"tag-europe","12":"tag-fr","13":"tag-france","14":"tag-incendie","15":"tag-marseille","16":"tag-news","17":"tag-provence-alpes-cote-dazur","18":"tag-republique-francaise"},"share_on_mastodon":{"url":"https:\/\/pubeurope.com\/@fr\/114958034764545567","error":""},"_links":{"self":[{"href":"https:\/\/www.europesays.com\/fr\/wp-json\/wp\/v2\/posts\/290846","targetHints":{"allow":["GET"]}}],"collection":[{"href":"https:\/\/www.europesays.com\/fr\/wp-json\/wp\/v2\/posts"}],"about":[{"href":"https:\/\/www.europesays.com\/fr\/wp-json\/wp\/v2\/types\/post"}],"author":[{"embeddable":true,"href":"https:\/\/www.europesays.com\/fr\/wp-json\/wp\/v2\/users\/2"}],"replies":[{"embeddable":true,"href":"https:\/\/www.europesays.com\/fr\/wp-json\/wp\/v2\/comments?post=290846"}],"version-history":[{"count":0,"href":"https:\/\/www.europesays.com\/fr\/wp-json\/wp\/v2\/posts\/290846\/revisions"}],"wp:featuredmedia":[{"embeddable":true,"href":"https:\/\/www.europesays.com\/fr\/wp-json\/wp\/v2\/media\/290847"}],"wp:attachment":[{"href":"https:\/\/www.europesays.com\/fr\/wp-json\/wp\/v2\/media?parent=290846"}],"wp:term":[{"taxonomy":"category","embeddable":true,"href":"https:\/\/www.europesays.com\/fr\/wp-json\/wp\/v2\/categories?post=290846"},{"taxonomy":"post_tag","embeddable":true,"href":"https:\/\/www.europesays.com\/fr\/wp-json\/wp\/v2\/tags?post=290846"}],"curies":[{"name":"wp","href":"https:\/\/api.w.org\/{rel}","templated":true}]}}