{"id":290855,"date":"2025-08-02T07:44:21","date_gmt":"2025-08-02T07:44:21","guid":{"rendered":"https:\/\/www.europesays.com\/fr\/290855\/"},"modified":"2025-08-02T07:44:21","modified_gmt":"2025-08-02T07:44:21","slug":"langoisse-des-proches-de-christelle-47-ans-disparue-depuis-un-mois-en-haute-savoie","status":"publish","type":"post","link":"https:\/\/www.europesays.com\/fr\/290855\/","title":{"rendered":"l&rsquo;angoisse des proches de Christelle, 47 ans, disparue depuis un mois en Haute-Savoie"},"content":{"rendered":"<p class=\"article__intro\">Christelle Da Silva n\u2019a plus donn\u00e9 signe de vie depuis qu\u2019elle a quitt\u00e9 son domicile \u00e0 Scionzier (Haute-Savoie) le 28 juin dernier. La quadrag\u00e9naire serait partie sans t\u00e9l\u00e9phone ni papiers d\u2019identit\u00e9. Ses deux s\u0153urs, qui vivent dans le Loiret, jugent sa disparition tr\u00e8s inqui\u00e9tante et lancent un appel \u00e0 t\u00e9moins.<\/p>\n<p>\n      La Quotidienne Soci\u00e9t\u00e9\n    <\/p>\n<p>\n      De la vie quotidienne aux grands enjeux, recevez tous les jours les sujets qui font la soci\u00e9t\u00e9 locale, comme la justice, l\u2019\u00e9ducation, la sant\u00e9 et la famille.\n    <\/p>\n<p>    France T\u00e9l\u00e9visions utilise votre adresse e-mail afin de vous envoyer la newsletter \u00ab\u00a0La Quotidienne Soci\u00e9t\u00e9\u00a0\u00bb. Vous pouvez vous d\u00e9sinscrire \u00e0 tout moment via le lien en bas de cette newsletter. <a target=\"_blank\" href=\"https:\/\/www.francetelevisions.fr\/groupe\/confidentialite\/politique-de-confidentialite\/politique-de-confidentialite-de-france-televisions-6503\" rel=\"nofollow noopener\">Notre politique de confidentialit\u00e9<\/a><\/p>\n<p>Qu\u2019est-il arriv\u00e9 \u00e0 Christelle Da Silva ? C\u2019est la question qui obs\u00e8de ses deux s\u0153urs, St\u00e9phanie et Helena, depuis que la quadrag\u00e9naire s\u2019est volatilis\u00e9e le 28 juin dernier.<\/p>\n<p>Domicili\u00e9e \u00e0 Scionzier (Haute-Savoie), cette employ\u00e9e de banque n\u2019a plus donn\u00e9 signe de vie apr\u00e8s avoir quitt\u00e9 son domicile ce samedi apr\u00e8s-midi. Ses proches indiquent qu\u2019elle serait partie \u00ab\u00a0sans t\u00e9l\u00e9phone, ni papiers d\u2019identit\u00e9, ni portefeuille, ni cl\u00e9s ni voiture\u00a0\u00bb.<\/p>\n<p><a data-article-figure=\"\" href=\"https:\/\/france3-regions.franceinfo.fr\/image\/8nlFxHXiIzPsDrmV8QTtAtpXJb0\/2884x2884\/regions\/2025\/08\/01\/img-20250731-161424-688ce06b9ef86156435355.jpg\" data-pswp-width=\"2884\" data-pswp-height=\"2884\" target=\"_blank\" rel=\"nofollow noopener\"><\/p>\n<p>          <img width=\"600\" height=\"400\" class=\"article-image lazy\" data-src=\"https:\/\/www.europesays.com\/fr\/wp-content\/uploads\/2025\/08\/img-20250731-161424-688ce06b9ef86156435355.jpg\" alt=\"Christelle Da Silva est d\u00e9crite par ses proches comme une personne &quot;avec la joie de vivre&quot;, &quot;tr\u00e8s soign\u00e9e et \u00e9l\u00e9gante&quot;. \" fetchpriority=\"high\" as=\"image\"\/><\/p>\n<p>\n            Christelle Da Silva est d\u00e9crite par ses proches comme une personne \u00ab\u00a0avec la joie de vivre\u00a0\u00bb, \u00ab\u00a0tr\u00e8s soign\u00e9e et \u00e9l\u00e9gante\u00a0\u00bb.<br \/>\n                           \u2022<br \/>\n                                      \u00a9 Famille Da Silva\n                      <\/p>\n<p><\/a><\/p>\n<p>\u00c2g\u00e9e de 47 ans, la disparue, de corpulence tr\u00e8s mince, a les cheveux roux, les yeux verts et mesure 1m64. \u00ab\u00a0Nous avons mis des affiches partout, dans les commerces et dans les rues. On vit dans l\u2019angoisse et la peur\u00a0\u00bb, raconte sa petite s\u0153ur Helena Da Silva.<\/p>\n<p>Les bords de l\u2019Arve ont aussi \u00e9t\u00e9 inspect\u00e9s par les enqu\u00eateurs et la famille de la disparue, en vain.<\/p>\n<p>Au moment de sa disparition, Christelle Da Silva venait de se s\u00e9parer de son compagnon, avec qui elle \u00e9tait en couple depuis plusieurs ann\u00e9es. \u00ab\u00a0Elle n\u2019\u00e9tait pas bien moralement car elle est en pleine s\u00e9paration, raconte sa s\u0153ur, qui s\u2019est entretenue longuement avec Christelle par t\u00e9l\u00e9phone la veille de sa disparition. Mais elle se projetait dans sa nouvelle vie, elle \u00e9tait en pleine recherche d\u2019appartement, elle avait un futur entretien RH en ao\u00fbt pour se rapprocher de sa r\u00e9gion (le Centre-Val de Loire, NDLR), elle se projetait\u00a0\u00bb.<\/p>\n<p>\u00ab\u00a0Je savais qu\u2019elle tournait une page de sa vie, poursuit St\u00e9phanie, la s\u0153ur a\u00een\u00e9e. Mais je ne crois pas \u00e0 une disparition volontaire. Elle \u00e9tait accroch\u00e9e \u00e0 son t\u00e9l\u00e9phone, elle ne serait jamais partie sans\u00a0\u00bb.<\/p>\n<p><a data-article-figure=\"\" href=\"https:\/\/france3-regions.franceinfo.fr\/image\/89WtquuSfimiejLQhxZZdMcvI3U\/1920x1080\/regions\/2025\/08\/01\/ftv-0524-00-00-00-00-688ce0e810466700830294.jpg\" data-pswp-width=\"1920\" data-pswp-height=\"1080\" target=\"_blank\" rel=\"nofollow noopener\"><\/p>\n<p>          <img width=\"600\" height=\"400\" class=\"article-image lazy\" data-src=\"https:\/\/www.europesays.com\/fr\/wp-content\/uploads\/2025\/08\/ftv-0524-00-00-00-00-688ce0e810466700830294.jpg\" alt=\"St\u00e9phanie et Helena Da Silva, les s\u0153urs de Christelle. \" fetchpriority=\"high\" as=\"image\"\/><\/p>\n<p>\n            St\u00e9phanie et Helena Da Silva, les s\u0153urs de Christelle.<br \/>\n                           \u2022<br \/>\n                                      \u00a9 France 3 Alpes\n                      <\/p>\n<p><\/a><\/p>\n<p>Des circonstances qui interrogent \u00e9galement Sarah Haye, qui recevait chaque mois Christelle Da Silva dans son institut de beaut\u00e9.<\/p>\n<p>Deux jours avant sa disparition, cette derni\u00e8re s\u2019\u00e9tait rendue \u00e0 son rendez-vous comme \u00e0 son habitude. \u00ab\u00a0J&rsquo;ai \u00e9t\u00e9 tr\u00e8s \u00e9tonn\u00e9e de savoir qu&rsquo;elle avait disparu, commente Sarah Haye, proth\u00e9siste ongulaire. Quinze jours apr\u00e8s, elle avait ses billets d&rsquo;avion qui \u00e9taient d\u00e9j\u00e0 r\u00e9serv\u00e9s pour aller voir son p\u00e8re au Portugal. Elle n&rsquo;aurait pas loup\u00e9 \u00e7a, puisqu&rsquo;elle est proche de ses parents, de sa famille, donc elle n&rsquo;aurait pas loup\u00e9 ses vacances l\u00e0-bas. Pour moi, ce n&rsquo;est pas coh\u00e9rent\u00a0\u00bb.<\/p>\n<p>L&rsquo;enqu\u00eate autour de cette disparition inqui\u00e9tante suit son cours. Joint par t\u00e9l\u00e9phone, le procureur de la R\u00e9publique de Bonneville indique que toutes les pistes sont envisag\u00e9es, sans donner plus de pr\u00e9cisions.<\/p>\n","protected":false},"excerpt":{"rendered":"Christelle Da Silva n\u2019a plus donn\u00e9 signe de vie depuis qu\u2019elle a quitt\u00e9 son domicile \u00e0 Scionzier (Haute-Savoie)&hellip;\n","protected":false},"author":2,"featured_media":290856,"comment_status":"","ping_status":"","sticky":false,"template":"","format":"standard","meta":{"footnotes":""},"categories":[1888],"tags":[1111,1928,11,1927,1777,674,1011,27,12,1926,626,1925,25],"class_list":{"0":"post-290855","1":"post","2":"type-post","3":"status-publish","4":"format-standard","5":"has-post-thumbnail","7":"category-paris","8":"tag-actu","9":"tag-actu-paris","10":"tag-actualites","11":"tag-actualites-paris","12":"tag-eu","13":"tag-europe","14":"tag-fr","15":"tag-france","16":"tag-news","17":"tag-news-paris","18":"tag-paris","19":"tag-paris-news","20":"tag-republique-francaise"},"share_on_mastodon":{"url":"https:\/\/pubeurope.com\/@fr\/114958058639961262","error":""},"_links":{"self":[{"href":"https:\/\/www.europesays.com\/fr\/wp-json\/wp\/v2\/posts\/290855","targetHints":{"allow":["GET"]}}],"collection":[{"href":"https:\/\/www.europesays.com\/fr\/wp-json\/wp\/v2\/posts"}],"about":[{"href":"https:\/\/www.europesays.com\/fr\/wp-json\/wp\/v2\/types\/post"}],"author":[{"embeddable":true,"href":"https:\/\/www.europesays.com\/fr\/wp-json\/wp\/v2\/users\/2"}],"replies":[{"embeddable":true,"href":"https:\/\/www.europesays.com\/fr\/wp-json\/wp\/v2\/comments?post=290855"}],"version-history":[{"count":0,"href":"https:\/\/www.europesays.com\/fr\/wp-json\/wp\/v2\/posts\/290855\/revisions"}],"wp:featuredmedia":[{"embeddable":true,"href":"https:\/\/www.europesays.com\/fr\/wp-json\/wp\/v2\/media\/290856"}],"wp:attachment":[{"href":"https:\/\/www.europesays.com\/fr\/wp-json\/wp\/v2\/media?parent=290855"}],"wp:term":[{"taxonomy":"category","embeddable":true,"href":"https:\/\/www.europesays.com\/fr\/wp-json\/wp\/v2\/categories?post=290855"},{"taxonomy":"post_tag","embeddable":true,"href":"https:\/\/www.europesays.com\/fr\/wp-json\/wp\/v2\/tags?post=290855"}],"curies":[{"name":"wp","href":"https:\/\/api.w.org\/{rel}","templated":true}]}}