{"id":290857,"date":"2025-08-02T07:45:18","date_gmt":"2025-08-02T07:45:18","guid":{"rendered":"https:\/\/www.europesays.com\/fr\/290857\/"},"modified":"2025-08-02T07:45:18","modified_gmt":"2025-08-02T07:45:18","slug":"metro-la-meilleure-ligne-de-paris-fermee-toute-la-semaine-prochaine","status":"publish","type":"post","link":"https:\/\/www.europesays.com\/fr\/290857\/","title":{"rendered":"M\u00e9tro\u00a0: la meilleure ligne de Paris ferm\u00e9e toute la semaine prochaine\u00a0!"},"content":{"rendered":"<p>D\u00e9cid\u00e9ment, la <strong>semaine prochaine<\/strong> sera <strong>bien noire<\/strong> sur le m\u00e9tro parisien. Alors qu\u2019on se rendait compte il y a quelques jours que <strong><a href=\"https:\/\/www.lebonbon.fr\/paris\/news\/metro-ligne-9-fermee-aout-2025\/\" rel=\"nofollow noopener\" target=\"_blank\">la ligne 9 <\/a>serait ferm\u00e9e pendant pas moins de 4 jours<\/strong> d\u00e9but ao\u00fbt, quelle ne fut pas notre surprise ce matin, alors qu&rsquo;on faisait un point sur <strong>toutes les perturbations ao\u00fbtiennes<\/strong>, de constater que<strong> la 14<\/strong> serait elle aussi <strong>enti\u00e8rement inaccessible,<\/strong> et qui plus est <strong>exactement aux m\u00eames dates\u00a0!<\/strong><\/p>\n<p>&#13;<br \/>\n<br \/>5 jours noirs sur la ligne violette&#13;<\/p>\n<p>Depuis le temps que <a href=\"https:\/\/www.lebonbon.fr\/paris\/news\/metro-ligne-14-prolongee-essonne\/\" rel=\"nofollow noopener\" target=\"_blank\"><strong>la 14 est en travaux<\/strong><\/a>, encha\u00eenant les <strong>fermetures totales<\/strong> ou <strong>partielles,<\/strong> diurnes ou nocturnes, on devrait \u00eatre habitu\u00e9. Pourtant, on pr\u00e9f\u00e8re \u00eatre honn\u00eate avec vous, c\u2019est un <strong>v\u00e9ritable cr\u00e8ve-c\u0153ur \u00e0 chaque fois<\/strong> que de <strong>nouvelles perturbations<\/strong> s\u2019ajoutent \u00e0 la liste. Surtout que cette fois-ci, il s\u2019agit tout de m\u00eame d\u2019une<strong> interruption COMPL\u00c8TE<\/strong> de la ligne, pendant <strong>pas moins de 5 jours\u00a0!<\/strong><\/p>\n<p>&#13;<\/p>\n<blockquote class=\"twitter-tweet\"><p>&#13;<\/p>\n<p lang=\"fr\" dir=\"ltr\">[<a href=\"https:\/\/twitter.com\/hashtag\/travaux?src=hash&amp;ref_src=twsrc%5Etfw\" rel=\"nofollow noopener\" target=\"_blank\">#travaux<\/a> <a href=\"https:\/\/twitter.com\/hashtag\/ligne14?src=hash&amp;ref_src=twsrc%5Etfw\" rel=\"nofollow noopener\" target=\"_blank\">#ligne14<\/a>] \u26a0\ufe0f Pour permettre une mise \u00e0 niveau du syst\u00e8me de pilotage des trains dans sa version d\u00e9finitive, la ligne 14 sera enti\u00e8rement ferm\u00e9e du 4 au 8 ao\u00fbt inclus.<br \/>\ud83d\ude8c Un bus de substitution circulera entre Gare de Lyon et Olympiades. <a href=\"https:\/\/twitter.com\/hashtag\/RATP?src=hash&amp;ref_src=twsrc%5Etfw\" rel=\"nofollow noopener\" target=\"_blank\">#RATP<\/a><br \/>\u27a1\ufe0f <a href=\"https:\/\/t.co\/TOATBxGmT5\" rel=\"nofollow\">https:\/\/t.co\/TOATBxGmT5<\/a> <a href=\"https:\/\/t.co\/tFA2tusWj3\" rel=\"nofollow\">pic.twitter.com\/tFA2tusWj3<\/a><\/p>\n<p>&#13;<br \/>\n\u2014 Ligne 14 (@Ligne14_RATP) <a href=\"https:\/\/twitter.com\/Ligne14_RATP\/status\/1951189788729442484?ref_src=twsrc%5Etfw\" rel=\"nofollow noopener\" target=\"_blank\">August 1, 2025<\/a><\/p><\/blockquote>\n<p>&#13;<br \/>\n&#13;<\/p>\n<p>En effet, \u00e0 partir du <strong>lundi 4 ao\u00fbt et jusqu\u2019au vendredi 8 ao\u00fbt<\/strong> inclus, <strong>aucun train<\/strong> ne circulera entre les stations<strong> Saint-Denis \u2013 Pleyel et <a href=\"https:\/\/www.lebonbon.fr\/paris\/news\/metro-enfin-jusqu-a-aeroport-orly\/\" rel=\"nofollow noopener\" target=\"_blank\">A\u00e9roport d\u2019Orly<\/a><\/strong>. Bien \u00e9videmment, <strong>aucune correspondance<\/strong> ne sera assur\u00e9e sur chacune des<strong> 21 stations concern\u00e9es.<\/strong> Ce qui nous fait le plus mal dans cette histoire, c\u2019est quand on pense \u00e0 tous les <strong>pauvres Parisiens<\/strong> <strong>en vacances,<\/strong> qui vont se retrouver oblig\u00e9s de prendre <strong>l\u2019Orlyval et le RER B<\/strong> pour pouvoir <strong>attraper leur vol <\/strong>!<\/p>\n<p>&#13;<br \/>\n<br \/>Un chantier qui n\u2019en finit plus&#13;<\/p>\n<p>Une fois encore, derri\u00e8re cette <strong>fermeture,<\/strong> certes <strong>relativement courte<\/strong> mais non moins <strong>d\u00e9rangeante,<\/strong> se cachent des<strong> travaux de modernisation<\/strong>. Un chantier qui permettra \u00ab\u00a0une <strong>mise \u00e0 niveau compl\u00e8te <\/strong>de tout le <strong>syst\u00e8me de pilotage<\/strong> des trains dans sa <strong>version d\u00e9finitive<\/strong> \u00bb. Un <strong>bus de remplacement <\/strong>sera disponible pendant toute la semaine, uniquement entre<strong> <a href=\"https:\/\/www.lebonbon.fr\/paris\/news\/gare-lyon-stylee-paris\/\" rel=\"nofollow noopener\" target=\"_blank\">Gare de Lyon <\/a>et Olympiades.<\/strong> Et pour le reste, il faudra vous d\u00e9brouiller par <strong>vos propres moyens<\/strong>\u00a0!<\/p>\n<p>&#13;<\/p>\n<blockquote class=\"twitter-tweet\"><p>&#13;<\/p>\n<p lang=\"fr\" dir=\"ltr\">La ligne 14 enfin compl\u00e8te avec ses 21 stations. <a href=\"https:\/\/t.co\/KRX9zgSUf7\" rel=\"nofollow\">pic.twitter.com\/KRX9zgSUf7<\/a><\/p>\n<p>&#13;<br \/>\n\u2014 Beno\u00eet Mazerolles (@BMazerolles) <a href=\"https:\/\/twitter.com\/BMazerolles\/status\/1880933406244294762?ref_src=twsrc%5Etfw\" rel=\"nofollow noopener\" target=\"_blank\">January 19, 2025<\/a><\/p><\/blockquote>\n<p>&#13;<br \/>\n&#13;<\/p>\n<p>Malheureusement, cette <strong>fermeture de la 14<\/strong> n\u2019est qu\u2019une <strong>goutte d\u2019eau dans l\u2019oc\u00e9an<\/strong> que repr\u00e9sente le <strong>grand chantier d\u2019\u00e9t\u00e9 de la RATP,<\/strong> puisque pas moins de<strong> <a href=\"https:\/\/www.lebonbon.fr\/paris\/news\/metro-9-lignes-travaux-ete-2025\/\" rel=\"nofollow noopener\" target=\"_blank\">6 autres lignes <\/a>seront impact\u00e9es au cours du mois<\/strong>. On se rassure cependant en se disant que tout \u00e7a, c\u2019est pour retrouver <strong>un m\u00e9tro tout beau tout propre \u00e0 la rentr\u00e9e<\/strong>, et \u00e7a fait plaisir.<\/p>\n<p><script async src=\"https:\/\/platform.twitter.com\/widgets.js\" charset=\"utf-8\"><\/script><\/p>\n","protected":false},"excerpt":{"rendered":"D\u00e9cid\u00e9ment, la semaine prochaine sera bien noire sur le m\u00e9tro parisien. Alors qu\u2019on se rendait compte il y&hellip;\n","protected":false},"author":2,"featured_media":290858,"comment_status":"","ping_status":"","sticky":false,"template":"","format":"standard","meta":{"footnotes":""},"categories":[1888],"tags":[1111,1928,11,1927,1777,674,1011,27,12,1926,626,1925,25],"class_list":{"0":"post-290857","1":"post","2":"type-post","3":"status-publish","4":"format-standard","5":"has-post-thumbnail","7":"category-paris","8":"tag-actu","9":"tag-actu-paris","10":"tag-actualites","11":"tag-actualites-paris","12":"tag-eu","13":"tag-europe","14":"tag-fr","15":"tag-france","16":"tag-news","17":"tag-news-paris","18":"tag-paris","19":"tag-paris-news","20":"tag-republique-francaise"},"share_on_mastodon":{"url":"https:\/\/pubeurope.com\/@fr\/114958062366105179","error":""},"_links":{"self":[{"href":"https:\/\/www.europesays.com\/fr\/wp-json\/wp\/v2\/posts\/290857","targetHints":{"allow":["GET"]}}],"collection":[{"href":"https:\/\/www.europesays.com\/fr\/wp-json\/wp\/v2\/posts"}],"about":[{"href":"https:\/\/www.europesays.com\/fr\/wp-json\/wp\/v2\/types\/post"}],"author":[{"embeddable":true,"href":"https:\/\/www.europesays.com\/fr\/wp-json\/wp\/v2\/users\/2"}],"replies":[{"embeddable":true,"href":"https:\/\/www.europesays.com\/fr\/wp-json\/wp\/v2\/comments?post=290857"}],"version-history":[{"count":0,"href":"https:\/\/www.europesays.com\/fr\/wp-json\/wp\/v2\/posts\/290857\/revisions"}],"wp:featuredmedia":[{"embeddable":true,"href":"https:\/\/www.europesays.com\/fr\/wp-json\/wp\/v2\/media\/290858"}],"wp:attachment":[{"href":"https:\/\/www.europesays.com\/fr\/wp-json\/wp\/v2\/media?parent=290857"}],"wp:term":[{"taxonomy":"category","embeddable":true,"href":"https:\/\/www.europesays.com\/fr\/wp-json\/wp\/v2\/categories?post=290857"},{"taxonomy":"post_tag","embeddable":true,"href":"https:\/\/www.europesays.com\/fr\/wp-json\/wp\/v2\/tags?post=290857"}],"curies":[{"name":"wp","href":"https:\/\/api.w.org\/{rel}","templated":true}]}}