{"id":290859,"date":"2025-08-02T07:46:13","date_gmt":"2025-08-02T07:46:13","guid":{"rendered":"https:\/\/www.europesays.com\/fr\/290859\/"},"modified":"2025-08-02T07:46:13","modified_gmt":"2025-08-02T07:46:13","slug":"des-signalements-visant-rachida-dati-en-cours-danalyse-par-la-justice","status":"publish","type":"post","link":"https:\/\/www.europesays.com\/fr\/290859\/","title":{"rendered":"des signalements visant Rachida Dati \u00ab\u00a0en cours d\u2019analyse\u00a0\u00bb par la justice"},"content":{"rendered":"<p>Ils concernent des bijoux, GDF Suez et un outrage \u00e0 magistrat. Des signalements visant la ministre de la Culture <a target=\"_self\" href=\"https:\/\/www.lanouvellerepublique.fr\/a-la-une\/rachida-dati-une-nouvelle-ministre-de-la-culture-mise-en-examen\" rel=\"nofollow noopener\">Rachida Dati<\/a> sont en cours d\u2019analyse par le parquet de Paris et le Parquet national financier, ont indiqu\u00e9 le parquet et une source judiciaire, vendredi 1er\u00a0ao\u00fbt 2025. Le dernier signalement a \u00e9t\u00e9 transmis fin juillet par le militant \u00e9cologiste anticorruption de Grenoble Raymond Avrillier, apr\u00e8s une violente charge de la ministre contre les magistrats qui ont ordonn\u00e9 qu\u2019elle soit <a target=\"_self\" href=\"https:\/\/www.lanouvellerepublique.fr\/a-la-une\/rachida-dati-et-carlos-ghosn-renvoyes-en-proces-pour-corruption-1753193170\" rel=\"nofollow noopener\">jug\u00e9e notamment pour corruption<\/a> aux c\u00f4t\u00e9s de l\u2019ancien patron de Renault-Nissan, Carlos Ghosn.<\/p>\n<p>Dans ce signalement pour \u00ab\u00a0outrage \u00e0 magistrat en tentant de porter atteinte \u00e0 la dignit\u00e9 et au respect d\u00fb \u00e0 la fonction\u00a0\u00bb, r\u00e9v\u00e9l\u00e9 vendredi <a title=\"Lien vers l&#039;article\" target=\"_blank\" href=\"https:\/\/www.lemonde.fr\/societe\/article\/2025\/08\/01\/rachida-dati-visee-par-un-signalement-a-la-justice-pour-outrage-a-magistrat_6626086_3224.html\" rel=\"nofollow noopener\">par <\/a><a title=\"Lien vers l&#039;article\" target=\"_blank\" href=\"https:\/\/www.lemonde.fr\/societe\/article\/2025\/08\/01\/rachida-dati-visee-par-un-signalement-a-la-justice-pour-outrage-a-magistrat_6626086_3224.html\" rel=\"nofollow noopener\">Le Monde<\/a> et que l\u2019AFP a pu consulter, Raymond Avrillier vise des propos tenus le 22\u00a0juillet sur la cha\u00eene LCI par Rachida Dati. La ministre y vilipende \u00ab\u00a0des magistrats qui refusent de faire leur travail conform\u00e9ment \u00e9videmment au code de proc\u00e9dure\u00a0\u00bb, qui \u00ab\u00a0marchent\u00a0\u00bb sur les droits de la d\u00e9fense et perp\u00e9tueraient des \u00ab\u00a0atteintes graves\u00a0\u00bb \u00e0 ces droits. Sollicit\u00e9 par l\u2019AFP, un des conseils de la ministre, Me Olivier Pardo, a exprim\u00e9 son \u00ab\u00a0\u00e9tonnement\u00a0\u00bb au sujet de ce signalement.<\/p>\n<p>Plus de 400.000\u00a0\u20ac de bijoux non d\u00e9clar\u00e9s<\/p>\n<p>Ces propos virulents de l\u2019ancienne garde des Sceaux ont suscit\u00e9 l\u2019indignation des magistrats, le pr\u00e9sident du tribunal judiciaire de Paris Peimane Ghaleh-Marz <a target=\"_self\" href=\"https:\/\/www.lanouvellerepublique.fr\/a-la-une\/rachida-dati-renvoyee-en-proces-le-president-du-tribunal-judiciaire-de-paris-denonce-l-opprobre-jete-sur-les-magistrats-1753289618\" rel=\"nofollow noopener\">d\u00e9non\u00e7ant<\/a><a target=\"_self\" href=\"https:\/\/www.lanouvellerepublique.fr\/a-la-une\/rachida-dati-renvoyee-en-proces-le-president-du-tribunal-judiciaire-de-paris-denonce-l-opprobre-jete-sur-les-magistrats-1753289618\" rel=\"nofollow noopener\"> \u00ab\u00a0l\u2019opprobre jet\u00e9e publiquement\u00a0\u00bb<\/a> sur leur profession. Ce signalement est \u00ab\u00a0\u00e0 l\u2019analyse\u00a0\u00bb, a indiqu\u00e9 le parquet\u00a0de Paris, qui a \u00e9galement confirm\u00e9 que des signalements concernant des bijoux pr\u00e9sum\u00e9s non d\u00e9clar\u00e9s faisaient \u00ab\u00a0l\u2019objet d\u2019une analyse du parquet en lien avec la HATVP\u00a0\u00bb, la Haute Autorit\u00e9 pour la transparence de la vie publique.<\/p>\n<p>Deux signalements sur le m\u00eame sujet ont \u00e9t\u00e9 transmis apr\u00e8s que <a title=\"Lien vers l&#039;article\" target=\"_blank\" href=\"https:\/\/www.liberation.fr\/societe\/police-justice\/les-bijoux-caches-de-rachida-dati-revelations-sur-le-patrimoine-de-la-ministre-de-la-culture-20250409_CSZOOEG3AVFCJBERYAWHKY6F7M\/\" rel=\"nofollow noopener\">le quotidien<\/a><a title=\"Lien vers l&#039;article\" target=\"_blank\" href=\"https:\/\/www.liberation.fr\/societe\/police-justice\/les-bijoux-caches-de-rachida-dati-revelations-sur-le-patrimoine-de-la-ministre-de-la-culture-20250409_CSZOOEG3AVFCJBERYAWHKY6F7M\/\" rel=\"nofollow noopener\"> Lib\u00e9ration<\/a> a affirm\u00e9 en avril que la ministre avait omis dix-neuf pi\u00e8ces de joaillerie, pour un montant total de 420.000\u00a0\u20ac, d\u00e9tenues depuis 2017, dans sa d\u00e9claration de patrimoine \u00e0 la HATVP. L\u2019un a \u00e9t\u00e9 transmis le 18\u00a0juin par Raymond Avrillier et l\u2019autre le 26\u00a0juin par l\u2019\u00e9lu socialiste et s\u00e9nateur parisien R\u00e9mi F\u00e9raud. Rachida Dati a assur\u00e9 d\u00e9but mai n\u2019avoir \u00ab\u00a0rien \u00e0 r\u00e9gulariser\u00a0\u00bb dans sa d\u00e9claration de patrimoine.<\/p>\n<p>Le troisi\u00e8me sujet de signalement concerne <a title=\"Lien vers l&#039;article\" target=\"_blank\" href=\"https:\/\/www.nouvelobs.com\/politique\/20250604.OBS104614\/la-nouvelle-affaire-rachida-dati-revelations-sur-l-argent-cache-de-l-ex-deputee-europeenne.html\" rel=\"nofollow noopener\">une enqu\u00eate de<\/a><a title=\"Lien vers l&#039;article\" target=\"_blank\" href=\"https:\/\/www.nouvelobs.com\/politique\/20250604.OBS104614\/la-nouvelle-affaire-rachida-dati-revelations-sur-l-argent-cache-de-l-ex-deputee-europeenne.html\" rel=\"nofollow noopener\"> L\u2019Obs<\/a> et de Compl\u00e9ment d\u2019enqu\u00eate (France\u00a02) d\u2019apr\u00e8s laquelle Rachida Dati aurait per\u00e7u 299.000\u00a0\u20ac d&rsquo;\u00ab\u00a0honoraires\u00a0\u00bb non d\u00e9clar\u00e9s de GDF Suez en 2010-2011 quand elle \u00e9tait eurod\u00e9put\u00e9e et avocate. Une source judiciaire a indiqu\u00e9 que ce signalement de R\u00e9mi F\u00e9raud concernant GDF Suez avait \u00e9t\u00e9 \u00ab\u00a0adress\u00e9 par le parquet de Paris pour comp\u00e9tence\u00a0\u00bb au Parquet national financier (PNF) et \u00e9tait \u00ab\u00a0actuellement en cours d\u2019analyse\u00a0\u00bb. Interrog\u00e9s d\u00e9but juin \u00e0 ce sujet, ses avocats, Mes Olivier Baratelli et Pardo, avaient indiqu\u00e9 que \u00ab\u00a0Mme\u00a0Dati a donn\u00e9 toutes ses explications et n\u2019a jamais \u00e9t\u00e9 l\u2019avocate de GDF Suez\u00a0\u00bb.<\/p>\n","protected":false},"excerpt":{"rendered":"Ils concernent des bijoux, GDF Suez et un outrage \u00e0 magistrat. Des signalements visant la ministre de la&hellip;\n","protected":false},"author":2,"featured_media":290860,"comment_status":"","ping_status":"","sticky":false,"template":"","format":"standard","meta":{"footnotes":""},"categories":[1888],"tags":[328,11,1777,674,274,1011,27,329,12,626,316,25],"class_list":{"0":"post-290859","1":"post","2":"type-post","3":"status-publish","4":"format-standard","5":"has-post-thumbnail","7":"category-paris","8":"tag-a-la-une","9":"tag-actualites","10":"tag-eu","11":"tag-europe","12":"tag-faits-divers-justice","13":"tag-fr","14":"tag-france","15":"tag-france-monde","16":"tag-news","17":"tag-paris","18":"tag-politique","19":"tag-republique-francaise"},"share_on_mastodon":{"url":"https:\/\/pubeurope.com\/@fr\/114958066213078728","error":""},"_links":{"self":[{"href":"https:\/\/www.europesays.com\/fr\/wp-json\/wp\/v2\/posts\/290859","targetHints":{"allow":["GET"]}}],"collection":[{"href":"https:\/\/www.europesays.com\/fr\/wp-json\/wp\/v2\/posts"}],"about":[{"href":"https:\/\/www.europesays.com\/fr\/wp-json\/wp\/v2\/types\/post"}],"author":[{"embeddable":true,"href":"https:\/\/www.europesays.com\/fr\/wp-json\/wp\/v2\/users\/2"}],"replies":[{"embeddable":true,"href":"https:\/\/www.europesays.com\/fr\/wp-json\/wp\/v2\/comments?post=290859"}],"version-history":[{"count":0,"href":"https:\/\/www.europesays.com\/fr\/wp-json\/wp\/v2\/posts\/290859\/revisions"}],"wp:featuredmedia":[{"embeddable":true,"href":"https:\/\/www.europesays.com\/fr\/wp-json\/wp\/v2\/media\/290860"}],"wp:attachment":[{"href":"https:\/\/www.europesays.com\/fr\/wp-json\/wp\/v2\/media?parent=290859"}],"wp:term":[{"taxonomy":"category","embeddable":true,"href":"https:\/\/www.europesays.com\/fr\/wp-json\/wp\/v2\/categories?post=290859"},{"taxonomy":"post_tag","embeddable":true,"href":"https:\/\/www.europesays.com\/fr\/wp-json\/wp\/v2\/tags?post=290859"}],"curies":[{"name":"wp","href":"https:\/\/api.w.org\/{rel}","templated":true}]}}