{"id":290893,"date":"2025-08-02T08:05:14","date_gmt":"2025-08-02T08:05:14","guid":{"rendered":"https:\/\/www.europesays.com\/fr\/290893\/"},"modified":"2025-08-02T08:05:14","modified_gmt":"2025-08-02T08:05:14","slug":"le-profil-et-le-parcours-de-la-8e-etape-ce-samedi-2-aout","status":"publish","type":"post","link":"https:\/\/www.europesays.com\/fr\/290893\/","title":{"rendered":"Le profil et le parcours de la 8e \u00e9tape ce samedi 2 ao\u00fbt"},"content":{"rendered":"<p>\u00c0 la veille de l&rsquo;arriv\u00e9e de la Grande Boucle f\u00e9minine, la 8e \u00e9tape se d\u00e9roule entre Chamb\u00e9ry et le Col de la Madelaine. Sur 112,5 kilom\u00e8tres de course, les coureuses vont de jouer non seulement la victoire du jour mais peut-\u00eatre m\u00eame le Maillot Jaune. <\/p>\n<p>Avec ses 3 500 m\u00e8tres de d\u00e9nivel\u00e9 positif, l\u2019\u00e9tape du jour est sans conteste l\u2019\u00e9tape reine de cette \u00e9dition. Son arriv\u00e9e au sommet est pr\u00e9vue apr\u00e8s 18,6 kilom\u00e8tres d\u2019ascension \u00e0 8,1%. Le Tour devrait se jouer l\u00e0, si l&rsquo;on en croit les propos de la Fran\u00e7aise Pauline Ferrand-Pr\u00e9vot vendredi.<\/p>\n<p>\u00c0 quelle heure et sur quelle cha\u00eene voir la 8e \u00e9tape du Tour de France 2025<\/p>\n<p>L&rsquo;\u00e9tape entre Chamb\u00e9ry et le Col de la Madelaine sera diffus\u00e9 le samedi 2 ao\u00fbt, \u00e0 partir de 13h30, sur <a href=\"https:\/\/www.20minutes.fr\/television\/france_2\/\" class=\"color-ultramarine c-link\" target=\"_blank\" rel=\"noopener\">France 2<\/a> et <a href=\"https:\/\/www.20minutes.fr\/dossier\/eurosport\" class=\"color-ultramarine c-link\" target=\"_blank\" rel=\"noopener\">Eurosport<\/a>, en direct.<\/p>\n<p>Le profil de la 8e \u00e9tape du Tour de France 2025<img decoding=\"async\" alt=\"Le profil de la 8e \u00e9tape du Tour de France f\u00e9minin  2025.\" class=\"c-img\" loading=\"lazy\" fetchpriority=\"auto\" width=\"718\"  src=\"https:\/\/img.20mn.fr\/8JO5FgdsTI-BGKM1-RcFySk\/718x0\" \/>Le profil de la 8e \u00e9tape du Tour de France f\u00e9minin  2025.\u2002-\u00a0SOURCE LA FLAMME ROUGELe parcours de la 8e \u00e9tape du Tour de France Femmes 2025<img decoding=\"async\" alt=\"Le parcours de la 8e \u00e9tape du Tour de France f\u00e9minin 2025\" class=\"c-img\" loading=\"lazy\" fetchpriority=\"auto\" width=\"718\"  src=\"https:\/\/img.20mn.fr\/SPfb0oJRT9OCFQGqA7uTIyk\/718x0\" \/>Le parcours de la 8e \u00e9tape du Tour de France f\u00e9minin 2025\u2002-\u00a0SOURCE ASO<\/p>\n<p>D\u00e8s le d\u00e9part, le peloton devra anticiper l&rsquo;ascension du Col de Plainpalais (13,3 km \u00e0 6,3%). La premi\u00e8re \u00e9chapp\u00e9e devrait se former entre les meilleures grimpeuses. Puis il faudra bien n\u00e9gocier La Champre, et mettre le cap sur le Col de la Madelaine (18,6 kilom\u00e8tres \u00e0 8,1%). <\/p>\n<p>Selon la directrice du Tour de France f\u00e9minin, <a href=\"https:\/\/www.20minutes.fr\/sport\/marion-rousse\/\" class=\"color-ultramarine c-link\" target=\"_blank\" rel=\"noopener\">Marion Rousse<\/a>, cette \u00e9tape reine \u00ab n\u2019offrira aucun r\u00e9pit. Elle s\u2019attaquera d\u2019embl\u00e9e au massif des Bauges avec, d\u00e8s la sortie de <a href=\"https:\/\/www.20minutes.fr\/dossier\/chambery\" class=\"color-ultramarine c-link\" target=\"_blank\" rel=\"noopener\">Chamb\u00e9ry<\/a>, une premi\u00e8re grosse difficult\u00e9, le col de Plainpalais (13,2 km \u00e0 6,3 %). Par celui du Fr\u00eane, moins \u00e9prouvant, la course rejoindra la Maurienne pour affronter le plus dur versant de la Madeleine. Ses 18,6 km d\u2019une pente irr\u00e9guli\u00e8re (8,1 % de moyenne) et son rev\u00eatement rugueux permettront de creuser des \u00e9carts \u00bb.<\/p>\n<p>Les favorites de la 8e \u00e9tape du Tour de France f\u00e9minin 2025<\/p>\n<p>La Fran\u00e7aise Pauline Ferrand-Pr\u00e9vot sera \u00e9videmment encourag\u00e9e par les supporteurs au bord de la route. Et pour cause, la coureuse de Visma Lease a Bike (F) est 2e au classement g\u00e9n\u00e9ral, \u00e0 seulement 24 secondes du <a href=\"https:\/\/www.20minutes.fr\/dossier\/maillot_jaune\" class=\"color-ultramarine c-link\" target=\"_blank\" rel=\"noopener\">Maillot Jaune<\/a> de Kimberley Le Court. Elle devra tout de m\u00eame se m\u00e9fier des autres favorites, comme Katarzyna Niewiadoma et Demi Vollering. Pauliena Rooijakkers, Anna Van Der Breggen, Sarah Gigante et Liane Lippert auront aussi leur chance. Sans oublier Kimberley Le Court, qui voudra conserver sa prestigieuse tunique jaune.<\/p>\n<p>Le Top 10 avant la 8e \u00e9tape du Tour de France f\u00e9minin 2025<\/p>\n<ol>\n<li>1. Kimberley Pienaar Le Court &#8211; AG Insurance &#8211; Soudal (F) 22h28&rsquo;31\u00a0\u00bb<\/li>\n<li>Pauline Ferrand-Prevot &#8211; Visma Lease a Bike (F) \u00e0 0&rsquo;26\u00a0\u00bb<\/li>\n<li>Katarzyna Niewiadoma &#8211; Canyon \/\/ SRAM (F) \u00e0 0&rsquo;30\u00a0\u00bb<\/li>\n<li>Demi Vollering &#8211; FDJ Suez (F) \u00e0 0&rsquo;31\u00a0\u00bb<\/li>\n<li>Anna Van der Breggen &#8211; SD Worx &#8211; Protime (F) \u00e0 0&rsquo;35\u00a0\u00bb<\/li>\n<li>Pauliena Rooijakkers &#8211; Fenix-Deceuninck (F) \u00e0 1&rsquo;04\u00a0\u00bb<\/li>\n<li>C\u00e9drine Kerbaol &#8211; EF Education-Oatly (F) \u00e0 1&rsquo;09\u00a0\u00bb<\/li>\n<li>Sarah Gigante &#8211; AG Insurance &#8211; Soudal (F) \u00e0 1&rsquo;14\u00a0\u00bb<\/li>\n<li>Evita Muzic &#8211; FDJ Suez (F) \u00e0 1&rsquo;35\u00a0\u00bb<\/li>\n<li>Juliette Labous &#8211; FDJ <a href=\"https:\/\/www.20minutes.fr\/dossier\/suez\" class=\"color-ultramarine c-link\" target=\"_blank\" rel=\"noopener\">Suez<\/a> (F) \u00e0 1&rsquo;35\u00a0\u00bb<\/li>\n<\/ol>\n","protected":false},"excerpt":{"rendered":"\u00c0 la veille de l&rsquo;arriv\u00e9e de la Grande Boucle f\u00e9minine, la 8e \u00e9tape se d\u00e9roule entre Chamb\u00e9ry et&hellip;\n","protected":false},"author":2,"featured_media":290894,"comment_status":"","ping_status":"","sticky":false,"template":"","format":"standard","meta":{"footnotes":""},"categories":[1411],"tags":[1154,207,1011,27,8011,517,60,26588,208],"class_list":{"0":"post-290893","1":"post","2":"type-post","3":"status-publish","4":"format-standard","5":"has-post-thumbnail","7":"category-cyclisme","8":"tag-cycling","9":"tag-cyclisme","10":"tag-fr","11":"tag-france","12":"tag-pauline-ferrand-prevot","13":"tag-sport","14":"tag-sports","15":"tag-tour-de-france-feminin","16":"tag-velo"},"share_on_mastodon":{"url":"https:\/\/pubeurope.com\/@fr\/114958141195080386","error":""},"_links":{"self":[{"href":"https:\/\/www.europesays.com\/fr\/wp-json\/wp\/v2\/posts\/290893","targetHints":{"allow":["GET"]}}],"collection":[{"href":"https:\/\/www.europesays.com\/fr\/wp-json\/wp\/v2\/posts"}],"about":[{"href":"https:\/\/www.europesays.com\/fr\/wp-json\/wp\/v2\/types\/post"}],"author":[{"embeddable":true,"href":"https:\/\/www.europesays.com\/fr\/wp-json\/wp\/v2\/users\/2"}],"replies":[{"embeddable":true,"href":"https:\/\/www.europesays.com\/fr\/wp-json\/wp\/v2\/comments?post=290893"}],"version-history":[{"count":0,"href":"https:\/\/www.europesays.com\/fr\/wp-json\/wp\/v2\/posts\/290893\/revisions"}],"wp:featuredmedia":[{"embeddable":true,"href":"https:\/\/www.europesays.com\/fr\/wp-json\/wp\/v2\/media\/290894"}],"wp:attachment":[{"href":"https:\/\/www.europesays.com\/fr\/wp-json\/wp\/v2\/media?parent=290893"}],"wp:term":[{"taxonomy":"category","embeddable":true,"href":"https:\/\/www.europesays.com\/fr\/wp-json\/wp\/v2\/categories?post=290893"},{"taxonomy":"post_tag","embeddable":true,"href":"https:\/\/www.europesays.com\/fr\/wp-json\/wp\/v2\/tags?post=290893"}],"curies":[{"name":"wp","href":"https:\/\/api.w.org\/{rel}","templated":true}]}}