{"id":290914,"date":"2025-08-02T08:16:14","date_gmt":"2025-08-02T08:16:14","guid":{"rendered":"https:\/\/www.europesays.com\/fr\/290914\/"},"modified":"2025-08-02T08:16:14","modified_gmt":"2025-08-02T08:16:14","slug":"airtag-2-les-3-grosses-nouveautes-apple-qui-vont-tout-changer-pour-les-utilisateurs","status":"publish","type":"post","link":"https:\/\/www.europesays.com\/fr\/290914\/","title":{"rendered":"AirTag 2 : les 3 grosses nouveaut\u00e9s Apple qui vont tout changer pour les utilisateurs"},"content":{"rendered":"<p class=\"ed__a-p ed__bdy__l\">Apr\u00e8s quatre ann\u00e9es de loyaux services, l\u2019AirTag s\u2019appr\u00eate \u00e0 tirer sa r\u00e9v\u00e9rence pour une nouvelle g\u00e9n\u00e9ration <a href=\"https:\/\/www.lesnumeriques.com\/electromenager\/apple-airtag-2-leur-lancement-serait-imminent-avec-ces-trois-nouveautes-cles-n233451.html\" title=\"Apple AirTag\u00a02\u00a0: leur lancement serait imminent avec ces trois nouveaut\u00e9s cl\u00e9s\" rel=\"nofollow noopener\" target=\"_blank\">\u00e0 la rentr\u00e9e 2025<\/a>. Probablement nomm\u00e9 AirTag 2, ce mod\u00e8le arborerait plusieurs am\u00e9liorations notables, corrigeant ses lacunes tout en apportant de r\u00e9elles \u00e9volutions pour l\u2019exp\u00e9rience utilisateur. D\u2019apr\u00e8s les rumeurs, trois nouveaut\u00e9s majeures pourraient bien tout changer !<\/p>\n<p>Une connectivit\u00e9 am\u00e9lior\u00e9e pour localiser l\u2019AirTag 2 plus facilement<\/p>\n<p class=\"ed__a-p ed__bdy__l\">L\u2019\u00e9volution principale de l&rsquo;AirTag 2 prendrait place autour d\u2019un \u00e9l\u00e9ment central des traqueurs d\u2019objets : la connectivit\u00e9. Pour cela, Apple passerait \u00e0 une seconde g\u00e9n\u00e9ration de puce Ultra Wideband (UWB).<\/p>\n<p class=\"ed__a-p ed__bdy__l\">Gr\u00e2ce \u00e0 cette derni\u00e8re, la port\u00e9e de d\u00e9tection des AirTag atteindrait jusqu\u2019\u00e0 60 m\u00e8tres \u2014 contre 15 m\u00e8tres pour la premi\u00e8re g\u00e9n\u00e9ration. En bref : un objet perdu pourrait \u00eatre localis\u00e9 par les iPhone, Mac ou encore iPad dans un rayon beaucoup plus \u00e9tendu, renfor\u00e7ant ainsi les chances de le retrouver.<\/p>\n<p class=\"ed__a-p ed__bdy__l\">Autre am\u00e9lioration li\u00e9e \u00e0 cette \u00e9volution, l\u2019arriv\u00e9e d\u2019une fonction nomm\u00e9e \u201cPrecision Finding\u201d, soit\u00a0\u201c<a href=\"https:\/\/www.lesnumeriques.com\/accessoire-pour-smartphone\/airtag-2-apple-s-apprete-a-faire-sa-petite-revolution-en-2025-n230910.html\" title=\"AirTag\u00a02\u00a0: Apple s\u2019appr\u00eate \u00e0 faire sa petite r\u00e9volution en 2025\" rel=\"nofollow noopener\" target=\"_blank\">Recherche de pr\u00e9cision<\/a>\u201d en fran\u00e7ais, offrant des indications plus justes sur la direction \u00e0 suivre et la distance exacte pour retrouver son AirTag 2.<\/p>\n<p class=\"ed__a-p ed__bdy__l\">\u00c0 cela s\u2019ajouterait une connectivit\u00e9 Bluetooth am\u00e9lior\u00e9e gr\u00e2ce \u00e0 des optimisations li\u00e9es \u00e0 iOS 26, garantissant une connexion plus rapide, stable et fluide avec les appareils de la firme \u00e0 la pomme \u00e0 proximit\u00e9.<\/p>\n<p>Une autonomie repens\u00e9e : Apple am\u00e9liorerait la gestion de la batterie<\/p>\n<p class=\"ed__a-p ed__bdy__l\">Du c\u00f4t\u00e9 de l\u2019autonomie, Apple ne ferait pas tellement de gros changements. En effet, on resterait sur une pile CR2032. Pas de batterie int\u00e9gr\u00e9e donc, ce qui devrait donner une autonomie similaire \u00e0 l&rsquo;<a href=\"https:\/\/www.lesnumeriques.com\/accessoire-pour-smartphone\/apple-airtag-p63159\/test.html\" title=\"Apple AirTag, les \u00e9tourdis lui disent merci\" rel=\"nofollow noopener\" target=\"_blank\">AirTag premier du nom<\/a> : une ann\u00e9e.<\/p>\n<p>            Publicit\u00e9, votre contenu continue ci-dessous<\/p>\n<p>        Publicit\u00e9<\/p>\n<p class=\"ed__a-p ed__bdy__l\">Cependant, Apple mettrait \u00e0 jour la gestion de la batterie en int\u00e9grant un syst\u00e8me d\u2019alerte intelligent sur l\u2019AirTag 2. L\u2019objectif : avertir les utilisateurs bien plus t\u00f4t, et surtout \u00e0 plusieurs reprises. On aurait ainsi droit \u00e0 une notification lorsque le niveau d\u2019\u00e9nergie de la pile est faible, et une seconde quand il est tr\u00e8s faible.<\/p>\n<p class=\"ed__a-p ed__bdy__l\">Une solution qui pourrait tout changer pour les utilisateurs qui ont tendance \u00e0 ignorer l\u2019avertissement incitant \u00e0 changer la pile de l\u2019AirTag. Une n\u00e9gligence peut g\u00e9n\u00e9ralement mener \u00e0 la perte d\u00e9finitive de l\u2019objet auquel le traqueur connect\u00e9 \u00e9tait accroch\u00e9.<\/p>\n<p>Plus de s\u00e9curit\u00e9 et de confidentialit\u00e9 pour \u00e9viter les d\u00e9rives<\/p>\n<p class=\"ed__a-p ed__bdy__l\">Avec les d\u00e9rives de la premi\u00e8re g\u00e9n\u00e9ration d\u2019AirTag, <a href=\"https:\/\/www.lesnumeriques.com\/accessoire-pour-smartphone\/piste-par-un-apple-airtag-voici-comment-reagir-n210566.html\" title=\"Pist\u00e9 par un Apple AirTag\u00a0? Voici comment r\u00e9agir\u00a0!\" rel=\"nofollow noopener\" target=\"_blank\">notamment le suivi non consenti<\/a>, Apple aurait appris de ses erreurs en renfor\u00e7ant de fa\u00e7on significative ses m\u00e9canismes de protection.<\/p>\n<p class=\"ed__a-p ed__bdy__l\">Cela passerait tout d\u2019abord par l\u2019int\u00e9gration sur l\u2019AirTag 2 d\u2019un haut-parleur bien plus difficile \u00e0 d\u00e9sactiver \u2014 ce dernier \u00e9tant auparavant facilement retir\u00e9 par certaines personnes malintentionn\u00e9es pour rendre le dispositif ind\u00e9tectable.<\/p>\n<p class=\"ed__a-p ed__bdy__l\">En parall\u00e8le, un syst\u00e8me de notification plus rapide et plus pr\u00e9cis serait mis en place pour avertir une personne si un AirTag inconnu la suit. \u00c0 nouveau, le but serait de r\u00e9duire les cas de traque non consentie, ici en acc\u00e9l\u00e9rant la vitesse de d\u00e9tection.<\/p>\n<p class=\"ed__a-p ed__bdy__l\">Apple travaille \u00e9galement avec Google \u00e0 une norme commune de d\u00e9tection inter-appareils afin de renforcer l\u2019efficacit\u00e9 de ces alertes, m\u00eame sur Android. Le tout s\u2019inscrit dans la traditionnelle strat\u00e9gie de protection de la vie priv\u00e9e de la firme \u00e0 la pomme, fer de lance de longue date pour ses produits.<\/p>\n<p>            Publicit\u00e9, votre contenu continue ci-dessous<\/p>\n<p>        Publicit\u00e9<\/p>\n","protected":false},"excerpt":{"rendered":"Apr\u00e8s quatre ann\u00e9es de loyaux services, l\u2019AirTag s\u2019appr\u00eate \u00e0 tirer sa r\u00e9v\u00e9rence pour une nouvelle g\u00e9n\u00e9ration \u00e0 la&hellip;\n","protected":false},"author":2,"featured_media":290915,"comment_status":"","ping_status":"","sticky":false,"template":"","format":"standard","meta":{"footnotes":""},"categories":[7],"tags":[1011,27,43,40,41,39,42,44],"class_list":{"0":"post-290914","1":"post","2":"type-post","3":"status-publish","4":"format-standard","5":"has-post-thumbnail","7":"category-sciences-et-technologies","8":"tag-fr","9":"tag-france","10":"tag-science","11":"tag-science-and-technology","12":"tag-sciences","13":"tag-sciences-et-technologies","14":"tag-technologies","15":"tag-technology"},"share_on_mastodon":{"url":"https:\/\/pubeurope.com\/@fr\/114958188747475739","error":""},"_links":{"self":[{"href":"https:\/\/www.europesays.com\/fr\/wp-json\/wp\/v2\/posts\/290914","targetHints":{"allow":["GET"]}}],"collection":[{"href":"https:\/\/www.europesays.com\/fr\/wp-json\/wp\/v2\/posts"}],"about":[{"href":"https:\/\/www.europesays.com\/fr\/wp-json\/wp\/v2\/types\/post"}],"author":[{"embeddable":true,"href":"https:\/\/www.europesays.com\/fr\/wp-json\/wp\/v2\/users\/2"}],"replies":[{"embeddable":true,"href":"https:\/\/www.europesays.com\/fr\/wp-json\/wp\/v2\/comments?post=290914"}],"version-history":[{"count":0,"href":"https:\/\/www.europesays.com\/fr\/wp-json\/wp\/v2\/posts\/290914\/revisions"}],"wp:featuredmedia":[{"embeddable":true,"href":"https:\/\/www.europesays.com\/fr\/wp-json\/wp\/v2\/media\/290915"}],"wp:attachment":[{"href":"https:\/\/www.europesays.com\/fr\/wp-json\/wp\/v2\/media?parent=290914"}],"wp:term":[{"taxonomy":"category","embeddable":true,"href":"https:\/\/www.europesays.com\/fr\/wp-json\/wp\/v2\/categories?post=290914"},{"taxonomy":"post_tag","embeddable":true,"href":"https:\/\/www.europesays.com\/fr\/wp-json\/wp\/v2\/tags?post=290914"}],"curies":[{"name":"wp","href":"https:\/\/api.w.org\/{rel}","templated":true}]}}