{"id":290926,"date":"2025-08-02T08:24:23","date_gmt":"2025-08-02T08:24:23","guid":{"rendered":"https:\/\/www.europesays.com\/fr\/290926\/"},"modified":"2025-08-02T08:24:23","modified_gmt":"2025-08-02T08:24:23","slug":"la-degringolade-du-fabricant-de-machines-a-pizzas-api-tech-a-nancy-saga-familiale-thimonnier-usine-safran-dans-lain-les-cinq-articles-les-plus-lus-de-la-semaine","status":"publish","type":"post","link":"https:\/\/www.europesays.com\/fr\/290926\/","title":{"rendered":"La d\u00e9gringolade du fabricant de machines \u00e0 pizzas Api Tech \u00e0 Nancy, saga familiale Thimonnier, usine Safran dans l&rsquo;Ain&#8230; Les cinq articles les plus lus de la semaine"},"content":{"rendered":"<p>                                         &#13;<br \/>\n\t1 &#8211; A Nancy, l\u2019aventure industrielle des distributeurs de pizzas Api Tech se solde par la suppression de plus de 600 emplois<\/p>\n<p>&#13;<br \/>\n\tLa justice commerciale a sold\u00e9 le 28 juillet le dossier du fabricant de distributeurs automatiques de pizzas Api Tech (groupe Mentor) \u00e0 Nancy (Meurthe-et-Moselle). Son ex directeur-g\u00e9n\u00e9ral, Fr\u00e9d\u00e9ric Deprun, reprend les activit\u00e9s avec 39 salari\u00e9s, mais <a href=\"https:\/\/www.usinenouvelle.com\/article\/a-nancy-l-aventure-industrielle-des-distributeurs-de-pizzas-api-tech-se-solde-par-la-suppression-de-plus-de-600-emplois.N2235905\" target=\"_blank\" rel=\"nofollow noopener\">dans cette m\u00e9saventure industrielle ce sont plus de 600 emplois qui ont \u00e9t\u00e9 d\u00e9truits.<\/a><\/p>\n<p>&#13;<br \/>\n\t2 &#8211; Depuis cinq g\u00e9n\u00e9rations, la PME lyonnaise Thimonnier fabrique des machines aux usages uniques<\/p>\n<p>&#13;<br \/>\n\tTout l&rsquo;\u00e9t\u00e9, L&rsquo;Usine Nouvelle vous emm\u00e8ne pour un tour de France des success stories familiales dans l&rsquo;industrie. Dans l&rsquo;agglom\u00e9ration lyonnaise,dDepuis plus d&rsquo;un si\u00e8cle, <a href=\"https:\/\/www.usinenouvelle.com\/article\/made-in-france-depuis-cinq-generations-la-pme-lyonnaise-thimonnier-fabrique-des-machines-aux-usages-uniques.N2234793\" target=\"_blank\" rel=\"nofollow noopener\">Thimmonier invente des machines industrielles aux usages uniques.<\/a><\/p>\n<p>&#13;<br \/>\n\t3 &#8211; Safran a enfin choisi l&#8217;emplacement de son usine de freins carbone \u00e0 450 millions d&rsquo;euros&#8230; et c&rsquo;est une bonne nouvelle pour la France<\/p>\n<p>&#13;<br \/>\n\tApr\u00e8s une longue h\u00e9sitation et dans un contexte de forte concurrence internationale, <a title=\"Safran : Actualit\u00e9s du groupe mondial en a\u00e9rospacial, d\u00e9fense et s\u00e9curit\u00e9\" href=\"https:\/\/www.usinenouvelle.com\/safran\/\" rel=\"nofollow noopener\" target=\"\" class=\"lien-contextuel\">Safran<\/a> choisit finalement la France pour implanter sa nouvelle usine de freins carbone, <a href=\"https:\/\/www.usinenouvelle.com\/article\/safran-a-enfin-choisi-l-emplacement-de-son-usine-de-freins-carbone-a-450-millions-d-euros-et-c-est-une-bonne-nouvelle-pour-la-france.N2235974\" target=\"_blank\" rel=\"nofollow noopener\">un investissement de plus de 450 millions d\u2019euros en Auvergne-Rh\u00f4ne-Alpes<\/a>. Ce choix \u00e9tait loin d\u2019\u00eatre acquis d\u2019avance. L\u2019annonce intervient alors que le groupe publie des r\u00e9sultats semestriels solides et rel\u00e8ve ses pr\u00e9visions pour 2025.<\/p>\n<p>&#13;<br \/>\n\t4 &#8211; 18 \u00c9tats membres, dont la France, int\u00e9ress\u00e9s par le programme d&rsquo;achat en commun d&rsquo;armes \u00ab\u00a0Safe\u00a0\u00bb<\/p>\n<p>&#13;<br \/>\n\tLe programme d&rsquo;achat en commun de mat\u00e9riel militaire entre pays europ\u00e9ens suscite de l&rsquo;int\u00e9r\u00eat des Etats membres. <a href=\"https:\/\/www.usinenouvelle.com\/article\/armement-dix-huit-etats-membres-dont-la-france-interesses-par-le-programme-d-achat-en-commun-safe.N2235945\" target=\"_blank\" rel=\"nofollow noopener\">La Commission europ\u00e9enne se pr\u00e9pare \u00e0 lever des fonds sur les march\u00e9s.<\/a><\/p>\n<p>&#13;<br \/>\n\t5 &#8211; En 2026, apr\u00e8s l&rsquo;arr\u00eat de Douvrin, Tr\u00e9mery deviendra l\u2019unique usine de moteurs de Stellantis en France<\/p>\n<p>&#13;<br \/>\n\tAvec l\u2019arr\u00eat programm\u00e9 de la production de moteurs diesel et essence dans l&rsquo;usine \u00ab\u00a0Fran\u00e7aise de M\u00e9canique\u00a0\u00bb \u00e0 Douvrin (Pas-de-Calais), <a href=\"https:\/\/www.usinenouvelle.com\/article\/en-2026-apres-l-arret-de-douvrin-tremery-deviendra-l-unique-usine-de-moteurs-de-stellantis-en-france.N2235784\" target=\"_blank\" rel=\"nofollow noopener\">l\u2019usine de Tr\u00e9mery (Moselle) sera la derni\u00e8re de Stellantis \u00e0 assembler des moteurs thermiques dans l\u2019Hexagone<\/a>. Mais le site est d\u00e9j\u00e0 pr\u00eat pour embrasser l\u2019\u00e8re de l\u2019\u00e9lectrique.<\/p>\n<p class=\"editoTitleType1 editoTitleType1--lagoon is-uppercase\">S\u00e9lectionn\u00e9 <b>pour vous<\/b><\/p>\n<p>                                                                            <a class=\"editoCardType21__link editoCardType21__containerImage\" href=\"https:\/\/www.usinenouvelle.com\/article\/abivax-s-envole-en-bourse-stellantis-vise-par-une-action-de-groupe-le-top-flop-de-la-semaine.N2235792\" data-xiti-name=\"2235792\" rel=\"nofollow noopener\" target=\"_blank\"><\/p>\n<p>                                                                                                                                                    <img decoding=\"async\" src=\"data:image\/gif;base64,R0lGODdhAQABAPAAAMPDwwAAACwAAAAAAQABAAACAkQBADs=\" data-original=\"\/mediatheque\/7\/4\/1\/001080147_256x170_c.jpg\" alt=\"Abivax s'envole en Bourse, Stellantis vis\u00e9 par une action de groupe : le Top\/Flop de la semaine\"\/><\/p>\n<p>                            <\/a><\/p>\n","protected":false},"excerpt":{"rendered":"&#13; 1 &#8211; A Nancy, l\u2019aventure industrielle des distributeurs de pizzas Api Tech se solde par la suppression&hellip;\n","protected":false},"author":2,"featured_media":290927,"comment_status":"","ping_status":"","sticky":false,"template":"","format":"standard","meta":{"footnotes":""},"categories":[9635],"tags":[1111,11,1777,674,43020,1011,27,775,43019,1702,12,25],"class_list":{"0":"post-290926","1":"post","2":"type-post","3":"status-publish","4":"format-standard","5":"has-post-thumbnail","7":"category-nancy","8":"tag-actu","9":"tag-actualites","10":"tag-eu","11":"tag-europe","12":"tag-evenement-de-la-semain","13":"tag-fr","14":"tag-france","15":"tag-grand-est","16":"tag-le-bilan-de-la-semaine","17":"tag-nancy","18":"tag-news","19":"tag-republique-francaise"},"share_on_mastodon":{"url":"https:\/\/pubeurope.com\/@fr\/114958215635715336","error":""},"_links":{"self":[{"href":"https:\/\/www.europesays.com\/fr\/wp-json\/wp\/v2\/posts\/290926","targetHints":{"allow":["GET"]}}],"collection":[{"href":"https:\/\/www.europesays.com\/fr\/wp-json\/wp\/v2\/posts"}],"about":[{"href":"https:\/\/www.europesays.com\/fr\/wp-json\/wp\/v2\/types\/post"}],"author":[{"embeddable":true,"href":"https:\/\/www.europesays.com\/fr\/wp-json\/wp\/v2\/users\/2"}],"replies":[{"embeddable":true,"href":"https:\/\/www.europesays.com\/fr\/wp-json\/wp\/v2\/comments?post=290926"}],"version-history":[{"count":0,"href":"https:\/\/www.europesays.com\/fr\/wp-json\/wp\/v2\/posts\/290926\/revisions"}],"wp:featuredmedia":[{"embeddable":true,"href":"https:\/\/www.europesays.com\/fr\/wp-json\/wp\/v2\/media\/290927"}],"wp:attachment":[{"href":"https:\/\/www.europesays.com\/fr\/wp-json\/wp\/v2\/media?parent=290926"}],"wp:term":[{"taxonomy":"category","embeddable":true,"href":"https:\/\/www.europesays.com\/fr\/wp-json\/wp\/v2\/categories?post=290926"},{"taxonomy":"post_tag","embeddable":true,"href":"https:\/\/www.europesays.com\/fr\/wp-json\/wp\/v2\/tags?post=290926"}],"curies":[{"name":"wp","href":"https:\/\/api.w.org\/{rel}","templated":true}]}}