{"id":290969,"date":"2025-08-02T08:51:12","date_gmt":"2025-08-02T08:51:12","guid":{"rendered":"https:\/\/www.europesays.com\/fr\/290969\/"},"modified":"2025-08-02T08:51:12","modified_gmt":"2025-08-02T08:51:12","slug":"la-dissolution-du-collectif-dultradroite-les-remparts-et-de-la-traboule-confirmee-par-le-conseil-detat","status":"publish","type":"post","link":"https:\/\/www.europesays.com\/fr\/290969\/","title":{"rendered":"la dissolution du collectif d&rsquo;ultradroite Les Remparts et de la Traboule confirm\u00e9e par le Conseil d&rsquo;Etat"},"content":{"rendered":"<p itemprop=\"description\"><strong>La Traboule n&rsquo;aura pas le droit de rouvrir.<\/strong><\/p>\n<p>Le bar associatif du Vieux-Lyon, repaire de l&rsquo;ultradroite, tout comme le collectif Les Remparts et l&rsquo;association Top Sport Rh\u00f4ne, avaient \u00e9t\u00e9 dissous en juin 2024 sur proposition du ministre de l&rsquo;Int\u00e9rieur de l&rsquo;\u00e9poque, G\u00e9rald Darmanin.<\/p>\n<p>La d\u00e9cision vient d&rsquo;\u00eatre confirm\u00e9e par le Conseil d&rsquo;Etat. Ce dernier avait \u00e9t\u00e9 saisi par un recours des membres des Remparts, fustigeant une \u00ab\u00a0d\u00e9cision arbitraire\u00a0\u00bb du gouvernement.<\/p>\n<p><a href=\"https:\/\/www.conseil-etat.fr\/fr\/arianeweb\/CE\/decision\/2025-07-31\/497252\" target=\"_blank\" rel=\"noopener nofollow\">Dans sa d\u00e9cision du 31 juillet que nous avons pu lire<\/a>, le Conseil d&rsquo;Etat a rejet\u00e9 les points soulev\u00e9s par les Remparts.<\/p>\n<p>\u00ab\u00a0Eu \u00e9gard \u00e0 la teneur, \u00e0 la gravit\u00e9 et \u00e0 la r\u00e9currence des agissements mentionn\u00e9s aux point pr\u00e9c\u00e9dents, la mesure de dissolution prise \u00e0 l&rsquo;\u00e9gard des \u00ab\u00a0Remparts\u00a0\u00bb, de \u00ab\u00a0La Traboule\u00a0\u00bb et de \u00ab\u00a0Top Sport Rh\u00f4ne\u00a0\u00bb ne peut \u00eatre regard\u00e9e, en l&rsquo;esp\u00e8ce, comme d\u00e9pourvue de caract\u00e8re n\u00e9cessaire, ni comme pr\u00e9sentant un caract\u00e8re disproportionn\u00e9 au regard des risques de troubles \u00e0 l&rsquo;ordre public r\u00e9sultant de ces agissements\u00a0\u00bb, conclut ainsi la plus haute juridiction de l&rsquo;ordre administratif.<\/p>\n<p>Une d\u00e9cision que salue l&rsquo;ancien d\u00e9put\u00e9 et ex-maire du 5e arrondissement de Lyon <a href=\"https:\/\/www.lyonmag.com\/profil-personnalite-lyonnaise\/14\/thomas-rudigoz\" target=\"_blank\" rel=\"noopener nofollow\">Thomas Rudigoz<\/a>, estimant qu&rsquo;elle \u00ab\u00a0montre que la haine, le racisme et les appels \u00e0 la violence n\u2019ont pas leur place dans notre R\u00e9publique\u00a0\u00bb.<\/p>\n<p>Depuis la dissolution des Remparts et la fermeture de la Traboule, Beauvau, cette fois sous l&rsquo;\u00e9gide de Bruno Retailleau, s&rsquo;est attaqu\u00e9 \u00e0 Lyon Populaire, dissous en juin dernier en m\u00eame temps que le collectif d&rsquo;ultragauche La Jeune Garde.<\/p>\n<p>Si Lyon Populaire n&rsquo;existe plus, ses membres ont rapidement trouv\u00e9 un nouveau nom et agissent d\u00e9sormais sous celui d&rsquo;Audace Lyon.<\/p>\n","protected":false},"excerpt":{"rendered":"La Traboule n&rsquo;aura pas le droit de rouvrir. Le bar associatif du Vieux-Lyon, repaire de l&rsquo;ultradroite, tout comme&hellip;\n","protected":false},"author":2,"featured_media":290970,"comment_status":"","ping_status":"","sticky":false,"template":"","format":"standard","meta":{"footnotes":""},"categories":[1889],"tags":[1111,11,2813,2190,2430,1109,251,1112,2811,1777,674,118,1011,27,1922,1110,1114,2428,2810,12,241,316,25,2812,517,800],"class_list":{"0":"post-290969","1":"post","2":"type-post","3":"status-publish","4":"format-standard","5":"has-post-thumbnail","7":"category-lyon","8":"tag-actu","9":"tag-actualites","10":"tag-article","11":"tag-asvel","12":"tag-auvergne-rhone-alpes","13":"tag-breves","14":"tag-culture","15":"tag-depeches","16":"tag-economique","17":"tag-eu","18":"tag-europe","19":"tag-faits-divers","20":"tag-fr","21":"tag-france","22":"tag-info","23":"tag-informations","24":"tag-infos","25":"tag-lyon","26":"tag-lyonmag","27":"tag-news","28":"tag-ol","29":"tag-politique","30":"tag-republique-francaise","31":"tag-sociale","32":"tag-sport","33":"tag-transports"},"share_on_mastodon":{"url":"https:\/\/pubeurope.com\/@fr\/114958321910255462","error":""},"_links":{"self":[{"href":"https:\/\/www.europesays.com\/fr\/wp-json\/wp\/v2\/posts\/290969","targetHints":{"allow":["GET"]}}],"collection":[{"href":"https:\/\/www.europesays.com\/fr\/wp-json\/wp\/v2\/posts"}],"about":[{"href":"https:\/\/www.europesays.com\/fr\/wp-json\/wp\/v2\/types\/post"}],"author":[{"embeddable":true,"href":"https:\/\/www.europesays.com\/fr\/wp-json\/wp\/v2\/users\/2"}],"replies":[{"embeddable":true,"href":"https:\/\/www.europesays.com\/fr\/wp-json\/wp\/v2\/comments?post=290969"}],"version-history":[{"count":0,"href":"https:\/\/www.europesays.com\/fr\/wp-json\/wp\/v2\/posts\/290969\/revisions"}],"wp:featuredmedia":[{"embeddable":true,"href":"https:\/\/www.europesays.com\/fr\/wp-json\/wp\/v2\/media\/290970"}],"wp:attachment":[{"href":"https:\/\/www.europesays.com\/fr\/wp-json\/wp\/v2\/media?parent=290969"}],"wp:term":[{"taxonomy":"category","embeddable":true,"href":"https:\/\/www.europesays.com\/fr\/wp-json\/wp\/v2\/categories?post=290969"},{"taxonomy":"post_tag","embeddable":true,"href":"https:\/\/www.europesays.com\/fr\/wp-json\/wp\/v2\/tags?post=290969"}],"curies":[{"name":"wp","href":"https:\/\/api.w.org\/{rel}","templated":true}]}}