{"id":290990,"date":"2025-08-02T09:02:16","date_gmt":"2025-08-02T09:02:16","guid":{"rendered":"https:\/\/www.europesays.com\/fr\/290990\/"},"modified":"2025-08-02T09:02:16","modified_gmt":"2025-08-02T09:02:16","slug":"escalade-nucleaire-lallemagne-et-leurope-se-transforment-en-4e-reich-simple-petage-de-plomb-du-ministre-des-affaires-etrangeres-russes-ou-sinistre-avertissement","status":"publish","type":"post","link":"https:\/\/www.europesays.com\/fr\/290990\/","title":{"rendered":"Escalade nucl\u00e9aire : \u201cL\u2019Allemagne et l\u2019Europe se transforment en 4e Reich\u201d, simple p\u00e9tage de plomb du ministre des affaires \u00e9trang\u00e8res russes ou sinistre avertissement d\u2019un projet de guerre contre l\u2019Europe ?"},"content":{"rendered":"<p><strong>Viatcheslav Avioutskii<\/strong> est sp\u00e9cialiste des relations internationales et de la strat\u00e9gie des affaires internationales.\u00a0Ses domaines d\u2019expertise s\u2019orientent principalement vers l\u2019Europe centrale et l\u2019Europe de l\u2019Est, plus pr\u00e9cis\u00e9ment la Russie et l\u2019Ukraine.\u00a0<\/p>\n<p>En mati\u00e8re de recherche, ses centres d\u2019int\u00e9r\u00eat vont aux facteurs de l\u2019investissement direct \u00e0 l\u2019\u00e9tranger, aux regroupements r\u00e9gionaux en mati\u00e8re d\u2019innovation et de gouvernance institutionnelle.\u00a0<\/p>\n<p>En tant que professeur, Viatcheslav Avioutskii enseigne l\u2019environnement international des affaires et son impact sur la prise de d\u00e9cision des entreprises multinationales qui op\u00e8rent dans le contexte hautement instable des pays \u00e9mergents ou en transition.\u00a0<\/p>\n<p>Il dispose d\u2019un double doctorat, l\u2019un en g\u00e9ographie (g\u00e9opolitique) obtenu \u00e0 l\u2019Universit\u00e9 Paris 8 en 2003, \u00a0l\u2019autre en Business soutenu \u00e0 l\u2019Universit\u00e9 Lyon 3 en 2012. Il est \u00e9galement habilit\u00e9 \u00e0 diriger des recherches (HDR 2017).<\/p>\n<p><a href=\"https:\/\/atlantico.fr\/author\/viatcheslav-avioutskii-1501479\" class=\"\" rel=\"nofollow noopener\" target=\"_blank\"> Voir la bio \u00bb <\/a><\/p>\n","protected":false},"excerpt":{"rendered":"Viatcheslav Avioutskii est sp\u00e9cialiste des relations internationales et de la strat\u00e9gie des affaires internationales.\u00a0Ses domaines d\u2019expertise s\u2019orientent principalement&hellip;\n","protected":false},"author":2,"featured_media":290991,"comment_status":"","ping_status":"","sticky":false,"template":"","format":"standard","meta":{"footnotes":""},"categories":[1587],"tags":[11,672,1804,43023,1805,1803,75,73,1777,674,1801,43022,12,1802,132,15169,220,364,135],"class_list":{"0":"post-290990","1":"post","2":"type-post","3":"status-publish","4":"format-standard","5":"has-post-thumbnail","7":"category-allemagne","8":"tag-actualites","9":"tag-allemagne","10":"tag-bundesrepublik-deutschland","11":"tag-conflits-armes","12":"tag-de","13":"tag-deutschland","14":"tag-donald-trump","15":"tag-etats-unis","16":"tag-eu","17":"tag-europe","18":"tag-germany","19":"tag-menace-nucleaire","20":"tag-news","21":"tag-republique-federale-dallemagne","22":"tag-russie","23":"tag-sous-marins","24":"tag-ukraine","25":"tag-union-europeenne","26":"tag-vladimir-poutine"},"share_on_mastodon":{"url":"https:\/\/pubeurope.com\/@fr\/114958365053663619","error":""},"_links":{"self":[{"href":"https:\/\/www.europesays.com\/fr\/wp-json\/wp\/v2\/posts\/290990","targetHints":{"allow":["GET"]}}],"collection":[{"href":"https:\/\/www.europesays.com\/fr\/wp-json\/wp\/v2\/posts"}],"about":[{"href":"https:\/\/www.europesays.com\/fr\/wp-json\/wp\/v2\/types\/post"}],"author":[{"embeddable":true,"href":"https:\/\/www.europesays.com\/fr\/wp-json\/wp\/v2\/users\/2"}],"replies":[{"embeddable":true,"href":"https:\/\/www.europesays.com\/fr\/wp-json\/wp\/v2\/comments?post=290990"}],"version-history":[{"count":0,"href":"https:\/\/www.europesays.com\/fr\/wp-json\/wp\/v2\/posts\/290990\/revisions"}],"wp:featuredmedia":[{"embeddable":true,"href":"https:\/\/www.europesays.com\/fr\/wp-json\/wp\/v2\/media\/290991"}],"wp:attachment":[{"href":"https:\/\/www.europesays.com\/fr\/wp-json\/wp\/v2\/media?parent=290990"}],"wp:term":[{"taxonomy":"category","embeddable":true,"href":"https:\/\/www.europesays.com\/fr\/wp-json\/wp\/v2\/categories?post=290990"},{"taxonomy":"post_tag","embeddable":true,"href":"https:\/\/www.europesays.com\/fr\/wp-json\/wp\/v2\/tags?post=290990"}],"curies":[{"name":"wp","href":"https:\/\/api.w.org\/{rel}","templated":true}]}}